{"id":31905,"date":"2019-06-28T01:09:44","date_gmt":"2019-06-28T06:09:44","guid":{"rendered":"https:\/\/www.porlalibreedomex.com\/?p=31905"},"modified":"2019-06-28T01:37:50","modified_gmt":"2019-06-28T06:37:50","slug":"alfredo-barrera-rector-de-la-uaem-reduce-21-por-ciento-su-salario","status":"publish","type":"post","link":"https:\/\/www.porlalibreedomex.com\/?p=31905","title":{"rendered":"Alfredo Barrera, Rector de la UAEM, reduce 21 por ciento su salario\u00a0"},"content":{"rendered":"<p>&nbsp;<\/p>\n<ul>\n<li><em>El m\u00e1ximo \u00f3rgano de gobierno de la UAEM aprob\u00f3 la iniciativa del rector para reducir su sueldo y el de los titulares del gabinete universitario, en correspondencia con la Ley Federal de Remuneraciones de los Servidores P\u00fablicos.<\/em><\/li>\n<li><em>Se aprob\u00f3 por primera vez en la instituci\u00f3n, el Manual de Remuneraciones de los Servidores Universitarios 2019.<\/em><\/li>\n<\/ul>\n<p><strong>\u00a0<\/strong><\/p>\n<p><strong>Toluca, M\u00e9xico, 27 de junio de 2019.<\/strong> Por unanimidad, el H. Consejo Universitario de la Universidad Aut\u00f3noma del Estado de M\u00e9xico aprob\u00f3 la iniciativa del rector Alfredo Barrera Baca para <strong>reducir 21 por ciento su sueldo, de 128 mil a 100 mil 500 pesos mensuales netos<\/strong>, y el de los titulares del gabinete universitario, en correspondencia con la Ley Federal de Remuneraciones de los Servidores P\u00fablicos, que establece que nadie puede ganar m\u00e1s que el presidente de M\u00e9xico.<\/p>\n<p>Durante la sesi\u00f3n ordinaria correspondiente al mes de junio del m\u00e1ximo \u00f3rgano de gobierno de la UAEM, donde se aprob\u00f3 por primera vez en la instituci\u00f3n, el Manual de Remuneraciones de los Servidores Universitarios 2019, Barrera Baca indic\u00f3 que el ajuste de topes m\u00e1ximos del tabulador salarial para los mandos de primer nivel responde al anexo de ejecuci\u00f3n del Convenio de Apoyo Financiero de Recursos P\u00fablicos Federales.<\/p>\n<p>Asimismo, puntualiz\u00f3, es resultado de los Lineamientos para el Ahorro y Fortalecimiento Financiero, aprobados recientemente por el m\u00e1ximo \u00f3rgano colegiado de la UAEM para el ahorro y contenci\u00f3n de gastos, en cumplimiento a las observaciones realizadas por las auditor\u00edas externas a esta casa de estudios.<a href=\"https:\/\/www.porlalibreedomex.com\/wp-content\/uploads\/2019\/06\/WhatsApp-Image-2019-06-27-at-5.30.27-PM-1.jpeg\"><img loading=\"lazy\" decoding=\"async\" class=\"aligncenter size-large wp-image-31907\" src=\"https:\/\/www.porlalibreedomex.com\/wp-content\/uploads\/2019\/06\/WhatsApp-Image-2019-06-27-at-5.30.27-PM-1-1024x682.jpeg\" alt=\"\" width=\"800\" height=\"533\" srcset=\"https:\/\/www.porlalibreedomex.com\/wp-content\/uploads\/2019\/06\/WhatsApp-Image-2019-06-27-at-5.30.27-PM-1-1024x682.jpeg 1024w, https:\/\/www.porlalibreedomex.com\/wp-content\/uploads\/2019\/06\/WhatsApp-Image-2019-06-27-at-5.30.27-PM-1-300x200.jpeg 300w, https:\/\/www.porlalibreedomex.com\/wp-content\/uploads\/2019\/06\/WhatsApp-Image-2019-06-27-at-5.30.27-PM-1-768x512.jpeg 768w, https:\/\/www.porlalibreedomex.com\/wp-content\/uploads\/2019\/06\/WhatsApp-Image-2019-06-27-at-5.30.27-PM-1.jpeg 1280w\" sizes=\"auto, (max-width: 800px) 100vw, 800px\" \/><\/a><\/p>\n<p>En su oportunidad, el secretario de Finanzas de la UAEM, Javier Gonz\u00e1lez Mart\u00ednez, explic\u00f3 que esta actualizaci\u00f3n acota la brecha salarial existente entre los mandos superiores y los universitarios que perciben menores salarios, pues para este \u00faltimo sector no se contempla la p\u00e9rdida de prestaciones adquiridas en los contratos colectivos de trabajo. \u201cNo se afectan los derechos laborales adquiridos de acad\u00e9micos y trabajadores administrativos sindicalizados\u201d.<\/p>\n<p>Al respecto, el consejero alumno de la Facultad de Derecho, Eliot Fernando Cruz D\u00edaz, asever\u00f3 que el Manual de Remuneraciones de los Servidores Universitarios 2019 establece un rango de retribuciones para mantener un equilibrio salarial entre mandos directivos y mandos medios, en concordancia con el Plan Rector de Desarrollo Institucional de la UAEM.<\/p>\n<p>&nbsp;<\/p>\n<p>&nbsp;<\/p>\n","protected":false},"excerpt":{"rendered":"<p>&nbsp; El m\u00e1ximo \u00f3rgano de gobierno de la UAEM aprob\u00f3 la iniciativa del rector para reducir su sueldo y el de los titulares del gabinete universitario, en correspondencia con la Ley Federal de Remuneraciones de los Servidores P\u00fablicos. Se aprob\u00f3 por primera vez en la instituci\u00f3n, el Manual de Remuneraciones de los Servidores Universitarios 2019. [&hellip;]<\/p>\n","protected":false},"author":3,"featured_media":31906,"comment_status":"open","ping_status":"open","sticky":false,"template":"","format":"standard","meta":{"footnotes":""},"categories":[9146,16,9150],"tags":[14627,14629,14628],"class_list":{"0":"post-31905","1":"post","2":"type-post","3":"status-publish","4":"format-standard","5":"has-post-thumbnail","7":"category-economia","8":"category-foto","9":"category-politica","10":"tag-rector-alfredo-barrerra-baca","11":"tag-rector-de-la-uaem-salario","12":"tag-rector-reduce-su-salario"},"wps_subtitle":"","_links":{"self":[{"href":"https:\/\/www.porlalibreedomex.com\/index.php?rest_route=\/wp\/v2\/posts\/31905","targetHints":{"allow":["GET"]}}],"collection":[{"href":"https:\/\/www.porlalibreedomex.com\/index.php?rest_route=\/wp\/v2\/posts"}],"about":[{"href":"https:\/\/www.porlalibreedomex.com\/index.php?rest_route=\/wp\/v2\/types\/post"}],"author":[{"embeddable":true,"href":"https:\/\/www.porlalibreedomex.com\/index.php?rest_route=\/wp\/v2\/users\/3"}],"replies":[{"embeddable":true,"href":"https:\/\/www.porlalibreedomex.com\/index.php?rest_route=%2Fwp%2Fv2%2Fcomments&post=31905"}],"version-history":[{"count":1,"href":"https:\/\/www.porlalibreedomex.com\/index.php?rest_route=\/wp\/v2\/posts\/31905\/revisions"}],"predecessor-version":[{"id":31908,"href":"https:\/\/www.porlalibreedomex.com\/index.php?rest_route=\/wp\/v2\/posts\/31905\/revisions\/31908"}],"wp:featuredmedia":[{"embeddable":true,"href":"https:\/\/www.porlalibreedomex.com\/index.php?rest_route=\/wp\/v2\/media\/31906"}],"wp:attachment":[{"href":"https:\/\/www.porlalibreedomex.com\/index.php?rest_route=%2Fwp%2Fv2%2Fmedia&parent=31905"}],"wp:term":[{"taxonomy":"category","embeddable":true,"href":"https:\/\/www.porlalibreedomex.com\/index.php?rest_route=%2Fwp%2Fv2%2Fcategories&post=31905"},{"taxonomy":"post_tag","embeddable":true,"href":"https:\/\/www.porlalibreedomex.com\/index.php?rest_route=%2Fwp%2Fv2%2Ftags&post=31905"}],"curies":[{"name":"wp","href":"https:\/\/api.w.org\/{rel}","templated":true}]}}