{"id":31574,"date":"2019-06-14T17:41:47","date_gmt":"2019-06-14T22:41:47","guid":{"rendered":"https:\/\/www.porlalibreedomex.com\/?p=31574"},"modified":"2019-06-15T17:42:05","modified_gmt":"2019-06-15T22:42:05","slug":"contribuye-uaem-en-la-conformacion-del-plan-nacional-de-desarrollo","status":"publish","type":"post","link":"https:\/\/www.porlalibreedomex.com\/?p=31574","title":{"rendered":"Contribuye UAEM en la conformaci\u00f3n del Plan Nacional de Desarrollo"},"content":{"rendered":"<p class=\"m_4496155502053267755ydp1fa49972MsoNormal\" align=\"center\"><b><span lang=\"ES\">\u00a0<\/span><\/b><\/p>\n<ul>\n<li class=\"m_4496155502053267755ydp1fa49972MsoListParagraph\"><i><span lang=\"ES-TRAD\">En el Centro Universitario UAEM Ecatepec, el rector Alfredo Barrera Baca encabez\u00f3 la inauguraci\u00f3n\u00a0<\/span><\/i><i><span lang=\"ES\">del Foro Regional de Ciencia, Tecnolog\u00eda e Innovaci\u00f3n, marco en el que se realizaron trabajos para generar una nueva Ley General de Ciencia, Tecnolog\u00eda e Innovaci\u00f3n en M\u00e9xico.<\/span><\/i><\/li>\n<\/ul>\n<p class=\"m_4496155502053267755ydp1fa49972MsoNormal\"><b><span lang=\"ES-MX\">\u00a0<\/span><\/b><\/p>\n<p class=\"m_4496155502053267755ydp1fa49972MsoNormal\"><b><span lang=\"ES-MX\">Ecatepec, M\u00e9xico, 14 de junio de 2019.<\/span><\/b><span lang=\"ES-MX\">\u00a0<\/span><span lang=\"ES\">La Universidad Aut\u00f3noma del Estado de M\u00e9xico fue sede del Foro Regional de Ciencia, Tecnolog\u00eda e Innovaci\u00f3n sobre el Plan Nacional de Desarrollo, marco en el cual se realizaron trabajos para generar una nueva Ley General de Ciencia, Tecnolog\u00eda e Innovaci\u00f3n en M\u00e9xico.<\/span><\/p>\n<p class=\"m_4496155502053267755ydp1fa49972MsoNormal\"><span lang=\"ES\">Durante la ceremonia de inauguraci\u00f3n de este evento, el rector de la UAEM, Alfredo Barrera Baca, subray\u00f3 la necesidad de contar con una ley que aliente una ciencia incluyente y participativa. \u201cDebemos aspirar a una ley vanguardista que otorgue a la ciencia un papel protag\u00f3nico en el desarrollo del pa\u00eds y evite rezagos econ\u00f3micos y sociales\u201d.<a href=\"https:\/\/www.porlalibreedomex.com\/wp-content\/uploads\/2019\/06\/Comun-0420-8.jpg\"><img loading=\"lazy\" decoding=\"async\" class=\"aligncenter size-large wp-image-31575\" src=\"https:\/\/www.porlalibreedomex.com\/wp-content\/uploads\/2019\/06\/Comun-0420-8-1024x683.jpg\" alt=\"\" width=\"800\" height=\"534\" srcset=\"https:\/\/www.porlalibreedomex.com\/wp-content\/uploads\/2019\/06\/Comun-0420-8-1024x683.jpg 1024w, https:\/\/www.porlalibreedomex.com\/wp-content\/uploads\/2019\/06\/Comun-0420-8-300x200.jpg 300w, https:\/\/www.porlalibreedomex.com\/wp-content\/uploads\/2019\/06\/Comun-0420-8-768x512.jpg 768w\" sizes=\"auto, (max-width: 800px) 100vw, 800px\" \/><\/a><\/span><\/p>\n<p class=\"m_4496155502053267755ydp1fa49972MsoNormal\"><span lang=\"ES\">En el Centro Universitario UAEM Ecatepec, indic\u00f3 que la nueva ley debe ser plataforma del crecimiento ordenado, donde la sustentabilidad y el respeto por la naturaleza sean los valores que rijan el bienestar social.<\/span><\/p>\n<p class=\"m_4496155502053267755ydp1fa49972MsoNormal\"><span lang=\"ES\">Ante el director del campus Zacatenco del Instituto Polit\u00e9cnico Nacional, Hugo Quintana Espinosa, y el director de este espacio universitario, Marco Antonio Villeda Esquivel, destac\u00f3 la participaron en este foro de especialistas de los estados de M\u00e9xico, Hidalgo, Puebla, Tlaxcala, Guerrero y Morelos, as\u00ed como la Ciudad de M\u00e9xico.<\/span><\/p>\n<p class=\"m_4496155502053267755ydp1fa49972MsoNormal\"><span lang=\"ES\">El rector precis\u00f3 que el foro se dividi\u00f3 en tres mesas de trabajo, en las que se discuti\u00f3 y analiz\u00f3 el financiamiento de actividades cient\u00edficas, la vinculaci\u00f3n entre academia, sector p\u00fablico, privado y social, as\u00ed como la inclusi\u00f3n en los nuevos ecosistemas tecnol\u00f3gicos.<\/span><\/p>\n<p class=\"m_4496155502053267755ydp1fa49972MsoNormal\"><span lang=\"ES\">\u201cEl Plan Nacional de Desarrollo debe comprender la visi\u00f3n de los creadores de ciencia y tecnolog\u00eda, debe considerar la ciencia como el motor creativo de riqueza para el pa\u00eds\u201d, dijo Alfredo Barrera Baca.<\/span><\/p>\n<p class=\"m_4496155502053267755ydp1fa49972MsoNormal\"><span lang=\"ES\">Por su parte, la diputada federal Mar\u00eda Eugenia Hern\u00e1ndez P\u00e9rez puntualiz\u00f3 que la nueva ley contempla promover a nivel nacional la investigaci\u00f3n cient\u00edfica y tecnol\u00f3gica, as\u00ed como apoyar a acad\u00e9micos y estudiantes con becas y est\u00edmulos.<\/span><\/p>\n<p class=\"m_4496155502053267755ydp1fa49972MsoNormal\"><span lang=\"ES\">Del mismo modo, detall\u00f3 que estos foros regionales buscan recabar los an\u00e1lisis e inquietudes de investigadores. \u201cLa ciencia y la tecnolog\u00eda deben impulsar la productividad y el crecimiento econ\u00f3mico a partir de un desarrollo incluyente, sustentable e igualitario\u201d.<\/span><\/p>\n<p class=\"m_4496155502053267755ydp1fa49972MsoNormal\"><span lang=\"ES\">Hern\u00e1ndez P\u00e9rez se pronunci\u00f3 por contar con un financiamiento progresivo para el impulso de la ciencia. \u201cEs fundamental destinar el uno por ciento del Producto Interno Bruto a este rubro, as\u00ed como fortalecer el v\u00ednculo con los sectores p\u00fablico y privado\u201d.<a href=\"https:\/\/www.porlalibreedomex.com\/wp-content\/uploads\/2019\/06\/Comun-0420-7.jpg\"><img loading=\"lazy\" decoding=\"async\" class=\"aligncenter size-large wp-image-31577\" src=\"https:\/\/www.porlalibreedomex.com\/wp-content\/uploads\/2019\/06\/Comun-0420-7-1024x683.jpg\" alt=\"\" width=\"800\" height=\"534\" srcset=\"https:\/\/www.porlalibreedomex.com\/wp-content\/uploads\/2019\/06\/Comun-0420-7-1024x683.jpg 1024w, https:\/\/www.porlalibreedomex.com\/wp-content\/uploads\/2019\/06\/Comun-0420-7-300x200.jpg 300w, https:\/\/www.porlalibreedomex.com\/wp-content\/uploads\/2019\/06\/Comun-0420-7-768x512.jpg 768w\" sizes=\"auto, (max-width: 800px) 100vw, 800px\" \/><\/a><\/span><\/p>\n<p class=\"m_4496155502053267755ydp1fa49972MsoNormal\"><span lang=\"ES\">A este evento tambi\u00e9n acudieron los diputados federales por Quer\u00e9taro, Beatriz Robles Guti\u00e9rrez, y por Jalisco, Alberto Villa Villegas.<\/span><\/p>\n<p class=\"m_4496155502053267755ydp1fa49972MsoNormal\"><span lang=\"ES\">\u00a0<\/span><\/p>\n","protected":false},"excerpt":{"rendered":"<p>\u00a0 En el Centro Universitario UAEM Ecatepec, el rector Alfredo Barrera Baca encabez\u00f3 la inauguraci\u00f3n\u00a0del Foro Regional de Ciencia, Tecnolog\u00eda e Innovaci\u00f3n, marco en el que se realizaron trabajos para generar una nueva Ley General de Ciencia, Tecnolog\u00eda e Innovaci\u00f3n en M\u00e9xico. \u00a0 Ecatepec, M\u00e9xico, 14 de junio de 2019.\u00a0La Universidad Aut\u00f3noma del Estado de [&hellip;]<\/p>\n","protected":false},"author":3,"featured_media":31576,"comment_status":"open","ping_status":"open","sticky":false,"template":"","format":"standard","meta":{"footnotes":""},"categories":[9148,16],"tags":[],"class_list":{"0":"post-31574","1":"post","2":"type-post","3":"status-publish","4":"format-standard","5":"has-post-thumbnail","7":"category-educacion","8":"category-foto"},"wps_subtitle":"","_links":{"self":[{"href":"https:\/\/www.porlalibreedomex.com\/index.php?rest_route=\/wp\/v2\/posts\/31574","targetHints":{"allow":["GET"]}}],"collection":[{"href":"https:\/\/www.porlalibreedomex.com\/index.php?rest_route=\/wp\/v2\/posts"}],"about":[{"href":"https:\/\/www.porlalibreedomex.com\/index.php?rest_route=\/wp\/v2\/types\/post"}],"author":[{"embeddable":true,"href":"https:\/\/www.porlalibreedomex.com\/index.php?rest_route=\/wp\/v2\/users\/3"}],"replies":[{"embeddable":true,"href":"https:\/\/www.porlalibreedomex.com\/index.php?rest_route=%2Fwp%2Fv2%2Fcomments&post=31574"}],"version-history":[{"count":1,"href":"https:\/\/www.porlalibreedomex.com\/index.php?rest_route=\/wp\/v2\/posts\/31574\/revisions"}],"predecessor-version":[{"id":31578,"href":"https:\/\/www.porlalibreedomex.com\/index.php?rest_route=\/wp\/v2\/posts\/31574\/revisions\/31578"}],"wp:featuredmedia":[{"embeddable":true,"href":"https:\/\/www.porlalibreedomex.com\/index.php?rest_route=\/wp\/v2\/media\/31576"}],"wp:attachment":[{"href":"https:\/\/www.porlalibreedomex.com\/index.php?rest_route=%2Fwp%2Fv2%2Fmedia&parent=31574"}],"wp:term":[{"taxonomy":"category","embeddable":true,"href":"https:\/\/www.porlalibreedomex.com\/index.php?rest_route=%2Fwp%2Fv2%2Fcategories&post=31574"},{"taxonomy":"post_tag","embeddable":true,"href":"https:\/\/www.porlalibreedomex.com\/index.php?rest_route=%2Fwp%2Fv2%2Ftags&post=31574"}],"curies":[{"name":"wp","href":"https:\/\/api.w.org\/{rel}","templated":true}]}}