{"id":31567,"date":"2019-06-14T17:34:41","date_gmt":"2019-06-14T22:34:41","guid":{"rendered":"https:\/\/www.porlalibreedomex.com\/?p=31567"},"modified":"2019-06-15T17:35:16","modified_gmt":"2019-06-15T22:35:16","slug":"policias-mexiquenses-detuvieron-a-un-adulto-y-dos-menores-por-robo-a-casa-habitacion","status":"publish","type":"post","link":"https:\/\/www.porlalibreedomex.com\/?p=31567","title":{"rendered":"POLIC\u00cdAS MEXIQUENSES DETUVIERON A UN ADULTO Y DOS MENORES POR ROBO A CASA HABITACI\u00d3N"},"content":{"rendered":"<p style=\"font-weight: 400;\"><strong>\u00a0<\/strong><\/p>\n<p style=\"font-weight: 400;\"><strong>Nezahualc\u00f3yotl, Estado de M\u00e9xico, 14 de junio de 2019<\/strong>.- Derivado de un llamado de auxilio, elementos de la Secretar\u00eda de Seguridad (SS), en coordinaci\u00f3n con la Polic\u00eda Municipal capturaron a tres sujetos, entre ellos dos menores de edad, por su probable responsabilidad en el robo de casa habitaci\u00f3n.<\/p>\n<p style=\"font-weight: 400;\">Polic\u00edas Estatales recibieron el llamado de auxilio de un vecino quien hab\u00eda sido testigo de c\u00f3mo minutos antes, tres sujetos hab\u00edan ingresado a una casa para saquearla ubicada sobre la calle Clavelero, en colonia Benito Ju\u00e1rez de dicho municipio.<a href=\"https:\/\/www.porlalibreedomex.com\/wp-content\/uploads\/2019\/06\/WhatsApp-Image-2019-06-14-at-4.08.46-PM.jpeg\"><img loading=\"lazy\" decoding=\"async\" class=\"aligncenter size-full wp-image-31569\" src=\"https:\/\/www.porlalibreedomex.com\/wp-content\/uploads\/2019\/06\/WhatsApp-Image-2019-06-14-at-4.08.46-PM.jpeg\" alt=\"\" width=\"711\" height=\"955\" srcset=\"https:\/\/www.porlalibreedomex.com\/wp-content\/uploads\/2019\/06\/WhatsApp-Image-2019-06-14-at-4.08.46-PM.jpeg 711w, https:\/\/www.porlalibreedomex.com\/wp-content\/uploads\/2019\/06\/WhatsApp-Image-2019-06-14-at-4.08.46-PM-223x300.jpeg 223w\" sizes=\"auto, (max-width: 711px) 100vw, 711px\" \/><\/a><\/p>\n<p style=\"font-weight: 400;\">Los tres detenidos, entre ellos dos menores de edad, se percataron de la presencia de los elementos estatales por lo cual emprendieron la huida en diferentes direcciones, llevando consigo varios objetos valuados en aproximadamente 30 mil pesos, pero gracias a la pronta reacci\u00f3n de los oficiales pudieron darles alcance metros m\u00e1s adelante.<a href=\"https:\/\/www.porlalibreedomex.com\/wp-content\/uploads\/2019\/06\/WhatsApp-Image-2019-06-14-at-4.08.47-PM.jpeg\"><img loading=\"lazy\" decoding=\"async\" class=\"aligncenter size-large wp-image-31570\" src=\"https:\/\/www.porlalibreedomex.com\/wp-content\/uploads\/2019\/06\/WhatsApp-Image-2019-06-14-at-4.08.47-PM-1024x776.jpeg\" alt=\"\" width=\"800\" height=\"606\" srcset=\"https:\/\/www.porlalibreedomex.com\/wp-content\/uploads\/2019\/06\/WhatsApp-Image-2019-06-14-at-4.08.47-PM.jpeg 1024w, https:\/\/www.porlalibreedomex.com\/wp-content\/uploads\/2019\/06\/WhatsApp-Image-2019-06-14-at-4.08.47-PM-300x227.jpeg 300w, https:\/\/www.porlalibreedomex.com\/wp-content\/uploads\/2019\/06\/WhatsApp-Image-2019-06-14-at-4.08.47-PM-768x582.jpeg 768w\" sizes=\"auto, (max-width: 800px) 100vw, 800px\" \/><\/a><\/p>\n<p style=\"font-weight: 400;\">Oscar Ad\u00e1n \u201cN\u201d de 25 a\u00f1os fue remitido a la Agencia del Ministerio P\u00fablico de la Perla, mientras tanto los menores de 15 y 16 a\u00f1os de edad fueron puestos a disposici\u00f3n de la autoridad competente donde se determinar\u00e1 su situaci\u00f3n legal.<\/p>\n<p style=\"font-weight: 400;\">La Secretar\u00eda de Seguridad le recuerda que los tel\u00e9fonos de Denuncia An\u00f3nima 0-8-9, y de emergencia 9-1-1, operan las 24 horas del d\u00eda; tambi\u00e9n puede contactarnos a trav\u00e9s de nuestras redes sociales: Facebook @SS.Edomex, y en Twitter @SS_Edomex<a href=\"https:\/\/www.porlalibreedomex.com\/wp-content\/uploads\/2019\/06\/WhatsApp-Image-2019-06-14-at-4.08.45-PM.jpeg\"><img loading=\"lazy\" decoding=\"async\" class=\"aligncenter size-large wp-image-31571\" src=\"https:\/\/www.porlalibreedomex.com\/wp-content\/uploads\/2019\/06\/WhatsApp-Image-2019-06-14-at-4.08.45-PM-1024x766.jpeg\" alt=\"\" width=\"800\" height=\"598\" srcset=\"https:\/\/www.porlalibreedomex.com\/wp-content\/uploads\/2019\/06\/WhatsApp-Image-2019-06-14-at-4.08.45-PM.jpeg 1024w, https:\/\/www.porlalibreedomex.com\/wp-content\/uploads\/2019\/06\/WhatsApp-Image-2019-06-14-at-4.08.45-PM-300x224.jpeg 300w, https:\/\/www.porlalibreedomex.com\/wp-content\/uploads\/2019\/06\/WhatsApp-Image-2019-06-14-at-4.08.45-PM-768x575.jpeg 768w\" sizes=\"auto, (max-width: 800px) 100vw, 800px\" \/><\/a><\/p>\n","protected":false},"excerpt":{"rendered":"<p>\u00a0 Nezahualc\u00f3yotl, Estado de M\u00e9xico, 14 de junio de 2019.- Derivado de un llamado de auxilio, elementos de la Secretar\u00eda de Seguridad (SS), en coordinaci\u00f3n con la Polic\u00eda Municipal capturaron a tres sujetos, entre ellos dos menores de edad, por su probable responsabilidad en el robo de casa habitaci\u00f3n. Polic\u00edas Estatales recibieron el llamado de [&hellip;]<\/p>\n","protected":false},"author":3,"featured_media":31568,"comment_status":"open","ping_status":"open","sticky":false,"template":"","format":"standard","meta":{"footnotes":""},"categories":[16,5],"tags":[4579,3263],"class_list":{"0":"post-31567","1":"post","2":"type-post","3":"status-publish","4":"format-standard","5":"has-post-thumbnail","7":"category-foto","8":"category-nota-informativa","9":"tag-policia-mexiquense","10":"tag-robo-a-casa-habitacion"},"wps_subtitle":"","_links":{"self":[{"href":"https:\/\/www.porlalibreedomex.com\/index.php?rest_route=\/wp\/v2\/posts\/31567","targetHints":{"allow":["GET"]}}],"collection":[{"href":"https:\/\/www.porlalibreedomex.com\/index.php?rest_route=\/wp\/v2\/posts"}],"about":[{"href":"https:\/\/www.porlalibreedomex.com\/index.php?rest_route=\/wp\/v2\/types\/post"}],"author":[{"embeddable":true,"href":"https:\/\/www.porlalibreedomex.com\/index.php?rest_route=\/wp\/v2\/users\/3"}],"replies":[{"embeddable":true,"href":"https:\/\/www.porlalibreedomex.com\/index.php?rest_route=%2Fwp%2Fv2%2Fcomments&post=31567"}],"version-history":[{"count":2,"href":"https:\/\/www.porlalibreedomex.com\/index.php?rest_route=\/wp\/v2\/posts\/31567\/revisions"}],"predecessor-version":[{"id":31573,"href":"https:\/\/www.porlalibreedomex.com\/index.php?rest_route=\/wp\/v2\/posts\/31567\/revisions\/31573"}],"wp:featuredmedia":[{"embeddable":true,"href":"https:\/\/www.porlalibreedomex.com\/index.php?rest_route=\/wp\/v2\/media\/31568"}],"wp:attachment":[{"href":"https:\/\/www.porlalibreedomex.com\/index.php?rest_route=%2Fwp%2Fv2%2Fmedia&parent=31567"}],"wp:term":[{"taxonomy":"category","embeddable":true,"href":"https:\/\/www.porlalibreedomex.com\/index.php?rest_route=%2Fwp%2Fv2%2Fcategories&post=31567"},{"taxonomy":"post_tag","embeddable":true,"href":"https:\/\/www.porlalibreedomex.com\/index.php?rest_route=%2Fwp%2Fv2%2Ftags&post=31567"}],"curies":[{"name":"wp","href":"https:\/\/api.w.org\/{rel}","templated":true}]}}