{"id":31562,"date":"2019-06-14T17:24:30","date_gmt":"2019-06-14T22:24:30","guid":{"rendered":"https:\/\/www.porlalibreedomex.com\/?p=31562"},"modified":"2019-06-15T17:27:38","modified_gmt":"2019-06-15T22:27:38","slug":"construyamos-puentes-de-entendimiento-en-defensade-los-derechos-humanos-de-migrantes-jorge-olvera","status":"publish","type":"post","link":"https:\/\/www.porlalibreedomex.com\/?p=31562","title":{"rendered":"CONSTRUYAMOS PUENTES DE ENTENDIMIENTO EN DEFENSADE LOS DERECHOS HUMANOS DE\u00a0MIGRANTES: JORGE OLVERA"},"content":{"rendered":"<p style=\"font-weight: 400;\"><strong>\u00a0<\/strong><\/p>\n<ul>\n<li style=\"font-weight: 400;\"><strong><em>Presentaron en la Codhem el corto-documental \u201cPateando Fronteras\u201d, realizado por estudiantes de la Facultad de Arte y Dise\u00f1o de la UAEMex.<\/em><\/strong><\/li>\n<\/ul>\n<p style=\"font-weight: 400;\">Toluca, M\u00e9xico, 14 de junio de 2019.- Como parte de las actividades del programa cultural \u201cHumanizArte\u201d, la Comisi\u00f3n de Derechos Humanos del Estado de M\u00e9xico (Codhem) fue sede de la presentaci\u00f3n del corto-documental \u201cPateando Fronteras\u201d, dirigido y producido por alumnos del s\u00e9ptimo semestre de la Facultad de Arquitectura y Dise\u00f1o (FAD) de la Universidad Aut\u00f3noma del Estado de M\u00e9xico (UAEMex).<\/p>\n<p style=\"font-weight: 400;\">El cortometraje narra la estancia, sentimientos y experiencias vividas por dos j\u00f3venes de origen hondure\u00f1o, Edward y \u00c1ngel, que al llegar al Estado de M\u00e9xico enfrentaron la soledad de estar lejos de casa, no poder regresar, sufrir hambre y desamparo en una sociedad ajena e indiferente.<\/p>\n<p style=\"font-weight: 400;\"><strong>El equipo de estudiantes que realiz\u00f3 el filme est\u00e1 integrado por: Marcel Vega, Viridiana Carlos, Renato Rosales, Liliana \u00c1lvarez, Jocelyn Ruiz, Yolanda Reyes, Merari Patricio, Yulissa Mendoza, Jocelyn Ruiz y Yolotzin L\u00f3pez; la narraci\u00f3n estuvo a cargo de Arturo Salinas.<\/strong><\/p>\n<p style=\"font-weight: 400;\">Al dar la bienvenida a esta iniciativa creativa de los j\u00f3venes, el presidente de la Codhem, Jorge Olvera Garc\u00eda, subray\u00f3 que la migraci\u00f3n es un concepto cultural arraigado en el ser humano, \u201cpor eso los cortometrajes como \u00b4Pateando Fronteras\u2019, construyen puentes de entendimiento para protecci\u00f3n y defensa de los derechos humanos de las personas migrantes.\u201d<\/p>\n<p style=\"font-weight: 400;\">Acerca del fen\u00f3meno migratorio en M\u00e9xico, el ombudsperson mexiquense se\u00f1al\u00f3 \u201cM\u00e9xico ha sido una casa de migrantes que han dado al pa\u00eds crecimiento, desarrollo, cultura, identidad y sentido de pertenencia. Eso es la migraci\u00f3n, un derecho que privilegia a las personas, nos hace hermanos y hermanas\u201d, dijo.<\/p>\n<p style=\"font-weight: 400;\">No obstante, dijo Olvera Garc\u00eda, \u201cla situaci\u00f3n de la migraci\u00f3n est\u00e1 colapsando, tenemos una crisis evidentemente humanitaria; el sue\u00f1o migratorio, el sue\u00f1o americano, se est\u00e1 topando con la frontera de Donald Trump\u201d, y llam\u00f3 a \u201cconstruir el Estado Humano, ese que considera a las personas migrantes como una parte fundamental de la conciencia nacional, de nuestra solidaridad y de nuestro amor por lo humano\u00bb.<\/p>\n<p><a href=\"https:\/\/www.porlalibreedomex.com\/wp-content\/uploads\/2019\/06\/FOTO-BOL.-138-2.jpg\"><img loading=\"lazy\" decoding=\"async\" class=\"aligncenter size-large wp-image-31563\" src=\"https:\/\/www.porlalibreedomex.com\/wp-content\/uploads\/2019\/06\/FOTO-BOL.-138-2-1024x548.jpg\" alt=\"\" width=\"800\" height=\"428\" srcset=\"https:\/\/www.porlalibreedomex.com\/wp-content\/uploads\/2019\/06\/FOTO-BOL.-138-2-1024x548.jpg 1024w, https:\/\/www.porlalibreedomex.com\/wp-content\/uploads\/2019\/06\/FOTO-BOL.-138-2-300x161.jpg 300w, https:\/\/www.porlalibreedomex.com\/wp-content\/uploads\/2019\/06\/FOTO-BOL.-138-2-768x411.jpg 768w\" sizes=\"auto, (max-width: 800px) 100vw, 800px\" \/><\/a><\/p>\n<p style=\"font-weight: 400;\">La profesora universitaria Amparo G\u00f3mez Castro explic\u00f3 que entre las principales causas que motivan a las personas a migrar est\u00e1n: el incremento de la pobreza extrema, el desempleo, la violencia de pandillas que controlan algunas zonas de los pa\u00edses de origen a causa del narcotr\u00e1fico, as\u00ed como la discriminaci\u00f3n que viven por prejuicios \u00e9tnicos, sociales, culturales y econ\u00f3micos.<\/p>\n<p style=\"font-weight: 400;\">\u201cLa consecuencia de estas medidas son cada vez m\u00e1s alarmantes, las violaciones de mujeres y ni\u00f1os que viajan de Centroam\u00e9rica a Estados Unidos; masacres de migrantes, naufragios, aumento de los cinturones de pobreza en las ciudades, todo esto motiv\u00f3 la realizaci\u00f3n del documental y as\u00ed, invitar a todos a tomar conciencia de esta crisis humanitaria, al entender los problemas que hay detr\u00e1s de ella, el prop\u00f3sito es erradicar los prejuicios para fomentar una cultura de respeto e integraci\u00f3n hacia ellos y nosotros mismos\u201d, indic\u00f3.<\/p>\n<p style=\"font-weight: 400;\">Para impulsar la difusi\u00f3n del cortometraje, los creadores de \u201cPateando fronteras\u201d autorizaron a la Comisi\u00f3n de Derechos Humanos del Estado de M\u00e9xico la exhibici\u00f3n en el canal del YouTube de la Defensor\u00eda, donde se encuentra disponible para todas las audiencias.<\/p>\n","protected":false},"excerpt":{"rendered":"<p>\u00a0 Presentaron en la Codhem el corto-documental \u201cPateando Fronteras\u201d, realizado por estudiantes de la Facultad de Arte y Dise\u00f1o de la UAEMex. Toluca, M\u00e9xico, 14 de junio de 2019.- Como parte de las actividades del programa cultural \u201cHumanizArte\u201d, la Comisi\u00f3n de Derechos Humanos del Estado de M\u00e9xico (Codhem) fue sede de la presentaci\u00f3n del corto-documental [&hellip;]<\/p>\n","protected":false},"author":3,"featured_media":31564,"comment_status":"open","ping_status":"open","sticky":false,"template":"","format":"standard","meta":{"footnotes":""},"categories":[16,9145],"tags":[17,14499,488,14500],"class_list":{"0":"post-31562","1":"post","2":"type-post","3":"status-publish","4":"format-standard","5":"has-post-thumbnail","7":"category-foto","8":"category-general","9":"tag-codhem","10":"tag-der5echos-humanos-de-migrantes","11":"tag-jorge-olvera-garcia","12":"tag-pateando-fronteras"},"wps_subtitle":"","_links":{"self":[{"href":"https:\/\/www.porlalibreedomex.com\/index.php?rest_route=\/wp\/v2\/posts\/31562","targetHints":{"allow":["GET"]}}],"collection":[{"href":"https:\/\/www.porlalibreedomex.com\/index.php?rest_route=\/wp\/v2\/posts"}],"about":[{"href":"https:\/\/www.porlalibreedomex.com\/index.php?rest_route=\/wp\/v2\/types\/post"}],"author":[{"embeddable":true,"href":"https:\/\/www.porlalibreedomex.com\/index.php?rest_route=\/wp\/v2\/users\/3"}],"replies":[{"embeddable":true,"href":"https:\/\/www.porlalibreedomex.com\/index.php?rest_route=%2Fwp%2Fv2%2Fcomments&post=31562"}],"version-history":[{"count":2,"href":"https:\/\/www.porlalibreedomex.com\/index.php?rest_route=\/wp\/v2\/posts\/31562\/revisions"}],"predecessor-version":[{"id":31566,"href":"https:\/\/www.porlalibreedomex.com\/index.php?rest_route=\/wp\/v2\/posts\/31562\/revisions\/31566"}],"wp:featuredmedia":[{"embeddable":true,"href":"https:\/\/www.porlalibreedomex.com\/index.php?rest_route=\/wp\/v2\/media\/31564"}],"wp:attachment":[{"href":"https:\/\/www.porlalibreedomex.com\/index.php?rest_route=%2Fwp%2Fv2%2Fmedia&parent=31562"}],"wp:term":[{"taxonomy":"category","embeddable":true,"href":"https:\/\/www.porlalibreedomex.com\/index.php?rest_route=%2Fwp%2Fv2%2Fcategories&post=31562"},{"taxonomy":"post_tag","embeddable":true,"href":"https:\/\/www.porlalibreedomex.com\/index.php?rest_route=%2Fwp%2Fv2%2Ftags&post=31562"}],"curies":[{"name":"wp","href":"https:\/\/api.w.org\/{rel}","templated":true}]}}