{"id":31555,"date":"2019-06-14T17:13:06","date_gmt":"2019-06-14T22:13:06","guid":{"rendered":"https:\/\/www.porlalibreedomex.com\/?p=31555"},"modified":"2019-06-15T17:14:12","modified_gmt":"2019-06-15T22:14:12","slug":"se-registran-siete-formulas-a-la-dirigencia-de-la-red-jovenes-x-mexico","status":"publish","type":"post","link":"https:\/\/www.porlalibreedomex.com\/?p=31555","title":{"rendered":"SE REGISTRAN SIETE F\u00d3RMULAS A LA DIRIGENCIA DE LA RED J\u00d3VENES X M\u00c9XICO"},"content":{"rendered":"<p style=\"font-weight: 400;\"><strong>\u00a0<\/strong><\/p>\n<ul>\n<li style=\"font-weight: 400;\"><em>Los dict\u00e1menes de procedencia o no procedencia ser\u00e1n publicados en los Estrados del Comit\u00e9 Directivo Estatal del Partido Revolucionario Institucional en el Estado de M\u00e9xico.<\/em><\/li>\n<\/ul>\n<p style=\"font-weight: 400;\">Hoy se instal\u00f3 la Sesi\u00f3n de Registro de las f\u00f3rmulas de aspirantes a la dirigencia del Comit\u00e9 Directivo Estatal de la Red J\u00f3venes x M\u00e9xico en el Estado de M\u00e9xico para el periodo estatutario 2019-2023, durante la cual se recibieron siete solicitudes de registro.<\/p>\n<p style=\"font-weight: 400;\">En el sal\u00f3n Presidentes del Comit\u00e9 Directivo Estatal del Partido Revolucionario Institucional, el \u00d3rgano Auxiliar de la Comisi\u00f3n Nacional de Procesos Internos de la Red J\u00f3venes x M\u00e9xico, recibi\u00f3 las solicitudes para la presidencia y secretar\u00eda general, respectivamente, integradas por:<\/p>\n<div id='gallery-1' class='gallery galleryid-31555 gallery-columns-3 gallery-size-large'><figure class='gallery-item'>\n\t\t\t<div class='gallery-icon landscape'>\n\t\t\t\t<a href='https:\/\/www.porlalibreedomex.com\/?attachment_id=31558'><img loading=\"lazy\" decoding=\"async\" width=\"696\" height=\"464\" src=\"https:\/\/www.porlalibreedomex.com\/wp-content\/uploads\/2019\/06\/Foto-8.-REGISTRO-DE-F\u00d3RMULAS-RJxM-1024x682.jpg\" class=\"attachment-large size-large\" alt=\"\" srcset=\"https:\/\/www.porlalibreedomex.com\/wp-content\/uploads\/2019\/06\/Foto-8.-REGISTRO-DE-F\u00d3RMULAS-RJxM-1024x682.jpg 1024w, https:\/\/www.porlalibreedomex.com\/wp-content\/uploads\/2019\/06\/Foto-8.-REGISTRO-DE-F\u00d3RMULAS-RJxM-300x200.jpg 300w, https:\/\/www.porlalibreedomex.com\/wp-content\/uploads\/2019\/06\/Foto-8.-REGISTRO-DE-F\u00d3RMULAS-RJxM-768x512.jpg 768w, https:\/\/www.porlalibreedomex.com\/wp-content\/uploads\/2019\/06\/Foto-8.-REGISTRO-DE-F\u00d3RMULAS-RJxM.jpg 1280w\" sizes=\"auto, (max-width: 696px) 100vw, 696px\" \/><\/a>\n\t\t\t<\/div><\/figure><figure class='gallery-item'>\n\t\t\t<div class='gallery-icon landscape'>\n\t\t\t\t<a href='https:\/\/www.porlalibreedomex.com\/?attachment_id=31557'><img loading=\"lazy\" decoding=\"async\" width=\"696\" height=\"464\" src=\"https:\/\/www.porlalibreedomex.com\/wp-content\/uploads\/2019\/06\/Foto-10.-REGISTRO-DE-F\u00d3RMULAS-RJxM-1024x682.jpg\" class=\"attachment-large size-large\" alt=\"\" srcset=\"https:\/\/www.porlalibreedomex.com\/wp-content\/uploads\/2019\/06\/Foto-10.-REGISTRO-DE-F\u00d3RMULAS-RJxM-1024x682.jpg 1024w, https:\/\/www.porlalibreedomex.com\/wp-content\/uploads\/2019\/06\/Foto-10.-REGISTRO-DE-F\u00d3RMULAS-RJxM-300x200.jpg 300w, https:\/\/www.porlalibreedomex.com\/wp-content\/uploads\/2019\/06\/Foto-10.-REGISTRO-DE-F\u00d3RMULAS-RJxM-768x512.jpg 768w, https:\/\/www.porlalibreedomex.com\/wp-content\/uploads\/2019\/06\/Foto-10.-REGISTRO-DE-F\u00d3RMULAS-RJxM.jpg 1280w\" sizes=\"auto, (max-width: 696px) 100vw, 696px\" \/><\/a>\n\t\t\t<\/div><\/figure><figure class='gallery-item'>\n\t\t\t<div class='gallery-icon landscape'>\n\t\t\t\t<a href='https:\/\/www.porlalibreedomex.com\/?attachment_id=31556'><img loading=\"lazy\" decoding=\"async\" width=\"696\" height=\"464\" src=\"https:\/\/www.porlalibreedomex.com\/wp-content\/uploads\/2019\/06\/Foto-9.-REGISTRO-DE-F\u00d3RMULAS-RJxM-1024x682.jpg\" class=\"attachment-large size-large\" alt=\"\" srcset=\"https:\/\/www.porlalibreedomex.com\/wp-content\/uploads\/2019\/06\/Foto-9.-REGISTRO-DE-F\u00d3RMULAS-RJxM-1024x682.jpg 1024w, https:\/\/www.porlalibreedomex.com\/wp-content\/uploads\/2019\/06\/Foto-9.-REGISTRO-DE-F\u00d3RMULAS-RJxM-300x200.jpg 300w, https:\/\/www.porlalibreedomex.com\/wp-content\/uploads\/2019\/06\/Foto-9.-REGISTRO-DE-F\u00d3RMULAS-RJxM-768x512.jpg 768w, https:\/\/www.porlalibreedomex.com\/wp-content\/uploads\/2019\/06\/Foto-9.-REGISTRO-DE-F\u00d3RMULAS-RJxM.jpg 1280w\" sizes=\"auto, (max-width: 696px) 100vw, 696px\" \/><\/a>\n\t\t\t<\/div><\/figure>\n\t\t<\/div>\n\n<ul>\n<li style=\"font-weight: 400;\">Christian Alejandro Quintana Mu\u00f1oz y Mariela Concepci\u00f3n Rodr\u00edguez Mora;<em>Juntos hagamos una nueva generaci\u00f3n de priistas<\/em>.<\/li>\n<li style=\"font-weight: 400;\">Alline Idalia P\u00e9rez Hern\u00e1ndez y Luis Fernando Ortiz Hill; <em>Red de todos<\/em>.<\/li>\n<li style=\"font-weight: 400;\">Yossemin Monserrat Ortiz Palafox y Luis Eduardo Fonseca Garc\u00eda;<em>Juventud fuerte<\/em>.<\/li>\n<li style=\"font-weight: 400;\">C\u00e9sar Javier Barrios Vega y Dulce Gloria Mart\u00ednez Garc\u00eda;<em>J\u00f3venes al frente<\/em>.<\/li>\n<li style=\"font-weight: 400;\">Alfredo Iv\u00e1n \u00c1lvarez Jaime y Andrea Cecilia S\u00e1nchez Flores;<em>Es tiempo de trascender<\/em>.<\/li>\n<li style=\"font-weight: 400;\">Amiel Elisama Mu\u00f1oz \u00c1valos y Juan Jos\u00e9 Dom\u00ednguez Mondrag\u00f3n<em>; La nueva generaci\u00f3n<\/em>.<\/li>\n<li style=\"font-weight: 400;\">C\u00e9sar Jim\u00e9nez Castellanos y Yolanda Monserrat Correa Gonz\u00e1lez;<em>F\u00f3rmula revolucionaria, fuerte y con todo<\/em>.<\/li>\n<\/ul>\n<p style=\"font-weight: 400;\">De las siete f\u00f3rmulas registradas, a dos se les otorg\u00f3 garant\u00eda de audiencia para solventar documentaci\u00f3n pendiente. De acuerdo con la convocatoria publicada el pasado 5 de junio, el 15 de junio ser\u00e1n publicados los dict\u00e1menes de procedencia o no procedencia en los Estrados del Comit\u00e9 Directivo Estatal del Partido Revolucionario Institucional en el Estado de M\u00e9xico; el periodo de campa\u00f1a proselitista ser\u00e1 del 16 de junio al 3 de julio, y la jornada electoral se llevar\u00e1 a cabo el s\u00e1bado 6 de julio.<\/p>\n<p style=\"font-weight: 400;\">El \u00d3rgano Auxiliar est\u00e1 integrado por el Comisionado Presidente, Omar Olvera Herreros; los comisionados, Zudikey Rodr\u00edguez N\u00fa\u00f1ez y \u00c1ngel Melo Rojas; y como secretaria t\u00e9cnica, Marian D\u00edaz Solano. Estuvo presente el secretario de Organizaci\u00f3n del Comit\u00e9 Ejecutivo Nacional de la Red J\u00f3venes x M\u00e9xico, Jos\u00e9 Luis Villalobos Garc\u00eda.<\/p>\n","protected":false},"excerpt":{"rendered":"<p>\u00a0 Los dict\u00e1menes de procedencia o no procedencia ser\u00e1n publicados en los Estrados del Comit\u00e9 Directivo Estatal del Partido Revolucionario Institucional en el Estado de M\u00e9xico. Hoy se instal\u00f3 la Sesi\u00f3n de Registro de las f\u00f3rmulas de aspirantes a la dirigencia del Comit\u00e9 Directivo Estatal de la Red J\u00f3venes x M\u00e9xico en el Estado de [&hellip;]<\/p>\n","protected":false},"author":3,"featured_media":31559,"comment_status":"open","ping_status":"open","sticky":false,"template":"","format":"standard","meta":{"footnotes":""},"categories":[16,9150],"tags":[],"class_list":{"0":"post-31555","1":"post","2":"type-post","3":"status-publish","4":"format-standard","5":"has-post-thumbnail","7":"category-foto","8":"category-politica"},"wps_subtitle":"","_links":{"self":[{"href":"https:\/\/www.porlalibreedomex.com\/index.php?rest_route=\/wp\/v2\/posts\/31555","targetHints":{"allow":["GET"]}}],"collection":[{"href":"https:\/\/www.porlalibreedomex.com\/index.php?rest_route=\/wp\/v2\/posts"}],"about":[{"href":"https:\/\/www.porlalibreedomex.com\/index.php?rest_route=\/wp\/v2\/types\/post"}],"author":[{"embeddable":true,"href":"https:\/\/www.porlalibreedomex.com\/index.php?rest_route=\/wp\/v2\/users\/3"}],"replies":[{"embeddable":true,"href":"https:\/\/www.porlalibreedomex.com\/index.php?rest_route=%2Fwp%2Fv2%2Fcomments&post=31555"}],"version-history":[{"count":2,"href":"https:\/\/www.porlalibreedomex.com\/index.php?rest_route=\/wp\/v2\/posts\/31555\/revisions"}],"predecessor-version":[{"id":31561,"href":"https:\/\/www.porlalibreedomex.com\/index.php?rest_route=\/wp\/v2\/posts\/31555\/revisions\/31561"}],"wp:featuredmedia":[{"embeddable":true,"href":"https:\/\/www.porlalibreedomex.com\/index.php?rest_route=\/wp\/v2\/media\/31559"}],"wp:attachment":[{"href":"https:\/\/www.porlalibreedomex.com\/index.php?rest_route=%2Fwp%2Fv2%2Fmedia&parent=31555"}],"wp:term":[{"taxonomy":"category","embeddable":true,"href":"https:\/\/www.porlalibreedomex.com\/index.php?rest_route=%2Fwp%2Fv2%2Fcategories&post=31555"},{"taxonomy":"post_tag","embeddable":true,"href":"https:\/\/www.porlalibreedomex.com\/index.php?rest_route=%2Fwp%2Fv2%2Ftags&post=31555"}],"curies":[{"name":"wp","href":"https:\/\/api.w.org\/{rel}","templated":true}]}}