{"id":31540,"date":"2019-06-13T04:32:14","date_gmt":"2019-06-13T09:32:14","guid":{"rendered":"https:\/\/www.porlalibreedomex.com\/?p=31540"},"modified":"2019-06-14T04:41:33","modified_gmt":"2019-06-14T09:41:33","slug":"fortalecen-inveamex-y-secretaria-de-movilidad-verificaciones-al-transporte-publico-del-edomex","status":"publish","type":"post","link":"https:\/\/www.porlalibreedomex.com\/?p=31540","title":{"rendered":"FORTALECEN INVEAMEX Y SECRETAR\u00cdA DE MOVILIDAD VERIFICACIONES AL TRANSPORTE P\u00daBLICO DEL EDOM\u00c9X"},"content":{"rendered":"<p>&nbsp;<\/p>\n<p><strong>\u2022 <em>Verifican 132 unidades de transporte p\u00fablico en el municipio de Naucalpan.<\/em><\/strong><br \/>\n<em><strong>\u2022 Retienen, como parte del operativo, a 20 veh\u00edculos por no cumplir con las normas vigentes.<\/strong><\/em><\/p>\n<p><strong>Naucalpan, Estado de M\u00e9xico, 13 de junio de 2019<\/strong>. Con el objetivo de contar con un transporte p\u00fablico regulado y proteger la integridad f\u00edsica y patrimonial de las y los usuarios, la Secretar\u00eda de Justicia y Derechos Humanos (SJyDH), a trav\u00e9s del Instituto de Verificaci\u00f3n Administrativa del Estado de M\u00e9xico (Inveamex), coordina la realizaci\u00f3n de operativos de revisi\u00f3n.<\/p>\n<p>En las inmediaciones del Mexipuerto Cuatro Caminos, en Naucalpan, se revisaron 132 unidades del transporte p\u00fablico, de las cuales 20 fueron retenidas y 10 infraccionadas.<a href=\"https:\/\/www.porlalibreedomex.com\/wp-content\/uploads\/2019\/06\/WhatsApp-Image-2019-06-13-at-6.24.47-PM.jpeg\"><img loading=\"lazy\" decoding=\"async\" class=\"aligncenter size-large wp-image-31541\" src=\"https:\/\/www.porlalibreedomex.com\/wp-content\/uploads\/2019\/06\/WhatsApp-Image-2019-06-13-at-6.24.47-PM-1024x682.jpeg\" alt=\"\" width=\"800\" height=\"533\" srcset=\"https:\/\/www.porlalibreedomex.com\/wp-content\/uploads\/2019\/06\/WhatsApp-Image-2019-06-13-at-6.24.47-PM-1024x682.jpeg 1024w, https:\/\/www.porlalibreedomex.com\/wp-content\/uploads\/2019\/06\/WhatsApp-Image-2019-06-13-at-6.24.47-PM-300x200.jpeg 300w, https:\/\/www.porlalibreedomex.com\/wp-content\/uploads\/2019\/06\/WhatsApp-Image-2019-06-13-at-6.24.47-PM-768x512.jpeg 768w, https:\/\/www.porlalibreedomex.com\/wp-content\/uploads\/2019\/06\/WhatsApp-Image-2019-06-13-at-6.24.47-PM.jpeg 1280w\" sizes=\"auto, (max-width: 800px) 100vw, 800px\" \/><\/a><\/p>\n<p>Personal del Inveamex, as\u00ed como de las Secretar\u00edas de Movilidad y Seguridad del Estado de M\u00e9xico, adem\u00e1s de la Polic\u00eda de Tr\u00e1nsito municipal, constataron que los operadores cuentan con la documentaci\u00f3n debida, como seguro de viajero, seguro de cami\u00f3n, tarjet\u00f3n y licencia de conducir.<\/p>\n<p>\u201cEs una prioridad y una orden del Gobernador que cubramos y que empecemos a atender todo el problema de movilidad que existe en los municipios, creo que si seguimos trabajando as\u00ed en todo el estado. pues le vamos a dar mayor tranquilidad a la gente\u201d, indic\u00f3 Luis Miguel S\u00e1nchez L\u00f3pez, Director General del Inveamex.<\/p>\n<p>Se verifica minuciosamente el tema de los seguros de las unidades, para que en caso de percances, las y los usuarios reciban la atenci\u00f3n adecuada, lo cual es bien aceptado por quienes diariamente se trasladan en transporte p\u00fablico, como Rosa Elena Villegas, quien expres\u00f3: \u201ctodo debe estar en regla, me garantiza que voy con una persona al volante que lleva todo en regla que es responsable de su trabajo\u201d.<\/p>\n<p>Adem\u00e1s, se revisa crom\u00e1tica de identidad, matr\u00edculas y concesiones, ante ello, los operadores de las unidades aseguran que con estas acciones se inhibe la presencia del transporte que circula de manera ilegal.<\/p>\n<p>\u201cEst\u00e1 muy bien que hagan los operativos para que saquen los que son pirata y los que andan mal de papeles, pues teniendo lo papeles en regla nos beneficia a todos los choferes y a todo el pasaje para que est\u00e9n seguros y sepan que van con una persona capacitada\u201d, detall\u00f3 Carlos Torres Aguilar, conductor de unidad de transporte p\u00fablico.<\/p>\n<p>Carlos coincidi\u00f3 con Jos\u00e9 Artemio Valle, , quien se\u00f1al\u00f3: \u201cyo siento que est\u00e1 muy bien m\u00e1s que nada por los piratas que hay, mientras sea todo por el bien de la comunidad todo est\u00e1 perfecto\u201d.<\/p>\n<p>Dichos operativos se han instalado diariamente en zonas estrat\u00e9gicas y horarios de mayor afluencia vehicular, as\u00ed lo explic\u00f3 Andrea Amado, Supervisora del Inveamex: \u201cla importancia es que como son puntos muy transitados el personal, tanto el que maneja como las personas que acceden al transporte p\u00fablico deben llevar una garant\u00eda de que se suben a un transporte que es seguro, por la calidad del simple transporte y quien la maneja que cumpla con los requisitos para brindar dicho servicio\u201d.<\/p>\n<p>La SJyDH mantendr\u00e1 la coordinaci\u00f3n de los operativos de revisi\u00f3n al transporte p\u00fablico, as\u00ed como de las visitas colegiadas de verificaci\u00f3n, con el firme objetivo de salvaguardar la integridad f\u00edsica y patrimonial de las y los mexiquenses y pone a su disposici\u00f3n los tel\u00e9fonos 0172-2217-6118, as\u00ed como el sitio web inveamex.edomex.gob.mx.<\/p>\n","protected":false},"excerpt":{"rendered":"<p>&nbsp; \u2022 Verifican 132 unidades de transporte p\u00fablico en el municipio de Naucalpan. \u2022 Retienen, como parte del operativo, a 20 veh\u00edculos por no cumplir con las normas vigentes. Naucalpan, Estado de M\u00e9xico, 13 de junio de 2019. Con el objetivo de contar con un transporte p\u00fablico regulado y proteger la integridad f\u00edsica y patrimonial [&hellip;]<\/p>\n","protected":false},"author":3,"featured_media":31543,"comment_status":"open","ping_status":"open","sticky":false,"template":"","format":"standard","meta":{"footnotes":""},"categories":[1],"tags":[],"class_list":{"0":"post-31540","1":"post","2":"type-post","3":"status-publish","4":"format-standard","5":"has-post-thumbnail","7":"category-uncategorized"},"wps_subtitle":"Nueva dependencia involucrada en la verificaci\u00f3n vehicular","_links":{"self":[{"href":"https:\/\/www.porlalibreedomex.com\/index.php?rest_route=\/wp\/v2\/posts\/31540","targetHints":{"allow":["GET"]}}],"collection":[{"href":"https:\/\/www.porlalibreedomex.com\/index.php?rest_route=\/wp\/v2\/posts"}],"about":[{"href":"https:\/\/www.porlalibreedomex.com\/index.php?rest_route=\/wp\/v2\/types\/post"}],"author":[{"embeddable":true,"href":"https:\/\/www.porlalibreedomex.com\/index.php?rest_route=\/wp\/v2\/users\/3"}],"replies":[{"embeddable":true,"href":"https:\/\/www.porlalibreedomex.com\/index.php?rest_route=%2Fwp%2Fv2%2Fcomments&post=31540"}],"version-history":[{"count":1,"href":"https:\/\/www.porlalibreedomex.com\/index.php?rest_route=\/wp\/v2\/posts\/31540\/revisions"}],"predecessor-version":[{"id":31544,"href":"https:\/\/www.porlalibreedomex.com\/index.php?rest_route=\/wp\/v2\/posts\/31540\/revisions\/31544"}],"wp:featuredmedia":[{"embeddable":true,"href":"https:\/\/www.porlalibreedomex.com\/index.php?rest_route=\/wp\/v2\/media\/31543"}],"wp:attachment":[{"href":"https:\/\/www.porlalibreedomex.com\/index.php?rest_route=%2Fwp%2Fv2%2Fmedia&parent=31540"}],"wp:term":[{"taxonomy":"category","embeddable":true,"href":"https:\/\/www.porlalibreedomex.com\/index.php?rest_route=%2Fwp%2Fv2%2Fcategories&post=31540"},{"taxonomy":"post_tag","embeddable":true,"href":"https:\/\/www.porlalibreedomex.com\/index.php?rest_route=%2Fwp%2Fv2%2Ftags&post=31540"}],"curies":[{"name":"wp","href":"https:\/\/api.w.org\/{rel}","templated":true}]}}