{"id":31536,"date":"2019-06-13T04:20:12","date_gmt":"2019-06-13T09:20:12","guid":{"rendered":"https:\/\/www.porlalibreedomex.com\/?p=31536"},"modified":"2019-06-14T04:21:31","modified_gmt":"2019-06-14T09:21:31","slug":"inicia-primera-jornada-de-reforestacion-social-en-edomex","status":"publish","type":"post","link":"https:\/\/www.porlalibreedomex.com\/?p=31536","title":{"rendered":"INICIA PRIMERA JORNADA DE REFORESTACI\u00d3N SOCIAL EN EDOM\u00c9X"},"content":{"rendered":"<ul>\n<li><em><strong>Apoya sociedad mexiquense para llegar a la meta de 15 millones de \u00e1rboles plantados en la Campa\u00f1a Estatal de Reforestaci\u00f3n 2019.<\/strong><\/em><\/li>\n<li><em><strong> Pone Probosque a disposici\u00f3n del p\u00fablico su L\u00ednea Verde 01800-018-7878 y el correo electr\u00f3nico probosque.ui@edomex.gob.mx, para mayor informaci\u00f3n.<\/strong><\/em><\/li>\n<\/ul>\n<p><strong>Metepec, Estado de M\u00e9xico, 13 de junio de 2019<\/strong>. La temporada de lluvias ha iniciado y, con ella, el pasado 5 de junio el Gobernador del Estado de M\u00e9xico Alfredo Del Mazo Maza puso en marcha la Campa\u00f1a Estatal de Reforestaci\u00f3n 2019, programa del Gobierno coordinado por la Protectora de Bosques (Probosque), en todos los n\u00facleos agrarios, zonas urbanas y predios particulares de la entidad mexiquense con aptitud forestal.<\/p>\n<p>Para este domingo 16 de junio, de 10:00 a 12:00 horas, est\u00e1 programada la primera reforestaci\u00f3n social de forma simult\u00e1nea, en predios distribuidos en las ocho regiones forestales con las que cuenta Probosque.<\/p>\n<p>Esta actividad se fortalece con la colaboraci\u00f3n de la sociedad mexiquense, que se suma a los trabajos de conservaci\u00f3n y restauraci\u00f3n de los bosques y selvas bajas de la entidad y con ello contribuye a la disminuci\u00f3n de los efectos del cambio clim\u00e1tico.<a href=\"https:\/\/www.porlalibreedomex.com\/wp-content\/uploads\/2019\/06\/WhatsApp-Image-2019-06-13-at-6.53.58-PM.jpeg\"><img loading=\"lazy\" decoding=\"async\" class=\"aligncenter size-large wp-image-31538\" src=\"https:\/\/www.porlalibreedomex.com\/wp-content\/uploads\/2019\/06\/WhatsApp-Image-2019-06-13-at-6.53.58-PM-1024x682.jpeg\" alt=\"\" width=\"800\" height=\"533\" srcset=\"https:\/\/www.porlalibreedomex.com\/wp-content\/uploads\/2019\/06\/WhatsApp-Image-2019-06-13-at-6.53.58-PM-1024x682.jpeg 1024w, https:\/\/www.porlalibreedomex.com\/wp-content\/uploads\/2019\/06\/WhatsApp-Image-2019-06-13-at-6.53.58-PM-300x200.jpeg 300w, https:\/\/www.porlalibreedomex.com\/wp-content\/uploads\/2019\/06\/WhatsApp-Image-2019-06-13-at-6.53.58-PM-768x512.jpeg 768w, https:\/\/www.porlalibreedomex.com\/wp-content\/uploads\/2019\/06\/WhatsApp-Image-2019-06-13-at-6.53.58-PM.jpeg 1280w\" sizes=\"auto, (max-width: 800px) 100vw, 800px\" \/><\/a><\/p>\n<p>La cantidad de 47 mil 300 \u00e1rboles han sido asignados para esta primera reforestaci\u00f3n social y ser\u00e1n plantados en 55 hect\u00e1reas que forman parte de esta Campa\u00f1a, actividad que contribuir\u00e1 a la meta de este a\u00f1o, la cual asciende a 15 millones de \u00e1rboles distribuidos en los distintos ecosistemas de la entidad mexiquense.<\/p>\n<p>Los municipios para esta jornada de reforestaci\u00f3n social son Acolman, Coatepec Harinas, Nicol\u00e1s Romero, Temascaltepec, Tlalmanalco, Villa Victoria y Zinacantepec, por lo que si la comunidad est\u00e1 interesada en participar, puede visitar el situiente sitio web http:\/\/probosque.edomex.gob.mx\/per, para obtener la ubicaci\u00f3n exacta del predio asignado.<\/p>\n<p>Las especies por plantar han sido preparadas y asignadas por especialistas en materia forestal, para garantizar su supervivencia y el equilibrio de los ecosistemas que las albergar\u00e1n de por vida.<\/p>\n<p>Es importante atender las recomendaciones ofrecidas por el personal asignado para coordinar y orientar la forma correcta de plantar un \u00e1rbol, seguir sus instrucciones es vital para garantizar la supervivencia de la planta.<\/p>\n<p>El Gobierno del Estado de M\u00e9xico, la Secretar\u00eda del Medio Ambiente y la Protectora de Bosques agradecen a la sociedad mexiquense su inter\u00e9s y participaci\u00f3n para Darle un Respiro al Edom\u00e9x, al mismo tiempo se invita a seguir pendientes de las redes sociales en Facebook\/ProbosqueEdomex y AmbienteEdomex, y en Twitter @AmbienteEdomex, para enterarse de las siguientes jornadas de reforestaci\u00f3n social.<\/p>\n<p>Para m\u00e1s informaci\u00f3n, Probosque pone a disposici\u00f3n del p\u00fablico la L\u00ednea Verde 01800-018-7878 y el correo electr\u00f3nico probosque.ui@edomex.gob.mx.<\/p>\n","protected":false},"excerpt":{"rendered":"<p>Apoya sociedad mexiquense para llegar a la meta de 15 millones de \u00e1rboles plantados en la Campa\u00f1a Estatal de Reforestaci\u00f3n 2019. Pone Probosque a disposici\u00f3n del p\u00fablico su L\u00ednea Verde 01800-018-7878 y el correo electr\u00f3nico probosque.ui@edomex.gob.mx, para mayor informaci\u00f3n. Metepec, Estado de M\u00e9xico, 13 de junio de 2019. La temporada de lluvias ha iniciado y, [&hellip;]<\/p>\n","protected":false},"author":3,"featured_media":31537,"comment_status":"open","ping_status":"open","sticky":false,"template":"","format":"standard","meta":{"footnotes":""},"categories":[16,9207],"tags":[995],"class_list":{"0":"post-31536","1":"post","2":"type-post","3":"status-publish","4":"format-standard","5":"has-post-thumbnail","7":"category-foto","8":"category-medio-ambiente","9":"tag-reforestacion"},"wps_subtitle":"Realizan jornada ambiental simult\u00e1nea en diversos predios de la entidad.","_links":{"self":[{"href":"https:\/\/www.porlalibreedomex.com\/index.php?rest_route=\/wp\/v2\/posts\/31536","targetHints":{"allow":["GET"]}}],"collection":[{"href":"https:\/\/www.porlalibreedomex.com\/index.php?rest_route=\/wp\/v2\/posts"}],"about":[{"href":"https:\/\/www.porlalibreedomex.com\/index.php?rest_route=\/wp\/v2\/types\/post"}],"author":[{"embeddable":true,"href":"https:\/\/www.porlalibreedomex.com\/index.php?rest_route=\/wp\/v2\/users\/3"}],"replies":[{"embeddable":true,"href":"https:\/\/www.porlalibreedomex.com\/index.php?rest_route=%2Fwp%2Fv2%2Fcomments&post=31536"}],"version-history":[{"count":1,"href":"https:\/\/www.porlalibreedomex.com\/index.php?rest_route=\/wp\/v2\/posts\/31536\/revisions"}],"predecessor-version":[{"id":31539,"href":"https:\/\/www.porlalibreedomex.com\/index.php?rest_route=\/wp\/v2\/posts\/31536\/revisions\/31539"}],"wp:featuredmedia":[{"embeddable":true,"href":"https:\/\/www.porlalibreedomex.com\/index.php?rest_route=\/wp\/v2\/media\/31537"}],"wp:attachment":[{"href":"https:\/\/www.porlalibreedomex.com\/index.php?rest_route=%2Fwp%2Fv2%2Fmedia&parent=31536"}],"wp:term":[{"taxonomy":"category","embeddable":true,"href":"https:\/\/www.porlalibreedomex.com\/index.php?rest_route=%2Fwp%2Fv2%2Fcategories&post=31536"},{"taxonomy":"post_tag","embeddable":true,"href":"https:\/\/www.porlalibreedomex.com\/index.php?rest_route=%2Fwp%2Fv2%2Ftags&post=31536"}],"curies":[{"name":"wp","href":"https:\/\/api.w.org\/{rel}","templated":true}]}}