{"id":31251,"date":"2019-06-03T20:00:40","date_gmt":"2019-06-04T01:00:40","guid":{"rendered":"https:\/\/www.porlalibreedomex.com\/?p=31251"},"modified":"2019-06-03T20:00:40","modified_gmt":"2019-06-04T01:00:40","slug":"realizan-simulacro-de-explosion-en-mercado-de-pirotecna-san-pablito-de-tultepec","status":"publish","type":"post","link":"https:\/\/www.porlalibreedomex.com\/?p=31251","title":{"rendered":"REALIZAN SIMULACRO DE EXPLOSI\u00d3N EN MERCADO DE PIROTECNA \u201cSAN PABLITO\u201d, DE TULTEPEC"},"content":{"rendered":"<p class=\"m_-3142511880153018940x_MsoNormal\" align=\"right\"><b>\u00a0<\/b><\/p>\n<p class=\"m_-3142511880153018940x_MsoNormal\"><i>\u2022 Comprobaron que la nueva construcci\u00f3n de locales y las adecuaciones de seguridad que se hicieron a cada uno de los m\u00f3dulos de este mercado, son capaces de contener una deflagraci\u00f3n.<\/i><\/p>\n<p class=\"m_-3142511880153018940x_MsoNormal\">\n<p class=\"m_-3142511880153018940x_MsoNormal\"><b>Tultepec, Estado de M\u00e9xico, 3 de junio de 2019.<\/b>\u00a0Personal del Instituto Mexiquense de la Pirotecnia (Imepi), en coordinaci\u00f3n con m\u00e1s de 25 elementos de la Secretar\u00eda de la Defensa Nacional (Sedena) y Protecci\u00f3n Civil del Estado de M\u00e9xico, acudieron al Mercado de Artesan\u00edas Pirot\u00e9cnicas \u201cSan Pablito\u201d para realizar un simulacro, con el fin de adoptar las rutinas de acci\u00f3n m\u00e1s convenientes para afrontar una situaci\u00f3n de emergencia.<\/p>\n<p class=\"m_-3142511880153018940x_MsoNormal\">En este supuesto, demostraron que la nueva construcci\u00f3n de locales y las adecuaciones de seguridad que se hicieron a cada uno de los m\u00f3dulos de este mercado, son capaces de contener una deflagraci\u00f3n y que cuentan con todas las medidas de seguridad, lo cual garantiza las fuentes de trabajo de productores y vendedores de pirotecnia.<\/p>\n<figure id=\"attachment_31254\" aria-describedby=\"caption-attachment-31254\" style=\"width: 800px\" class=\"wp-caption aligncenter\"><a href=\"https:\/\/www.porlalibreedomex.com\/wp-content\/uploads\/2019\/06\/WhatsApp-Image-2019-06-03-at-8.59.45-AM.jpeg\"><img loading=\"lazy\" decoding=\"async\" class=\"size-large wp-image-31254\" src=\"https:\/\/www.porlalibreedomex.com\/wp-content\/uploads\/2019\/06\/WhatsApp-Image-2019-06-03-at-8.59.45-AM-1024x576.jpeg\" alt=\"\" width=\"800\" height=\"450\" srcset=\"https:\/\/www.porlalibreedomex.com\/wp-content\/uploads\/2019\/06\/WhatsApp-Image-2019-06-03-at-8.59.45-AM-1024x576.jpeg 1024w, https:\/\/www.porlalibreedomex.com\/wp-content\/uploads\/2019\/06\/WhatsApp-Image-2019-06-03-at-8.59.45-AM-300x169.jpeg 300w, https:\/\/www.porlalibreedomex.com\/wp-content\/uploads\/2019\/06\/WhatsApp-Image-2019-06-03-at-8.59.45-AM-768x432.jpeg 768w, https:\/\/www.porlalibreedomex.com\/wp-content\/uploads\/2019\/06\/WhatsApp-Image-2019-06-03-at-8.59.45-AM.jpeg 1500w\" sizes=\"auto, (max-width: 800px) 100vw, 800px\" \/><\/a><figcaption id=\"caption-attachment-31254\" class=\"wp-caption-text\">Simulacro en el mercado de pirotecnia de San Pablito, en Tultepec.<\/figcaption><\/figure>\n<p class=\"m_-3142511880153018940x_MsoNormal\">Durante estos trabajos se observ\u00f3 que los m\u00f3dulos, en caso de un accidente, resisten el da\u00f1o estructural.<\/p>\n<p class=\"m_-3142511880153018940x_MsoNormal\">En el simulacro, los participantes contaron con el equipamiento de todas las medidas de seguridad, veh\u00edculos de emergencia, dos motobombas y una pipa de agua.<\/p>\n<p><a href=\"https:\/\/www.porlalibreedomex.com\/wp-content\/uploads\/2019\/06\/WhatsApp-Image-2019-06-03-at-9.10.29-AM.jpeg\"><img loading=\"lazy\" decoding=\"async\" class=\"aligncenter size-large wp-image-31253\" src=\"https:\/\/www.porlalibreedomex.com\/wp-content\/uploads\/2019\/06\/WhatsApp-Image-2019-06-03-at-9.10.29-AM-1024x576.jpeg\" alt=\"\" width=\"800\" height=\"450\" srcset=\"https:\/\/www.porlalibreedomex.com\/wp-content\/uploads\/2019\/06\/WhatsApp-Image-2019-06-03-at-9.10.29-AM-1024x576.jpeg 1024w, https:\/\/www.porlalibreedomex.com\/wp-content\/uploads\/2019\/06\/WhatsApp-Image-2019-06-03-at-9.10.29-AM-300x169.jpeg 300w, https:\/\/www.porlalibreedomex.com\/wp-content\/uploads\/2019\/06\/WhatsApp-Image-2019-06-03-at-9.10.29-AM-768x432.jpeg 768w, https:\/\/www.porlalibreedomex.com\/wp-content\/uploads\/2019\/06\/WhatsApp-Image-2019-06-03-at-9.10.29-AM.jpeg 1500w\" sizes=\"auto, (max-width: 800px) 100vw, 800px\" \/><\/a><\/p>\n<p class=\"m_-3142511880153018940x_MsoNormal\">Promover una cultura de autoprotecci\u00f3n entre la sociedad, es uno de los retos m\u00e1s importantes de esta administraci\u00f3n, por lo que el Gobernador Alfredo Del Mazo Maza ha instruido a la Secretar\u00eda General de Gobierno, a trav\u00e9s de la Coordinaci\u00f3n General de Protecci\u00f3n Civil del Estado de M\u00e9xico, implementar simulacros, cursos, talleres y jornadas en materia de pirotecnia, por lo que en esta ocasi\u00f3n se priorizaron las medidas de prevenci\u00f3n y seguridad.<a href=\"https:\/\/www.porlalibreedomex.com\/wp-content\/uploads\/2019\/06\/WhatsApp-Image-2019-06-03-at-9.10.12-AM.jpeg\"><img loading=\"lazy\" decoding=\"async\" class=\"aligncenter size-large wp-image-31255\" src=\"https:\/\/www.porlalibreedomex.com\/wp-content\/uploads\/2019\/06\/WhatsApp-Image-2019-06-03-at-9.10.12-AM-1024x576.jpeg\" alt=\"\" width=\"800\" height=\"450\" srcset=\"https:\/\/www.porlalibreedomex.com\/wp-content\/uploads\/2019\/06\/WhatsApp-Image-2019-06-03-at-9.10.12-AM-1024x576.jpeg 1024w, https:\/\/www.porlalibreedomex.com\/wp-content\/uploads\/2019\/06\/WhatsApp-Image-2019-06-03-at-9.10.12-AM-300x169.jpeg 300w, https:\/\/www.porlalibreedomex.com\/wp-content\/uploads\/2019\/06\/WhatsApp-Image-2019-06-03-at-9.10.12-AM-768x432.jpeg 768w, https:\/\/www.porlalibreedomex.com\/wp-content\/uploads\/2019\/06\/WhatsApp-Image-2019-06-03-at-9.10.12-AM.jpeg 1500w\" sizes=\"auto, (max-width: 800px) 100vw, 800px\" \/><\/a><\/p>\n<p class=\"m_-3142511880153018940x_MsoNormal\">Previo a esta actividad, personal del Imepi dio a conocer los protocolos de actuaci\u00f3n ante emergencias para homologar la informaci\u00f3n en criterio de pirotecnia, en caso de siniestro.<\/p>\n","protected":false},"excerpt":{"rendered":"<p>\u00a0 \u2022 Comprobaron que la nueva construcci\u00f3n de locales y las adecuaciones de seguridad que se hicieron a cada uno de los m\u00f3dulos de este mercado, son capaces de contener una deflagraci\u00f3n. Tultepec, Estado de M\u00e9xico, 3 de junio de 2019.\u00a0Personal del Instituto Mexiquense de la Pirotecnia (Imepi), en coordinaci\u00f3n con m\u00e1s de 25 elementos [&hellip;]<\/p>\n","protected":false},"author":3,"featured_media":31253,"comment_status":"open","ping_status":"open","sticky":false,"template":"","format":"standard","meta":{"footnotes":""},"categories":[9157,16],"tags":[14394,8262,14392,14393],"class_list":{"0":"post-31251","1":"post","2":"type-post","3":"status-publish","4":"format-standard","5":"has-post-thumbnail","7":"category-edomex","8":"category-foto","9":"tag-coheteros-tultepec","10":"tag-mercado-de-san-pablito","11":"tag-pirotecnia","12":"tag-sedena-edomex-municipio"},"wps_subtitle":"Participaron de manera coordinada, los tres niveles de Gobierno durante el ejercicio","_links":{"self":[{"href":"https:\/\/www.porlalibreedomex.com\/index.php?rest_route=\/wp\/v2\/posts\/31251","targetHints":{"allow":["GET"]}}],"collection":[{"href":"https:\/\/www.porlalibreedomex.com\/index.php?rest_route=\/wp\/v2\/posts"}],"about":[{"href":"https:\/\/www.porlalibreedomex.com\/index.php?rest_route=\/wp\/v2\/types\/post"}],"author":[{"embeddable":true,"href":"https:\/\/www.porlalibreedomex.com\/index.php?rest_route=\/wp\/v2\/users\/3"}],"replies":[{"embeddable":true,"href":"https:\/\/www.porlalibreedomex.com\/index.php?rest_route=%2Fwp%2Fv2%2Fcomments&post=31251"}],"version-history":[{"count":1,"href":"https:\/\/www.porlalibreedomex.com\/index.php?rest_route=\/wp\/v2\/posts\/31251\/revisions"}],"predecessor-version":[{"id":31256,"href":"https:\/\/www.porlalibreedomex.com\/index.php?rest_route=\/wp\/v2\/posts\/31251\/revisions\/31256"}],"wp:featuredmedia":[{"embeddable":true,"href":"https:\/\/www.porlalibreedomex.com\/index.php?rest_route=\/wp\/v2\/media\/31253"}],"wp:attachment":[{"href":"https:\/\/www.porlalibreedomex.com\/index.php?rest_route=%2Fwp%2Fv2%2Fmedia&parent=31251"}],"wp:term":[{"taxonomy":"category","embeddable":true,"href":"https:\/\/www.porlalibreedomex.com\/index.php?rest_route=%2Fwp%2Fv2%2Fcategories&post=31251"},{"taxonomy":"post_tag","embeddable":true,"href":"https:\/\/www.porlalibreedomex.com\/index.php?rest_route=%2Fwp%2Fv2%2Ftags&post=31251"}],"curies":[{"name":"wp","href":"https:\/\/api.w.org\/{rel}","templated":true}]}}