{"id":31224,"date":"2019-05-30T01:30:21","date_gmt":"2019-05-30T06:30:21","guid":{"rendered":"https:\/\/www.porlalibreedomex.com\/?p=31224"},"modified":"2019-05-31T01:30:58","modified_gmt":"2019-05-31T06:30:58","slug":"presentara-uaem-3-3-gestos-materiales-de-los-ganadores-del-concurso-arte-abierto-arte-para-todos","status":"publish","type":"post","link":"https:\/\/www.porlalibreedomex.com\/?p=31224","title":{"rendered":"Presentar\u00e1 UAEM\u00a0\u201c3\/3: Gestos materiales\u201d, de los ganadores del concurso \u00abArte Abierto, Arte para Todos\u00bb"},"content":{"rendered":"<p style=\"font-weight: 400;\"><strong>\u00a0<\/strong><\/p>\n<p style=\"font-weight: 400;\"><strong>\u00a0<\/strong><\/p>\n<ul>\n<li style=\"font-weight: 400;\"><em>La\u00a0obra colectiva escult\u00f3rica se inaugurar\u00e1 el viernes 7 de junio, a las 19:00 horas, en el Museo Leopoldo Flores (MULF) de la Universidad Aut\u00f3noma del Estado de M\u00e9xico.<\/em><\/li>\n<\/ul>\n<p style=\"font-weight: 400;\"><strong><em>\u00a0<\/em><\/strong><\/p>\n<p style=\"font-weight: 400;\"><strong>Toluca, M\u00e9xivo, 30 de mayo de 2019.<\/strong>\u00a0El viernes 7 de junio, a las 19:00 horas, se inaugurar\u00e1 la obra colectiva escult\u00f3rica \u201c3\/3: Gestos materiales\u201d, segunda muestra ganadora de la 14\u00aa edici\u00f3n del Concurso Internacional \u201cArte Abierto, Arte para Todos\u201d, que realiza anualmente el Museo Universitario Leopoldo Flores (MULF) de la Universidad Aut\u00f3noma del Estado de M\u00e9xico.<\/p>\n<p style=\"font-weight: 400;\">\u00a0\u00a0\u00a0\u00a0\u00a0\u00a0\u00a0\u00a0\u00a0\u00a0\u00a0 Durante conferencia de prensa, el secretario de Difusi\u00f3n Cultural de la UAEM, Edgar Miranda Ortiz, destac\u00f3 que el trabajo de j\u00f3venes artistas de Baja California, Stephan\u00eda Bueno, Emma Jatziri L\u00f3pez y Alejandro Baz\u00e1n, fue seleccionado de un total de 68 propuestas art\u00edsticas que cumpl\u00edan con los est\u00e1ndares de la convocatoria.<\/p>\n<p style=\"font-weight: 400;\">\u00a0\u00a0\u00a0\u00a0\u00a0\u00a0\u00a0\u00a0\u00a0\u00a0\u00a0 Ante la directora del MULF, Gabriela Morales San Juan, el servidor universitario indic\u00f3 que previo a la inauguraci\u00f3n de la obra, los artistas ofrecer\u00e1n el Taller Tejido de Redes, que se llevar\u00e1 a cabo del 4 al 6 de junio, de 14:00 a 16:00 horas, a fin de que los participantes tengan la oportunidad de interactuar con los artistas.<\/p>\n<p style=\"font-weight: 400;\">\u00a0\u00a0\u00a0\u00a0\u00a0\u00a0\u00a0\u00a0\u00a0\u00a0\u00a0 Stephan\u00eda Bueno y Emma Jatziri L\u00f3pez manifestaron que su propuesta art\u00edstica recupera la escultura y las expresiones culturales que se viven en la zona fronteriza del norte de M\u00e9xico.<\/p>\n<p style=\"font-weight: 400;\">\u00a0\u00a0\u00a0\u00a0\u00a0\u00a0\u00a0\u00a0\u00a0\u00a0\u00a0 Acompa\u00f1ada del director de Museos de la Aut\u00f3noma mexiquense, Jorge Guadarrama L\u00f3pez, Morales San Juan detall\u00f3 que esta muestra contribuye a mostrar la expresi\u00f3n escult\u00f3rica, cuya vertiente art\u00edstica es vigente en el campo profesional del arte.<\/p>\n<p style=\"font-weight: 400;\">\u00a0\u00a0\u00a0\u00a0\u00a0\u00a0\u00a0\u00a0\u00a0\u00a0\u00a0 Cabe destacar que las obras seleccionadas para este certamen internacional de la UAEM son calificadas por un jurado especializado, cuyos integrantes eval\u00faan la propuesta art\u00edstica completa y una buena factura, entre otros elementos.<\/p>\n<p style=\"font-weight: 400;\">\u00a0\u00a0\u00a0\u00a0\u00a0\u00a0\u00a0\u00a0\u00a0\u00a0\u00a0 Los ganadores de este concurso reciben un incentivo econ\u00f3mico, la exhibici\u00f3n de su obra en el recinto muse\u00edstico de la UAEM, as\u00ed como la elaboraci\u00f3n del montaje y un cat\u00e1logo por parte de integrantes del MULF.<\/p>\n","protected":false},"excerpt":{"rendered":"<p>\u00a0 \u00a0 La\u00a0obra colectiva escult\u00f3rica se inaugurar\u00e1 el viernes 7 de junio, a las 19:00 horas, en el Museo Leopoldo Flores (MULF) de la Universidad Aut\u00f3noma del Estado de M\u00e9xico. \u00a0 Toluca, M\u00e9xivo, 30 de mayo de 2019.\u00a0El viernes 7 de junio, a las 19:00 horas, se inaugurar\u00e1 la obra colectiva escult\u00f3rica \u201c3\/3: Gestos materiales\u201d, [&hellip;]<\/p>\n","protected":false},"author":3,"featured_media":31225,"comment_status":"open","ping_status":"open","sticky":false,"template":"","format":"standard","meta":{"footnotes":""},"categories":[9873,16],"tags":[14381,6640,14382,837],"class_list":{"0":"post-31224","1":"post","2":"type-post","3":"status-publish","4":"format-standard","5":"has-post-thumbnail","7":"category-cultura","8":"category-foto","9":"tag-arte-para-tiodos","10":"tag-ex-rector-jorge-guadarrama-lopez","11":"tag-expo-en-el-mulf-uaem","12":"tag-jorge-guadarrama-lopez"},"wps_subtitle":"","_links":{"self":[{"href":"https:\/\/www.porlalibreedomex.com\/index.php?rest_route=\/wp\/v2\/posts\/31224","targetHints":{"allow":["GET"]}}],"collection":[{"href":"https:\/\/www.porlalibreedomex.com\/index.php?rest_route=\/wp\/v2\/posts"}],"about":[{"href":"https:\/\/www.porlalibreedomex.com\/index.php?rest_route=\/wp\/v2\/types\/post"}],"author":[{"embeddable":true,"href":"https:\/\/www.porlalibreedomex.com\/index.php?rest_route=\/wp\/v2\/users\/3"}],"replies":[{"embeddable":true,"href":"https:\/\/www.porlalibreedomex.com\/index.php?rest_route=%2Fwp%2Fv2%2Fcomments&post=31224"}],"version-history":[{"count":1,"href":"https:\/\/www.porlalibreedomex.com\/index.php?rest_route=\/wp\/v2\/posts\/31224\/revisions"}],"predecessor-version":[{"id":31226,"href":"https:\/\/www.porlalibreedomex.com\/index.php?rest_route=\/wp\/v2\/posts\/31224\/revisions\/31226"}],"wp:featuredmedia":[{"embeddable":true,"href":"https:\/\/www.porlalibreedomex.com\/index.php?rest_route=\/wp\/v2\/media\/31225"}],"wp:attachment":[{"href":"https:\/\/www.porlalibreedomex.com\/index.php?rest_route=%2Fwp%2Fv2%2Fmedia&parent=31224"}],"wp:term":[{"taxonomy":"category","embeddable":true,"href":"https:\/\/www.porlalibreedomex.com\/index.php?rest_route=%2Fwp%2Fv2%2Fcategories&post=31224"},{"taxonomy":"post_tag","embeddable":true,"href":"https:\/\/www.porlalibreedomex.com\/index.php?rest_route=%2Fwp%2Fv2%2Ftags&post=31224"}],"curies":[{"name":"wp","href":"https:\/\/api.w.org\/{rel}","templated":true}]}}