{"id":31159,"date":"2019-05-29T22:24:02","date_gmt":"2019-05-30T03:24:02","guid":{"rendered":"https:\/\/www.porlalibreedomex.com\/?p=31159"},"modified":"2019-05-29T22:24:02","modified_gmt":"2019-05-30T03:24:02","slug":"ofrece-museo-virreinal-de-zinacantepec-fiesta-alas-y-raices","status":"publish","type":"post","link":"https:\/\/www.porlalibreedomex.com\/?p=31159","title":{"rendered":"OFRECE MUSEO VIRREINAL DE ZINACANTEPEC FIESTA \u201cALAS Y RA\u00cdCES\u201d"},"content":{"rendered":"<ul>\n<li><em><strong>Busca esta actividad que las ni\u00f1as, ni\u00f1os y adolescentes, establezcan un compromiso hacia la defensa de sus derechos.<\/strong><\/em><\/li>\n<li><em><strong>Participan en obras de teatro, pl\u00e1ticas y talleres que reforzaron principios y valores en los infantes.<\/strong><\/em><\/li>\n<\/ul>\n<p><strong>Toluca, Estado de M\u00e9xico, 29 de mayo de 2019.<\/strong> Como cada a\u00f1o, dentro del Programa de Desarrollo Cultural Infantil del Estado de M\u00e9xico, se desarroll\u00f3 la Fiesta \u201cAlas y Ra\u00edces\u201d, en las instalaciones del Museo Virreinal de Zinacantepec, donde el 28 y 29 de mayo se abord\u00f3 el tema \u201cLos derechos de ni\u00f1as, ni\u00f1os y adolescentes\u201d.<\/p>\n<p>Durante la inauguraci\u00f3n de esta actividad, se cont\u00f3 con la participaci\u00f3n de Ariana Yolotzin Guapo Cuate y Santiago Hern\u00e1ndez Teja, representantes de las ni\u00f1as y ni\u00f1os de Zinacantepec, quienes hablaron frente a estudiantes de las primarias Emiliano Zapata y Jos\u00e9 Mar\u00eda Morelos de este municipio.<a href=\"https:\/\/www.porlalibreedomex.com\/wp-content\/uploads\/2019\/05\/WhatsApp-Image-2019-05-29-at-10.08.40-AM.jpeg\"><img loading=\"lazy\" decoding=\"async\" class=\"aligncenter size-large wp-image-31161\" src=\"https:\/\/www.porlalibreedomex.com\/wp-content\/uploads\/2019\/05\/WhatsApp-Image-2019-05-29-at-10.08.40-AM-1024x682.jpeg\" alt=\"\" width=\"800\" height=\"533\" srcset=\"https:\/\/www.porlalibreedomex.com\/wp-content\/uploads\/2019\/05\/WhatsApp-Image-2019-05-29-at-10.08.40-AM-1024x682.jpeg 1024w, https:\/\/www.porlalibreedomex.com\/wp-content\/uploads\/2019\/05\/WhatsApp-Image-2019-05-29-at-10.08.40-AM-300x200.jpeg 300w, https:\/\/www.porlalibreedomex.com\/wp-content\/uploads\/2019\/05\/WhatsApp-Image-2019-05-29-at-10.08.40-AM-768x512.jpeg 768w, https:\/\/www.porlalibreedomex.com\/wp-content\/uploads\/2019\/05\/WhatsApp-Image-2019-05-29-at-10.08.40-AM.jpeg 1280w\" sizes=\"auto, (max-width: 800px) 100vw, 800px\" \/><\/a><\/p>\n<p>Durante el primer d\u00eda de actividades art\u00edstico-culturales presentaron el espect\u00e1culo teatral \u201cEl rey de Uxmal\u201d, una historia de aventura, cuya esencia es inculcar valores y principios como la solidaridad.<\/p>\n<p>Paralelamente, realizaron talleres l\u00fadicos como el de Burbujas gigantes \u201cLos colores de mi pueblo\u201d, que busca promover el conocimiento de la ciencia a trav\u00e9s del arte, y donde los participantes crearon figuras utilizando los colores tradicionales de los pueblos y comunidades del Estado de M\u00e9xico.<\/p>\n<p>En el taller de Cuento de t\u00fanel, que est\u00e1 dise\u00f1ado para fomentar el valor de la inclusi\u00f3n de ni\u00f1as, ni\u00f1os y adolescentes con y sin discapacidad, los participantes armaron un cuento que se puede leer a trav\u00e9s de una especie de t\u00fanel.<a href=\"https:\/\/www.porlalibreedomex.com\/wp-content\/uploads\/2019\/05\/WhatsApp-Image-2019-05-29-at-10.08.41-AM.jpeg\"><img loading=\"lazy\" decoding=\"async\" class=\"aligncenter size-large wp-image-31164\" src=\"https:\/\/www.porlalibreedomex.com\/wp-content\/uploads\/2019\/05\/WhatsApp-Image-2019-05-29-at-10.08.41-AM-1024x682.jpeg\" alt=\"\" width=\"800\" height=\"533\" srcset=\"https:\/\/www.porlalibreedomex.com\/wp-content\/uploads\/2019\/05\/WhatsApp-Image-2019-05-29-at-10.08.41-AM-1024x682.jpeg 1024w, https:\/\/www.porlalibreedomex.com\/wp-content\/uploads\/2019\/05\/WhatsApp-Image-2019-05-29-at-10.08.41-AM-300x200.jpeg 300w, https:\/\/www.porlalibreedomex.com\/wp-content\/uploads\/2019\/05\/WhatsApp-Image-2019-05-29-at-10.08.41-AM-768x512.jpeg 768w, https:\/\/www.porlalibreedomex.com\/wp-content\/uploads\/2019\/05\/WhatsApp-Image-2019-05-29-at-10.08.41-AM.jpeg 1280w\" sizes=\"auto, (max-width: 800px) 100vw, 800px\" \/><\/a><\/p>\n<p>A trav\u00e9s del taller de Papalotes, ense\u00f1aron a los peque\u00f1os que las culturas se unen de diferentes maneras, en este caso, a trav\u00e9s de este tradicional juguete, adem\u00e1s pudieron conocer los papalotes japoneses y mexicanos.<\/p>\n<p>Para mostrar la importancia de la creaci\u00f3n y elaboraci\u00f3n de un personaje de su propia historia, las y los ni\u00f1os participaron en el taller de T\u00edtere pat\u00edn, donde ellos, como protagonistas, hablaron del derecho que tienen a dar su opini\u00f3n frente a los dem\u00e1s.<a href=\"https:\/\/www.porlalibreedomex.com\/wp-content\/uploads\/2019\/05\/WhatsApp-Image-2019-05-29-at-10.08.41-AM-1.jpeg\"><img loading=\"lazy\" decoding=\"async\" class=\"aligncenter size-large wp-image-31163\" src=\"https:\/\/www.porlalibreedomex.com\/wp-content\/uploads\/2019\/05\/WhatsApp-Image-2019-05-29-at-10.08.41-AM-1-1024x682.jpeg\" alt=\"\" width=\"800\" height=\"533\" srcset=\"https:\/\/www.porlalibreedomex.com\/wp-content\/uploads\/2019\/05\/WhatsApp-Image-2019-05-29-at-10.08.41-AM-1-1024x682.jpeg 1024w, https:\/\/www.porlalibreedomex.com\/wp-content\/uploads\/2019\/05\/WhatsApp-Image-2019-05-29-at-10.08.41-AM-1-300x200.jpeg 300w, https:\/\/www.porlalibreedomex.com\/wp-content\/uploads\/2019\/05\/WhatsApp-Image-2019-05-29-at-10.08.41-AM-1-768x512.jpeg 768w, https:\/\/www.porlalibreedomex.com\/wp-content\/uploads\/2019\/05\/WhatsApp-Image-2019-05-29-at-10.08.41-AM-1.jpeg 1280w\" sizes=\"auto, (max-width: 800px) 100vw, 800px\" \/><\/a><\/p>\n<p>Todos estos talleres se realizan en la huerta ubicada en la parte trasera del Museo a excepci\u00f3n del de danza el cual enfatiz\u00f3 el tema de derecho de los ni\u00f1os a vivir sin ser discriminados, y se imparti\u00f3 dentro del Museo Virreinal.<\/p>\n<p>En la Fiesta \u201cAlas y Ra\u00edces\u201d estuvieron presentes autoridades de la cultura estatal como Ivett Tinoco Garc\u00eda, Directora General de Patrimonio y Servicios Culturales, Juan Carlos Muci\u00f1o, Director de Servicios Culturales, Andrea Zelaya Freyman, Directora del museo anfitri\u00f3n, y Leopoldo Romero, Secretario Particular del Presidente Municipal de Zinacantepec.<a href=\"https:\/\/www.porlalibreedomex.com\/wp-content\/uploads\/2019\/05\/WhatsApp-Image-2019-05-29-at-10.08.41-AM-2.jpeg\"><img loading=\"lazy\" decoding=\"async\" class=\"aligncenter size-large wp-image-31162\" src=\"https:\/\/www.porlalibreedomex.com\/wp-content\/uploads\/2019\/05\/WhatsApp-Image-2019-05-29-at-10.08.41-AM-2-1024x682.jpeg\" alt=\"\" width=\"800\" height=\"533\" srcset=\"https:\/\/www.porlalibreedomex.com\/wp-content\/uploads\/2019\/05\/WhatsApp-Image-2019-05-29-at-10.08.41-AM-2-1024x682.jpeg 1024w, https:\/\/www.porlalibreedomex.com\/wp-content\/uploads\/2019\/05\/WhatsApp-Image-2019-05-29-at-10.08.41-AM-2-300x200.jpeg 300w, https:\/\/www.porlalibreedomex.com\/wp-content\/uploads\/2019\/05\/WhatsApp-Image-2019-05-29-at-10.08.41-AM-2-768x512.jpeg 768w, https:\/\/www.porlalibreedomex.com\/wp-content\/uploads\/2019\/05\/WhatsApp-Image-2019-05-29-at-10.08.41-AM-2.jpeg 1280w\" sizes=\"auto, (max-width: 800px) 100vw, 800px\" \/><\/a><\/p>\n","protected":false},"excerpt":{"rendered":"<p>Busca esta actividad que las ni\u00f1as, ni\u00f1os y adolescentes, establezcan un compromiso hacia la defensa de sus derechos. Participan en obras de teatro, pl\u00e1ticas y talleres que reforzaron principios y valores en los infantes. Toluca, Estado de M\u00e9xico, 29 de mayo de 2019. Como cada a\u00f1o, dentro del Programa de Desarrollo Cultural Infantil del Estado [&hellip;]<\/p>\n","protected":false},"author":3,"featured_media":31160,"comment_status":"open","ping_status":"open","sticky":false,"template":"","format":"standard","meta":{"footnotes":""},"categories":[9873,16],"tags":[14355,14354,10636],"class_list":{"0":"post-31159","1":"post","2":"type-post","3":"status-publish","4":"format-standard","5":"has-post-thumbnail","7":"category-cultura","8":"category-foto","9":"tag-actividades-ludicas","10":"tag-festival-alas-y-raices","11":"tag-secretaria-de-cultura-edomex"},"wps_subtitle":"","_links":{"self":[{"href":"https:\/\/www.porlalibreedomex.com\/index.php?rest_route=\/wp\/v2\/posts\/31159","targetHints":{"allow":["GET"]}}],"collection":[{"href":"https:\/\/www.porlalibreedomex.com\/index.php?rest_route=\/wp\/v2\/posts"}],"about":[{"href":"https:\/\/www.porlalibreedomex.com\/index.php?rest_route=\/wp\/v2\/types\/post"}],"author":[{"embeddable":true,"href":"https:\/\/www.porlalibreedomex.com\/index.php?rest_route=\/wp\/v2\/users\/3"}],"replies":[{"embeddable":true,"href":"https:\/\/www.porlalibreedomex.com\/index.php?rest_route=%2Fwp%2Fv2%2Fcomments&post=31159"}],"version-history":[{"count":1,"href":"https:\/\/www.porlalibreedomex.com\/index.php?rest_route=\/wp\/v2\/posts\/31159\/revisions"}],"predecessor-version":[{"id":31165,"href":"https:\/\/www.porlalibreedomex.com\/index.php?rest_route=\/wp\/v2\/posts\/31159\/revisions\/31165"}],"wp:featuredmedia":[{"embeddable":true,"href":"https:\/\/www.porlalibreedomex.com\/index.php?rest_route=\/wp\/v2\/media\/31160"}],"wp:attachment":[{"href":"https:\/\/www.porlalibreedomex.com\/index.php?rest_route=%2Fwp%2Fv2%2Fmedia&parent=31159"}],"wp:term":[{"taxonomy":"category","embeddable":true,"href":"https:\/\/www.porlalibreedomex.com\/index.php?rest_route=%2Fwp%2Fv2%2Fcategories&post=31159"},{"taxonomy":"post_tag","embeddable":true,"href":"https:\/\/www.porlalibreedomex.com\/index.php?rest_route=%2Fwp%2Fv2%2Ftags&post=31159"}],"curies":[{"name":"wp","href":"https:\/\/api.w.org\/{rel}","templated":true}]}}