{"id":30680,"date":"2019-05-08T17:23:24","date_gmt":"2019-05-08T22:23:24","guid":{"rendered":"https:\/\/www.porlalibreedomex.com\/?p=30680"},"modified":"2019-05-09T17:23:44","modified_gmt":"2019-05-09T22:23:44","slug":"atendio-personal-del-issemym-a-18-policias-estatales-involucrados-en-accidente-en-tejupilco","status":"publish","type":"post","link":"https:\/\/www.porlalibreedomex.com\/?p=30680","title":{"rendered":"ATENDI\u00d3 PERSONAL DEL ISSEMYM A 18 POLIC\u00cdAS ESTATALES INVOLUCRADOS EN ACCIDENTE EN TEJUPILCO"},"content":{"rendered":"<p style=\"font-weight: 400;\"><strong>\u00a0<\/strong><strong>\u00a0<\/strong><\/p>\n<p style=\"font-weight: 400;\"><strong>Toluca, Estado de M\u00e9xico, 8 de mayo de 2019.<\/strong>\u00a0En relaci\u00f3n al accidente ocurrido la ma\u00f1ana de este mi\u00e9rcoles en Tejupilco, donde resultaron lesionados 18 integrantes de la Secretar\u00eda de Seguridad del Estado de M\u00e9xico, el Instituto de Seguridad Social del Estado de M\u00e9xico y Municipios (ISSEMyM) informa que, de acuerdo con su condici\u00f3n o lesiones, nueve de ellos fueron canalizados al Centro M\u00e9dico ISSEMyM Toluca y los otros nueve al Hospital Regional Toluca.<\/p>\n<p style=\"font-weight: 400;\">Los servidores p\u00fablicos est\u00e1n siendo atendidos con personal especializado y tecnolog\u00eda de punta, de acuerdo con el siguiente cuadro de lesiones, algunos de ellos fueron intervenidos quir\u00fargicamente.<\/p>\n<p style=\"font-weight: 400;\">En el Centro M\u00e9dico ISSEMyM Toluca un Polic\u00eda Segundo fue intervenido quir\u00fargicamente y se encuentra en terapia intensiva, recibi\u00f3 atenciones por fractura de f\u00e9mur derecho, fractura de tibia distal derecha, fractura de tibia proximal izquierda, fractura de mal\u00e9olo derecho.<\/p>\n<p style=\"font-weight: 400;\">Un Polic\u00eda Tercero fue atendido quir\u00fargicamente por Fractura Diafisiaria de f\u00e9mur derecho y otro del mismo rango recibi\u00f3 atenciones por herida en occipital y fractura de clav\u00edcula derecha.<\/p>\n<p style=\"font-weight: 400;\">Otro Polic\u00eda se encuentra en observaci\u00f3n, luego de ser atendido por una luxaci\u00f3n de cadera reducida, y por heridas contusas en cara y nariz y lesi\u00f3n de nervio ci\u00e1tico.<\/p>\n<p style=\"font-weight: 400;\">Un Suboficial se encuentra en cama, tras recibir atenci\u00f3n por fractura con desplazamiento de la tercera v\u00e9rtebra lumbar y se presume probable lesi\u00f3n medular.<\/p>\n<p style=\"font-weight: 400;\">Un Polic\u00eda Segundo se atendi\u00f3 por fractura puntiforme de peron\u00e9 derecho y herida en pierna derecha (f\u00e9rula).<\/p>\n<p style=\"font-weight: 400;\">Otro Polic\u00eda se encuentra en observaci\u00f3n, luego de ser atendido por contusiones en muslo derecho y en cr\u00e1neo, as\u00ed como de un esguince cervical.<\/p>\n<p style=\"font-weight: 400;\">De igual forma, uno m\u00e1s presenta trauma abdominal agudo, ingres\u00f3 a quir\u00f3fano para laparotom\u00eda exploratoria. Tiene fractura de pelvis, fractura costal con derrame pleural izquierdo y tras la operaci\u00f3n, el paciente se encuentra en recuperaci\u00f3n, despu\u00e9s de hacerle una laparotom\u00eda en donde le realizaron una esplenectom\u00eda (extirpaci\u00f3n del bazo). Su estado de salud es estable.<\/p>\n<p style=\"font-weight: 400;\">Cinco lesionados ya han sido dados de alta y los dem\u00e1s est\u00e1n siendo atendidos por esguinces, luxaciones, contusiones y heridas diversas.<\/p>\n","protected":false},"excerpt":{"rendered":"<p>\u00a0\u00a0 Toluca, Estado de M\u00e9xico, 8 de mayo de 2019.\u00a0En relaci\u00f3n al accidente ocurrido la ma\u00f1ana de este mi\u00e9rcoles en Tejupilco, donde resultaron lesionados 18 integrantes de la Secretar\u00eda de Seguridad del Estado de M\u00e9xico, el Instituto de Seguridad Social del Estado de M\u00e9xico y Municipios (ISSEMyM) informa que, de acuerdo con su condici\u00f3n o [&hellip;]<\/p>\n","protected":false},"author":3,"featured_media":30681,"comment_status":"open","ping_status":"open","sticky":false,"template":"","format":"standard","meta":{"footnotes":""},"categories":[16,9149],"tags":[14184,14182,14183],"class_list":{"0":"post-30680","1":"post","2":"type-post","3":"status-publish","4":"format-standard","5":"has-post-thumbnail","7":"category-foto","8":"category-policiaca","9":"tag-issemym-atiende-a-policias","10":"tag-policias-accidentados","11":"tag-policias-tejupilco"},"wps_subtitle":"","_links":{"self":[{"href":"https:\/\/www.porlalibreedomex.com\/index.php?rest_route=\/wp\/v2\/posts\/30680","targetHints":{"allow":["GET"]}}],"collection":[{"href":"https:\/\/www.porlalibreedomex.com\/index.php?rest_route=\/wp\/v2\/posts"}],"about":[{"href":"https:\/\/www.porlalibreedomex.com\/index.php?rest_route=\/wp\/v2\/types\/post"}],"author":[{"embeddable":true,"href":"https:\/\/www.porlalibreedomex.com\/index.php?rest_route=\/wp\/v2\/users\/3"}],"replies":[{"embeddable":true,"href":"https:\/\/www.porlalibreedomex.com\/index.php?rest_route=%2Fwp%2Fv2%2Fcomments&post=30680"}],"version-history":[{"count":1,"href":"https:\/\/www.porlalibreedomex.com\/index.php?rest_route=\/wp\/v2\/posts\/30680\/revisions"}],"predecessor-version":[{"id":30682,"href":"https:\/\/www.porlalibreedomex.com\/index.php?rest_route=\/wp\/v2\/posts\/30680\/revisions\/30682"}],"wp:featuredmedia":[{"embeddable":true,"href":"https:\/\/www.porlalibreedomex.com\/index.php?rest_route=\/wp\/v2\/media\/30681"}],"wp:attachment":[{"href":"https:\/\/www.porlalibreedomex.com\/index.php?rest_route=%2Fwp%2Fv2%2Fmedia&parent=30680"}],"wp:term":[{"taxonomy":"category","embeddable":true,"href":"https:\/\/www.porlalibreedomex.com\/index.php?rest_route=%2Fwp%2Fv2%2Fcategories&post=30680"},{"taxonomy":"post_tag","embeddable":true,"href":"https:\/\/www.porlalibreedomex.com\/index.php?rest_route=%2Fwp%2Fv2%2Ftags&post=30680"}],"curies":[{"name":"wp","href":"https:\/\/api.w.org\/{rel}","templated":true}]}}