{"id":306,"date":"2014-04-08T02:28:19","date_gmt":"2014-04-08T02:28:19","guid":{"rendered":"http:\/\/porlalibre.info\/?p=306"},"modified":"2014-04-08T02:28:19","modified_gmt":"2014-04-08T02:28:19","slug":"por-el-placer-de-leer-en-metepec-en-la-casa-del-diezmo-el-martes","status":"publish","type":"post","link":"https:\/\/www.porlalibreedomex.com\/?p=306","title":{"rendered":"POR EL PLACER DE LEER EN METEPEC, EN LA CASA DEL DIEZMO, EL MARTES"},"content":{"rendered":"<p style=\"text-align: left;\" align=\"center\"><span style=\"line-height: 1.5;\">\u00b7 En esta ocasi\u00f3n, el\u00a0<\/span><b style=\"line-height: 1.5;\">\u00a0taller abordar\u00e1 la obra obra de la nobel de literatura, Grazia Deledda<\/b><\/p>\n<p><b>Metepec, Estado de M\u00e9xico, 7 de abril de 2014.<\/b>\u00a0Ma\u00f1ana martes el taller\u00a0<i>Por el placer de leer, que se realiza en el Centro Cultural el Diezmo,<\/i>\u00a0dedicar\u00e1 su tiempo al estudio de la obra de la nobel de literatura Grazia Deledda.<\/p>\n<p><!--more-->\u00a0Bertha Balestra, cronista, poeta y promotora cultural del municipio analizar\u00e1, junto con adolescentes y adultos, el estilo de Grazia Deledda, fomentando el intercambio de opiniones entre los asistentes.<\/p>\n<p>El legado de la escritora italiana vincula lugares y personas en sus novelas, as\u00ed como estados de \u00e1nimo y paisajes, encaminados a su gusto por la narrativa y la po\u00e9tica y se fundamenta en experiencias de amor y dolor en las que concibe la culpa y el pecado.<\/p>\n<p>Bertha Balestra, recientemente ratificada en su cargo como cronista de Metepec, impartir\u00e1 este taller de las 12:00 a las 14:00 horas, en el centro cultural El Diezmo, ubicado a un costado de la Plaza Benito Ju\u00e1rez.<\/p>\n","protected":false},"excerpt":{"rendered":"<p>\u00b7 En esta ocasi\u00f3n, el\u00a0\u00a0taller abordar\u00e1 la obra obra de la nobel de literatura, Grazia Deledda Metepec, Estado de M\u00e9xico, 7 de abril de 2014.\u00a0Ma\u00f1ana martes el taller\u00a0Por el placer de leer, que se realiza en el Centro Cultural el Diezmo,\u00a0dedicar\u00e1 su tiempo al estudio de la obra de la nobel de literatura Grazia Deledda.<\/p>\n","protected":false},"author":2,"featured_media":0,"comment_status":"open","ping_status":"open","sticky":false,"template":"","format":"standard","meta":{"footnotes":""},"categories":[53,1],"tags":[142,4,143,144],"class_list":{"0":"post-306","1":"post","2":"type-post","3":"status-publish","4":"format-standard","6":"category-agenda","7":"category-uncategorized","8":"tag-grazia-deledda","9":"tag-metepec","10":"tag-nobel-de-literatura","11":"tag-por-el-placer-de-leer"},"wps_subtitle":"","_links":{"self":[{"href":"https:\/\/www.porlalibreedomex.com\/index.php?rest_route=\/wp\/v2\/posts\/306","targetHints":{"allow":["GET"]}}],"collection":[{"href":"https:\/\/www.porlalibreedomex.com\/index.php?rest_route=\/wp\/v2\/posts"}],"about":[{"href":"https:\/\/www.porlalibreedomex.com\/index.php?rest_route=\/wp\/v2\/types\/post"}],"author":[{"embeddable":true,"href":"https:\/\/www.porlalibreedomex.com\/index.php?rest_route=\/wp\/v2\/users\/2"}],"replies":[{"embeddable":true,"href":"https:\/\/www.porlalibreedomex.com\/index.php?rest_route=%2Fwp%2Fv2%2Fcomments&post=306"}],"version-history":[{"count":0,"href":"https:\/\/www.porlalibreedomex.com\/index.php?rest_route=\/wp\/v2\/posts\/306\/revisions"}],"wp:attachment":[{"href":"https:\/\/www.porlalibreedomex.com\/index.php?rest_route=%2Fwp%2Fv2%2Fmedia&parent=306"}],"wp:term":[{"taxonomy":"category","embeddable":true,"href":"https:\/\/www.porlalibreedomex.com\/index.php?rest_route=%2Fwp%2Fv2%2Fcategories&post=306"},{"taxonomy":"post_tag","embeddable":true,"href":"https:\/\/www.porlalibreedomex.com\/index.php?rest_route=%2Fwp%2Fv2%2Ftags&post=306"}],"curies":[{"name":"wp","href":"https:\/\/api.w.org\/{rel}","templated":true}]}}