{"id":30599,"date":"2019-05-06T00:55:46","date_gmt":"2019-05-06T05:55:46","guid":{"rendered":"https:\/\/www.porlalibreedomex.com\/?p=30599"},"modified":"2019-05-07T01:13:26","modified_gmt":"2019-05-07T06:13:26","slug":"prepara-edomex-plan-integral-para-proteger-a-motociclistas","status":"publish","type":"post","link":"https:\/\/www.porlalibreedomex.com\/?p=30599","title":{"rendered":"PREPARA EDOM\u00c9X PLAN INTEGRAL PARA PROTEGER A MOTOCICLISTAS"},"content":{"rendered":"<ul>\n<li><strong>Suman esta iniciativa a la estrategia integral de movilidad propuesta por el Gobernador Alfredo Del Mazo para mejorar la seguridad vial<\/strong><\/li>\n<\/ul>\n<p>&nbsp;<\/p>\n<p><strong>El Oro, Estado de M\u00e9xico, 6 de mayo de 2019.<\/strong> Al encabezar la Primera Rodada Motociclista para la Seguridad Vial del Estado de M\u00e9xico, el Secretario de Movilidad, Raymundo Mart\u00ednez Carbajal, anunci\u00f3 que se prepara un Plan Integral de Protecci\u00f3n para los motociclistas, sector considerado vulnerable.<\/p>\n<p>La Rodavial Motociclista, en la que participaron m\u00e1s de mil 500 integrantes de ocho agrupaciones del sector, inici\u00f3 en Toluca y despu\u00e9s de cuatro horas de recorrido lleg\u00f3 al Pueblo M\u00e1gico de El Oro.<\/p>\n<p>En el sitio, el titular de la Secretar\u00eda de Movilidad estatal (Semov) dijo que en coordinaci\u00f3n con las Secretar\u00edas de Finanzas, Seguridad P\u00fablica y Turismo, as\u00ed como fabricantes, asociaciones y clubes de motociclistas y acad\u00e9micos, se crear\u00e1 un modelo de protecci\u00f3n para garantizar la integridad f\u00edsica de quien conduce este tipo de transporte individual.<\/p>\n<p>Esta iniciativa, dijo, se suma a la estrategia integral de movilidad que propuso el Gobernador del Estado de M\u00e9xico, Alfredo Del Mazo para mejorar la seguridad vial con acciones contundentes.<\/p>\n<p>Seg\u00fan cifras del Instituto Nacional de Estad\u00edstica y Geograf\u00eda (INEGI) la venta de motocicletas creci\u00f3 406 por ciento entre 2006 y 2017, al pasar de 722 a 3.5 millones.<\/p>\n<p>Lamentablemente, tambi\u00e9n increment\u00f3 hasta en un mil por ciento el n\u00famero de fallecimientos en el mismo periodo, es decir, de 158 que se contabilizaron en 2006, la cifra aument\u00f3 a mil 825 decesos en 2017.<\/p>\n<p>Ante estas cifras, dijo que es necesario aplicar un examen psicof\u00edsico, te\u00f3rico y pr\u00e1ctico para el otorgamiento de licencias, establecer el sistema \u00fanico de registro vehicular y de siniestros viales e incluir medidas para motociclistas en las vialidades y se\u00f1alizaci\u00f3n.<\/p>\n<p>As\u00ed como definir est\u00e1ndares m\u00ednimos de equipamiento para los usuarios, promover en la vestimenta elementos reflejantes para mejorar la visibilidad de los motociclistas y atender de manera temprana y eficiente a motociclistas lesionados.<\/p>\n<p>Acompa\u00f1ado por el Presidente municipal de El Oro, Marco Antonio Barranco S\u00e1nchez, del Presidente de la Alianza Nacional de la Seguridad Vial, Arturo Cervantes Trejo, y de representantes de motociclistas, Mart\u00ednez Carbajal destac\u00f3 la necesidad de crear un Instituto o Agencia Nacional de Seguridad Vial, como \u00f3rgano descentralizado de la administraci\u00f3n federal, con personalidad y patrimonio propios, que funcione como una entidad t\u00e9cnico-operativa que realice estudios y proyectos en la materia, y auxilie en la formulaci\u00f3n y evaluaci\u00f3n de las pol\u00edticas p\u00fablicas de Seguridad Vial en el pa\u00eds, en los estados y en los municipios.<\/p>\n<p>Al respecto, se\u00f1al\u00f3 que el Gobernador Alfredo Del Mazo propuso que en la iniciativa de Ley General de Seguridad Vial, que analiza el Senado de la Rep\u00fablica, se establezca como meta reducir a la mitad el n\u00famero de muertes y lesiones causadas por accidentes de tr\u00e1fico.<\/p>\n<p>Tambi\u00e9n que, para el 2030, se tenga acceso a sistemas de transporte seguros, asequibles, accesibles y sostenibles para todos y mejorar la seguridad vial, en particular mediante la ampliaci\u00f3n del transporte p\u00fablico, prestando especial atenci\u00f3n a las necesidades de las personas en situaci\u00f3n vulnerable, las mujeres, los ni\u00f1os, las personas con discapacidad y las personas de edad avanzada.<\/p>\n<p>Finalmente, se\u00f1al\u00f3 la necesidad de que se incluyan como parte del Sistema Nacional de Seguridad Vial representantes de la sociedad, del sector privado y acad\u00e9micos, integrados en observatorios ciudadanos, consejos consultivos o comit\u00e9s de participaci\u00f3n ciudadana.<\/p>\n","protected":false},"excerpt":{"rendered":"<p>Suman esta iniciativa a la estrategia integral de movilidad propuesta por el Gobernador Alfredo Del Mazo para mejorar la seguridad vial &nbsp; El Oro, Estado de M\u00e9xico, 6 de mayo de 2019. Al encabezar la Primera Rodada Motociclista para la Seguridad Vial del Estado de M\u00e9xico, el Secretario de Movilidad, Raymundo Mart\u00ednez Carbajal, anunci\u00f3 que [&hellip;]<\/p>\n","protected":false},"author":3,"featured_media":30600,"comment_status":"open","ping_status":"open","sticky":false,"template":"","format":"standard","meta":{"footnotes":""},"categories":[16,5],"tags":[14162,305,14161,14160,14159],"class_list":["post-30599","post","type-post","status-publish","format-standard","has-post-thumbnail","category-foto","category-nota-informativa","tag-el-oro-estado-de-mexico","tag-raymundo-martinez-carbajal","tag-rodada-por-la-seguridad","tag-secretario-de-movilidad","tag-seguridad-para-motociclistas"],"wps_subtitle":"Participa Secretario de Movilidad de la entidad en primera rodada por la seguridad vial","_links":{"self":[{"href":"https:\/\/www.porlalibreedomex.com\/index.php?rest_route=\/wp\/v2\/posts\/30599","targetHints":{"allow":["GET"]}}],"collection":[{"href":"https:\/\/www.porlalibreedomex.com\/index.php?rest_route=\/wp\/v2\/posts"}],"about":[{"href":"https:\/\/www.porlalibreedomex.com\/index.php?rest_route=\/wp\/v2\/types\/post"}],"author":[{"embeddable":true,"href":"https:\/\/www.porlalibreedomex.com\/index.php?rest_route=\/wp\/v2\/users\/3"}],"replies":[{"embeddable":true,"href":"https:\/\/www.porlalibreedomex.com\/index.php?rest_route=%2Fwp%2Fv2%2Fcomments&post=30599"}],"version-history":[{"count":1,"href":"https:\/\/www.porlalibreedomex.com\/index.php?rest_route=\/wp\/v2\/posts\/30599\/revisions"}],"predecessor-version":[{"id":30601,"href":"https:\/\/www.porlalibreedomex.com\/index.php?rest_route=\/wp\/v2\/posts\/30599\/revisions\/30601"}],"wp:featuredmedia":[{"embeddable":true,"href":"https:\/\/www.porlalibreedomex.com\/index.php?rest_route=\/wp\/v2\/media\/30600"}],"wp:attachment":[{"href":"https:\/\/www.porlalibreedomex.com\/index.php?rest_route=%2Fwp%2Fv2%2Fmedia&parent=30599"}],"wp:term":[{"taxonomy":"category","embeddable":true,"href":"https:\/\/www.porlalibreedomex.com\/index.php?rest_route=%2Fwp%2Fv2%2Fcategories&post=30599"},{"taxonomy":"post_tag","embeddable":true,"href":"https:\/\/www.porlalibreedomex.com\/index.php?rest_route=%2Fwp%2Fv2%2Ftags&post=30599"}],"curies":[{"name":"wp","href":"https:\/\/api.w.org\/{rel}","templated":true}]}}