{"id":30579,"date":"2019-05-06T00:00:34","date_gmt":"2019-05-06T05:00:34","guid":{"rendered":"https:\/\/www.porlalibreedomex.com\/?p=30579"},"modified":"2019-05-06T00:00:34","modified_gmt":"2019-05-06T05:00:34","slug":"apertura-a-la-militancia-priista-al-elegir-por-voto-directo-a-dirigencia-de-vanguardia-juvenil-agrarista","status":"publish","type":"post","link":"https:\/\/www.porlalibreedomex.com\/?p=30579","title":{"rendered":"APERTURA A LA MILITANCIA PRIISTA AL ELEGIR POR VOTO DIRECTO A DIRIGENCIA DE VANGUARDIA JUVENIL AGRARISTA"},"content":{"rendered":"<p>&nbsp;<\/p>\n<p>&nbsp;<\/p>\n<p>La convocatoria se expidi\u00f3 el 19 de marzo de 2019 por parte de la Comisi\u00f3n de Procesos Internos, en la Liga de Comunidades\u00a0 Agrarias y Sindicatos Campesinos del Estado de M\u00e9xico y en\u00a0 los 125 comit\u00e9s\u00a0 municipales del PRI en el Estado de M\u00e9xico, donde se invit\u00f3 a los j\u00f3venes de los Organismos filiales y Organizaciones adherentes a la organizaci\u00f3n, se dieron a conocer las normas estatutarias vigentes en el \u00a0proceso\u00a0 Electoral\u00a0 para\u00a0 elegir a la nueva Dirigencia\u00a0 del Comit\u00e9 Directivo Estatal\u00a0 de la Vanguardia Juvenil Agrarista en el Estado de M\u00e9xico, y este domingo cinco de mayo, se efectuaron votaciones en mesas colocadas en los municipios mexiquenses que son cabeceras distritales.<a href=\"https:\/\/www.porlalibreedomex.com\/wp-content\/uploads\/2019\/05\/ELECCI\u00d3N-VANGUARDIA-JUVENIL-AGRARISTA-4.jpg\"><img loading=\"lazy\" decoding=\"async\" class=\"aligncenter size-full wp-image-30582\" src=\"https:\/\/www.porlalibreedomex.com\/wp-content\/uploads\/2019\/05\/ELECCI\u00d3N-VANGUARDIA-JUVENIL-AGRARISTA-4.jpg\" alt=\"\" width=\"2740\" height=\"1827\" srcset=\"https:\/\/www.porlalibreedomex.com\/wp-content\/uploads\/2019\/05\/ELECCI\u00d3N-VANGUARDIA-JUVENIL-AGRARISTA-4.jpg 2740w, https:\/\/www.porlalibreedomex.com\/wp-content\/uploads\/2019\/05\/ELECCI\u00d3N-VANGUARDIA-JUVENIL-AGRARISTA-4-300x200.jpg 300w, https:\/\/www.porlalibreedomex.com\/wp-content\/uploads\/2019\/05\/ELECCI\u00d3N-VANGUARDIA-JUVENIL-AGRARISTA-4-768x512.jpg 768w, https:\/\/www.porlalibreedomex.com\/wp-content\/uploads\/2019\/05\/ELECCI\u00d3N-VANGUARDIA-JUVENIL-AGRARISTA-4-1024x683.jpg 1024w\" sizes=\"auto, (max-width: 2740px) 100vw, 2740px\" \/><\/a><\/p>\n<p>Los aspirantes a candidatos a la Presidencia y Secretar\u00eda General de la Dirigencia a la Vanguardia Juvenil Agrarista en el Estado de M\u00e9xico, registrados desde el pasado 25 de marzo, fueron de cuatro planillas:<\/p>\n<ul>\n<li>Osiel Meneses Campir\u00e1n y Jessica Gardu\u00f1o Esquivel quienes representan a la planilla<\/li>\n<\/ul>\n<p>Revoluci\u00f3n por la Dignidad de los J\u00f3venes Mexiquenses<\/p>\n<p>&nbsp;<\/p>\n<ul>\n<li>Abner Rojo Rojas y Miriam Guadalupe Flor\u00edn Reinoso quienes representan a la planilla Renovar para Triunfar<\/li>\n<\/ul>\n<p>&nbsp;<\/p>\n<ul>\n<li>Antonio S\u00e1nchez Ayala e Imelda Herrera Arizmendi quienes representan a la planilla Amor por el Campo<\/li>\n<\/ul>\n<p>&nbsp;<\/p>\n<ul>\n<li>Luis Arturo Reyes Mart\u00ednez y Daniela Yazmin \u00c1vila D\u00edaz quienes representan a planilla Juventud Cenecista.<\/li>\n<\/ul>\n<p>Los resultados quedaron como sigue:<\/p>\n<p><a href=\"https:\/\/www.porlalibreedomex.com\/wp-content\/uploads\/2019\/05\/WhatsApp-Image-2019-05-05-at-8.07.47-PM-1.jpeg\"><img loading=\"lazy\" decoding=\"async\" class=\"aligncenter size-full wp-image-30585\" src=\"https:\/\/www.porlalibreedomex.com\/wp-content\/uploads\/2019\/05\/WhatsApp-Image-2019-05-05-at-8.07.47-PM-1.jpeg\" alt=\"\" width=\"768\" height=\"1024\" srcset=\"https:\/\/www.porlalibreedomex.com\/wp-content\/uploads\/2019\/05\/WhatsApp-Image-2019-05-05-at-8.07.47-PM-1.jpeg 768w, https:\/\/www.porlalibreedomex.com\/wp-content\/uploads\/2019\/05\/WhatsApp-Image-2019-05-05-at-8.07.47-PM-1-225x300.jpeg 225w\" sizes=\"auto, (max-width: 768px) 100vw, 768px\" \/><\/a><\/p>\n<p>La campa\u00f1a dio inicio el mi\u00e9rcoles 27 de marzo y concluy\u00f3 el martes 30 de abril. Hoy 5 de mayo fue la jornada electoral con la colocaci\u00f3n de una casilla receptora de votos en cada uno de los 45 distritos locales ubic\u00e1ndolas en los comit\u00e9s del PRI de los municipios que son cabeceras de distrito<\/p>\n<p>Se registr\u00f3 una buena participaci\u00f3n de los j\u00f3venes iniciando la jornada a las 10 de la ma\u00f1ana y concluy\u00f3 a las 3 de la tarde.<a href=\"https:\/\/www.porlalibreedomex.com\/wp-content\/uploads\/2019\/05\/ELECCI\u00d3N-VANGUARDIA-JUVENIL-AGRARISTA-11.jpg\"><img loading=\"lazy\" decoding=\"async\" class=\"aligncenter size-full wp-image-30584\" src=\"https:\/\/www.porlalibreedomex.com\/wp-content\/uploads\/2019\/05\/ELECCI\u00d3N-VANGUARDIA-JUVENIL-AGRARISTA-11.jpg\" alt=\"\" width=\"1024\" height=\"768\" srcset=\"https:\/\/www.porlalibreedomex.com\/wp-content\/uploads\/2019\/05\/ELECCI\u00d3N-VANGUARDIA-JUVENIL-AGRARISTA-11.jpg 1024w, https:\/\/www.porlalibreedomex.com\/wp-content\/uploads\/2019\/05\/ELECCI\u00d3N-VANGUARDIA-JUVENIL-AGRARISTA-11-300x225.jpg 300w, https:\/\/www.porlalibreedomex.com\/wp-content\/uploads\/2019\/05\/ELECCI\u00d3N-VANGUARDIA-JUVENIL-AGRARISTA-11-768x576.jpg 768w\" sizes=\"auto, (max-width: 1024px) 100vw, 1024px\" \/><\/a><\/p>\n<p>&nbsp;<\/p>\n","protected":false},"excerpt":{"rendered":"<p>&nbsp; &nbsp; La convocatoria se expidi\u00f3 el 19 de marzo de 2019 por parte de la Comisi\u00f3n de Procesos Internos, en la Liga de Comunidades\u00a0 Agrarias y Sindicatos Campesinos del Estado de M\u00e9xico y en\u00a0 los 125 comit\u00e9s\u00a0 municipales del PRI en el Estado de M\u00e9xico, donde se invit\u00f3 a los j\u00f3venes de los Organismos [&hellip;]<\/p>\n","protected":false},"author":3,"featured_media":30583,"comment_status":"open","ping_status":"open","sticky":false,"template":"","format":"standard","meta":{"footnotes":""},"categories":[9157,16,9150],"tags":[14154,14152,14153],"class_list":{"0":"post-30579","1":"post","2":"type-post","3":"status-publish","4":"format-standard","5":"has-post-thumbnail","7":"category-edomex","8":"category-foto","9":"category-politica","10":"tag-apertura-del-pri-edomex","11":"tag-vanguardia-juvenil-agrarista","12":"tag-votaciones-directas"},"wps_subtitle":"Gan\u00f3 la Planilla \"Renovar para triunfar\"","_links":{"self":[{"href":"https:\/\/www.porlalibreedomex.com\/index.php?rest_route=\/wp\/v2\/posts\/30579","targetHints":{"allow":["GET"]}}],"collection":[{"href":"https:\/\/www.porlalibreedomex.com\/index.php?rest_route=\/wp\/v2\/posts"}],"about":[{"href":"https:\/\/www.porlalibreedomex.com\/index.php?rest_route=\/wp\/v2\/types\/post"}],"author":[{"embeddable":true,"href":"https:\/\/www.porlalibreedomex.com\/index.php?rest_route=\/wp\/v2\/users\/3"}],"replies":[{"embeddable":true,"href":"https:\/\/www.porlalibreedomex.com\/index.php?rest_route=%2Fwp%2Fv2%2Fcomments&post=30579"}],"version-history":[{"count":2,"href":"https:\/\/www.porlalibreedomex.com\/index.php?rest_route=\/wp\/v2\/posts\/30579\/revisions"}],"predecessor-version":[{"id":30586,"href":"https:\/\/www.porlalibreedomex.com\/index.php?rest_route=\/wp\/v2\/posts\/30579\/revisions\/30586"}],"wp:featuredmedia":[{"embeddable":true,"href":"https:\/\/www.porlalibreedomex.com\/index.php?rest_route=\/wp\/v2\/media\/30583"}],"wp:attachment":[{"href":"https:\/\/www.porlalibreedomex.com\/index.php?rest_route=%2Fwp%2Fv2%2Fmedia&parent=30579"}],"wp:term":[{"taxonomy":"category","embeddable":true,"href":"https:\/\/www.porlalibreedomex.com\/index.php?rest_route=%2Fwp%2Fv2%2Fcategories&post=30579"},{"taxonomy":"post_tag","embeddable":true,"href":"https:\/\/www.porlalibreedomex.com\/index.php?rest_route=%2Fwp%2Fv2%2Ftags&post=30579"}],"curies":[{"name":"wp","href":"https:\/\/api.w.org\/{rel}","templated":true}]}}