{"id":30565,"date":"2019-05-05T23:16:50","date_gmt":"2019-05-06T04:16:50","guid":{"rendered":"https:\/\/www.porlalibreedomex.com\/?p=30565"},"modified":"2019-05-06T00:10:35","modified_gmt":"2019-05-06T05:10:35","slug":"edomex-primer-lugar-en-produccion-de-rana-toro-entre-las-15-entidades-acuicolas-sin-litoral","status":"publish","type":"post","link":"https:\/\/www.porlalibreedomex.com\/?p=30565","title":{"rendered":"EDOM\u00c9X, PRIMER LUGAR EN PRODUCCI\u00d3N DE RANA TORO ENTRE LAS 15 ENTIDADES ACU\u00cdCOLAS SIN LITORAL"},"content":{"rendered":"<p>&nbsp;<\/p>\n<ul>\n<li><em><strong>Cuenta Centro Acu\u00edcola \u201cLa Paz\u201d con m\u00e1s de 60 a\u00f1os de investigaci\u00f3n y producci\u00f3n de rana toro en la entidad.<\/strong><\/em><\/li>\n<li><em><strong>\u00a0Invierte Gobierno de Alfredo Del Mazo Maza m\u00e1s de 1.1 millones de pesos en apoyo a proyectos productivos de rana toro.<\/strong><\/em><\/li>\n<\/ul>\n<p><strong>Villa Guerrero, Estado de M\u00e9xico, 5 de mayo de 2019.<\/strong> Con m\u00e1s de 91 toneladas anuales, los productores mexiquenses de municipios como Calimaya, Donato Guerra, Ixtapan del Oro, Ray\u00f3n, San Mateo Atenco, Temascalcingo, Tianguistenco y Villa Victoria mantienen a la entidad en el primer lugar nacional en producci\u00f3n de rana toro, entre las 15 entidades acu\u00edcolas sin litoral.<\/p>\n<p>En ese sentido, el M\u00f3dulo de Ranicultura que se ubica dentro del Centro Acu\u00edcola \u201cLa Paz\u201d, en el municipio de Villa Guerrero, aporta una producci\u00f3n de m\u00e1s de 814 mil cr\u00edas de rana toro al a\u00f1o.<\/p>\n<p>Este Centro, administrado por el Gobierno del Estado de M\u00e9xico a trav\u00e9s de la Secretar\u00eda de Desarrollo Agropecuario (Sedagro), brinda atenci\u00f3n a las 12 unidades de producci\u00f3n acu\u00edcola que se ubican en la entidad y a todas las personas interesadas en esta actividad.<\/p>\n<figure id=\"attachment_30569\" aria-describedby=\"caption-attachment-30569\" style=\"width: 1280px\" class=\"wp-caption aligncenter\"><a href=\"https:\/\/www.porlalibreedomex.com\/wp-content\/uploads\/2019\/05\/WhatsApp-Image-2019-05-05-at-11.26.25-AM-2.jpeg\"><img loading=\"lazy\" decoding=\"async\" class=\"size-full wp-image-30569\" src=\"https:\/\/www.porlalibreedomex.com\/wp-content\/uploads\/2019\/05\/WhatsApp-Image-2019-05-05-at-11.26.25-AM-2.jpeg\" alt=\"\" width=\"1280\" height=\"853\" srcset=\"https:\/\/www.porlalibreedomex.com\/wp-content\/uploads\/2019\/05\/WhatsApp-Image-2019-05-05-at-11.26.25-AM-2.jpeg 1280w, https:\/\/www.porlalibreedomex.com\/wp-content\/uploads\/2019\/05\/WhatsApp-Image-2019-05-05-at-11.26.25-AM-2-300x200.jpeg 300w, https:\/\/www.porlalibreedomex.com\/wp-content\/uploads\/2019\/05\/WhatsApp-Image-2019-05-05-at-11.26.25-AM-2-768x512.jpeg 768w, https:\/\/www.porlalibreedomex.com\/wp-content\/uploads\/2019\/05\/WhatsApp-Image-2019-05-05-at-11.26.25-AM-2-1024x682.jpeg 1024w\" sizes=\"auto, (max-width: 1280px) 100vw, 1280px\" \/><\/a><figcaption id=\"caption-attachment-30569\" class=\"wp-caption-text\">Rana Toro producida en el Estado de M\u00e9xico<\/figcaption><\/figure>\n<p>El Secretario de Desarrollo Agropecuario, Dar\u00edo Zacar\u00edas Capuchino agreg\u00f3 que por instrucciones del Gobernador Alfredo Del Mazo Maza, se respalda este tipo de proyectos con el objetivo de mantener al Estado de M\u00e9xico en el primer lugar de producci\u00f3n a nivel nacional.<\/p>\n<p>\u201cEn lo que va de la actual administraci\u00f3n, se han invertido m\u00e1s de 1.1 millones de pesos en apoyo a proyectos productivos de rana toro y gracias a esta inversi\u00f3n se han modernizado y construido ranarios, se han hecho instalaciones de equipo acu\u00edcola como sistemas de aereaci\u00f3n, de estanques, sistemas de engorda, construcci\u00f3n de invernaderos, sistemas de descargas, bodegas, ba\u00f1os, y mallas perimetrales con objeto de mejorar sus sistemas de producci\u00f3n\u201d, explic\u00f3 el funcionario.<\/p>\n<p>Tras 68 a\u00f1os de operaci\u00f3n e investigaci\u00f3n en el Centro Ran\u00edcola de \u201cLa Paz\u201d, se producen ejemplares y organismos de gran calidad que los productores beneficiados con los programas acu\u00edcolas que brinda el Gobierno de Alfredo Del Mazo Maza, a trav\u00e9s de Sedagro, aprovechan para sus unidades de producci\u00f3n y comercializan principalmente en el ramo de la gastronom\u00eda gourmet.<a href=\"https:\/\/www.porlalibreedomex.com\/wp-content\/uploads\/2019\/05\/WhatsApp-Image-2019-05-05-at-11.26.24-AM-1.jpeg\"><img loading=\"lazy\" decoding=\"async\" class=\"aligncenter size-full wp-image-30566\" src=\"https:\/\/www.porlalibreedomex.com\/wp-content\/uploads\/2019\/05\/WhatsApp-Image-2019-05-05-at-11.26.24-AM-1.jpeg\" alt=\"\" width=\"1280\" height=\"859\" srcset=\"https:\/\/www.porlalibreedomex.com\/wp-content\/uploads\/2019\/05\/WhatsApp-Image-2019-05-05-at-11.26.24-AM-1.jpeg 1280w, https:\/\/www.porlalibreedomex.com\/wp-content\/uploads\/2019\/05\/WhatsApp-Image-2019-05-05-at-11.26.24-AM-1-300x201.jpeg 300w, https:\/\/www.porlalibreedomex.com\/wp-content\/uploads\/2019\/05\/WhatsApp-Image-2019-05-05-at-11.26.24-AM-1-768x515.jpeg 768w, https:\/\/www.porlalibreedomex.com\/wp-content\/uploads\/2019\/05\/WhatsApp-Image-2019-05-05-at-11.26.24-AM-1-1024x687.jpeg 1024w\" sizes=\"auto, (max-width: 1280px) 100vw, 1280px\" \/><\/a><\/p>\n<p>Cabe destacar que la producci\u00f3n de rana toro tambi\u00e9n se exporta a universidades de Estados Unidos con fines cient\u00edficos y de investigaci\u00f3n en el ramo de la salud.<\/p>\n<p>La Jefa del Centro Acu\u00edcola \u201cLa Paz\u201d, Lourdes Castillo Castro, explic\u00f3 que fue en 1958 cuando inici\u00f3 operaciones este Centro, posteriormente, en 1963 construyeron el Ranario y en 1968 introdujeron la rana toro como especie potencialmente productiva y es hasta 1994 cuando se logra la primera producci\u00f3n de pie de cr\u00eda de rana toro en este lugar.<\/p>\n<p>\u201cLa ranicultura es una actividad de largo plazo, es una producci\u00f3n de m\u00e1s de un a\u00f1o desde que entra en incubaci\u00f3n hasta etapa reproductiva, es m\u00e1s de un a\u00f1o, no hay que desesperarse, hay que trabajarle, es mucho trabajo, mucho manejo y esto puede ser tambi\u00e9n un trabajo para mujeres\u201d, explic\u00f3 la M\u00e9dico Veterinario Zootecnista.<\/p>\n<p>En ese sentido, ofreci\u00f3 la capacitaci\u00f3n pr\u00e1ctica, t\u00e9cnica y te\u00f3rica desde la incubaci\u00f3n hasta la reproducci\u00f3n del anfibio que brindan en el Centro Acu\u00edcola \u201cLa Paz\u201d.<\/p>\n<p>\u201cNosotros les ofrecemos una capacitaci\u00f3n pr\u00e1ctica, t\u00e9cnica y te\u00f3rica que pueden venir a capacitarse desde lo que es la incubaci\u00f3n hasta la reproducci\u00f3n y la granja tiene las puertas abiertas para cualquier interesado\u201d, coment\u00f3.<a href=\"https:\/\/www.porlalibreedomex.com\/wp-content\/uploads\/2019\/05\/WhatsApp-Image-2019-05-05-at-11.26.24-AM.jpeg\"><img loading=\"lazy\" decoding=\"async\" class=\"aligncenter size-full wp-image-30567\" src=\"https:\/\/www.porlalibreedomex.com\/wp-content\/uploads\/2019\/05\/WhatsApp-Image-2019-05-05-at-11.26.24-AM.jpeg\" alt=\"\" width=\"1280\" height=\"853\" srcset=\"https:\/\/www.porlalibreedomex.com\/wp-content\/uploads\/2019\/05\/WhatsApp-Image-2019-05-05-at-11.26.24-AM.jpeg 1280w, https:\/\/www.porlalibreedomex.com\/wp-content\/uploads\/2019\/05\/WhatsApp-Image-2019-05-05-at-11.26.24-AM-300x200.jpeg 300w, https:\/\/www.porlalibreedomex.com\/wp-content\/uploads\/2019\/05\/WhatsApp-Image-2019-05-05-at-11.26.24-AM-768x512.jpeg 768w, https:\/\/www.porlalibreedomex.com\/wp-content\/uploads\/2019\/05\/WhatsApp-Image-2019-05-05-at-11.26.24-AM-1024x682.jpeg 1024w\" sizes=\"auto, (max-width: 1280px) 100vw, 1280px\" \/><\/a><\/p>\n<p>Actualmente el M\u00f3dulo Ran\u00edcola de \u201cLa Paz\u201d cuenta con un \u00e1rea de incubaci\u00f3n, un \u00e1rea de metamorfosis, \u00e1rea de engorda, \u00e1rea de reproducci\u00f3n y el \u00e1rea de selecci\u00f3n de reproductores, dentro de las cuales se cuida, alimenta, administra y distribuyen los organismos que ya suman en promedio 814 mil cr\u00edas anuales y seg\u00fan explic\u00f3 la especialista, se espera superar los 900 mil organismos en este a\u00f1o.<\/p>\n<p>Tras explicar las caracter\u00edsticas que diferencian al macho de la hembra, explic\u00f3 que \u201clos ejemplares reproductores de la rana toro son animales que est\u00e1n pesando entre 400 a 480 gr cada uno y tienen una edad m\u00e1s o menos como de unos cuatro a\u00f1os, de tres a cuatro a\u00f1os\u201d.<\/p>\n<p>Lourdes Castillo Castro invit\u00f3 a los productores y a todo el p\u00fablico interesado a visitar el Centro Acu\u00edcola \u201cLa Paz\u201d, para ver el proceso de crianza de rana toro, tomar una capacitaci\u00f3n y eventualmente convertirse en criador de uno de los productos n\u00famero uno en el Estado de M\u00e9xico.<a href=\"https:\/\/www.porlalibreedomex.com\/wp-content\/uploads\/2019\/05\/WhatsApp-Image-2019-05-05-at-11.26.25-AM.jpeg\"><img loading=\"lazy\" decoding=\"async\" class=\"aligncenter size-full wp-image-30570\" src=\"https:\/\/www.porlalibreedomex.com\/wp-content\/uploads\/2019\/05\/WhatsApp-Image-2019-05-05-at-11.26.25-AM.jpeg\" alt=\"\" width=\"1280\" height=\"907\" srcset=\"https:\/\/www.porlalibreedomex.com\/wp-content\/uploads\/2019\/05\/WhatsApp-Image-2019-05-05-at-11.26.25-AM.jpeg 1280w, https:\/\/www.porlalibreedomex.com\/wp-content\/uploads\/2019\/05\/WhatsApp-Image-2019-05-05-at-11.26.25-AM-300x213.jpeg 300w, https:\/\/www.porlalibreedomex.com\/wp-content\/uploads\/2019\/05\/WhatsApp-Image-2019-05-05-at-11.26.25-AM-768x544.jpeg 768w, https:\/\/www.porlalibreedomex.com\/wp-content\/uploads\/2019\/05\/WhatsApp-Image-2019-05-05-at-11.26.25-AM-1024x726.jpeg 1024w\" sizes=\"auto, (max-width: 1280px) 100vw, 1280px\" \/><\/a><\/p>\n<p>\u201cInvitamos a los productores o gente interesada en esta actividad a que conozca el Centro, el M\u00f3dulo de la Ranicultura y de ah\u00ed les va a nacer el inter\u00e9s y el amor por esta actividad, pidan capacitaci\u00f3n en el manejo, desde la larva hasta la reproducci\u00f3n, entonces van a tener un mayor \u00e9xito en su producci\u00f3n anual\u201d, destac\u00f3 la especialista.<\/p>\n","protected":false},"excerpt":{"rendered":"<p>&nbsp; Cuenta Centro Acu\u00edcola \u201cLa Paz\u201d con m\u00e1s de 60 a\u00f1os de investigaci\u00f3n y producci\u00f3n de rana toro en la entidad. \u00a0Invierte Gobierno de Alfredo Del Mazo Maza m\u00e1s de 1.1 millones de pesos en apoyo a proyectos productivos de rana toro. Villa Guerrero, Estado de M\u00e9xico, 5 de mayo de 2019. Con m\u00e1s de [&hellip;]<\/p>\n","protected":false},"author":3,"featured_media":30571,"comment_status":"open","ping_status":"open","sticky":false,"template":"","format":"standard","meta":{"footnotes":""},"categories":[16,9145],"tags":[14145,14142,14144,14143,11864,4905],"class_list":{"0":"post-30565","1":"post","2":"type-post","3":"status-publish","4":"format-standard","5":"has-post-thumbnail","7":"category-foto","8":"category-general","9":"tag-centro-ranicola-la-paz","10":"tag-edomex-rana-toro","11":"tag-estados-sin-litorales","12":"tag-primer-lugar-en-produccion","13":"tag-produccion-acuicola","14":"tag-sedagro"},"wps_subtitle":"Produce 91 toneladas anuales de rana toro; este Centro aporta 814 mil cr\u00edas anuales","_links":{"self":[{"href":"https:\/\/www.porlalibreedomex.com\/index.php?rest_route=\/wp\/v2\/posts\/30565","targetHints":{"allow":["GET"]}}],"collection":[{"href":"https:\/\/www.porlalibreedomex.com\/index.php?rest_route=\/wp\/v2\/posts"}],"about":[{"href":"https:\/\/www.porlalibreedomex.com\/index.php?rest_route=\/wp\/v2\/types\/post"}],"author":[{"embeddable":true,"href":"https:\/\/www.porlalibreedomex.com\/index.php?rest_route=\/wp\/v2\/users\/3"}],"replies":[{"embeddable":true,"href":"https:\/\/www.porlalibreedomex.com\/index.php?rest_route=%2Fwp%2Fv2%2Fcomments&post=30565"}],"version-history":[{"count":3,"href":"https:\/\/www.porlalibreedomex.com\/index.php?rest_route=\/wp\/v2\/posts\/30565\/revisions"}],"predecessor-version":[{"id":30588,"href":"https:\/\/www.porlalibreedomex.com\/index.php?rest_route=\/wp\/v2\/posts\/30565\/revisions\/30588"}],"wp:featuredmedia":[{"embeddable":true,"href":"https:\/\/www.porlalibreedomex.com\/index.php?rest_route=\/wp\/v2\/media\/30571"}],"wp:attachment":[{"href":"https:\/\/www.porlalibreedomex.com\/index.php?rest_route=%2Fwp%2Fv2%2Fmedia&parent=30565"}],"wp:term":[{"taxonomy":"category","embeddable":true,"href":"https:\/\/www.porlalibreedomex.com\/index.php?rest_route=%2Fwp%2Fv2%2Fcategories&post=30565"},{"taxonomy":"post_tag","embeddable":true,"href":"https:\/\/www.porlalibreedomex.com\/index.php?rest_route=%2Fwp%2Fv2%2Ftags&post=30565"}],"curies":[{"name":"wp","href":"https:\/\/api.w.org\/{rel}","templated":true}]}}