{"id":30538,"date":"2019-05-03T01:10:01","date_gmt":"2019-05-03T06:10:01","guid":{"rendered":"https:\/\/www.porlalibreedomex.com\/?p=30538"},"modified":"2019-05-04T01:11:05","modified_gmt":"2019-05-04T06:11:05","slug":"cae-aeronave-en-atizapan-de-zaragoza-lamentablemente-muere-el-piloto","status":"publish","type":"post","link":"https:\/\/www.porlalibreedomex.com\/?p=30538","title":{"rendered":"CAE AERONAVE EN ATIZAP\u00c1N DE ZARAGOZA; LAMENTABLEMENTE MUERE EL PILOTO"},"content":{"rendered":"<p><strong>Atizap\u00e1n de Zaragoza, Estado de M\u00e9xico, 3 de mayo de 2019.<\/strong> Esta tarde falleci\u00f3 un piloto tras desplomarse la aeronave que conduc\u00eda, a una distancia aproximada de 250 metros de la pista del Aer\u00f3dromo de Atizap\u00e1n de Zaragoza.<\/p>\n<p>Reportes preliminares indican que alrededor de las 17:00 horas cay\u00f3 una aeronave tipo Cessna 210 con matr\u00edcula XB-NLS y en la cual s\u00f3lo viajaba el piloto.<a href=\"https:\/\/www.porlalibreedomex.com\/wp-content\/uploads\/2019\/05\/WhatsApp-Image-2019-05-03-at-7.09.13-PM-1.jpeg\"><img loading=\"lazy\" decoding=\"async\" class=\"aligncenter size-full wp-image-30540\" src=\"https:\/\/www.porlalibreedomex.com\/wp-content\/uploads\/2019\/05\/WhatsApp-Image-2019-05-03-at-7.09.13-PM-1.jpeg\" alt=\"\" width=\"1280\" height=\"960\" srcset=\"https:\/\/www.porlalibreedomex.com\/wp-content\/uploads\/2019\/05\/WhatsApp-Image-2019-05-03-at-7.09.13-PM-1.jpeg 1280w, https:\/\/www.porlalibreedomex.com\/wp-content\/uploads\/2019\/05\/WhatsApp-Image-2019-05-03-at-7.09.13-PM-1-300x225.jpeg 300w, https:\/\/www.porlalibreedomex.com\/wp-content\/uploads\/2019\/05\/WhatsApp-Image-2019-05-03-at-7.09.13-PM-1-768x576.jpeg 768w, https:\/\/www.porlalibreedomex.com\/wp-content\/uploads\/2019\/05\/WhatsApp-Image-2019-05-03-at-7.09.13-PM-1-1024x768.jpeg 1024w\" sizes=\"auto, (max-width: 1280px) 100vw, 1280px\" \/><\/a><\/p>\n<p>La Torre de Control del Aer\u00f3dromo inform\u00f3 que la causa del desplome habr\u00eda sido una falla mec\u00e1nica de la aeronave, reportada por el piloto segundos antes del desplome, sin embargo, corresponder\u00e1 a la Direcci\u00f3n General de Aeron\u00e1utica Civil determinar los causas del suceso.<a href=\"https:\/\/www.porlalibreedomex.com\/wp-content\/uploads\/2019\/05\/WhatsApp-Image-2019-05-03-at-7.09.14-PM.jpeg\"><img loading=\"lazy\" decoding=\"async\" class=\"aligncenter size-full wp-image-30539\" src=\"https:\/\/www.porlalibreedomex.com\/wp-content\/uploads\/2019\/05\/WhatsApp-Image-2019-05-03-at-7.09.14-PM.jpeg\" alt=\"\" width=\"1024\" height=\"768\" srcset=\"https:\/\/www.porlalibreedomex.com\/wp-content\/uploads\/2019\/05\/WhatsApp-Image-2019-05-03-at-7.09.14-PM.jpeg 1024w, https:\/\/www.porlalibreedomex.com\/wp-content\/uploads\/2019\/05\/WhatsApp-Image-2019-05-03-at-7.09.14-PM-300x225.jpeg 300w, https:\/\/www.porlalibreedomex.com\/wp-content\/uploads\/2019\/05\/WhatsApp-Image-2019-05-03-at-7.09.14-PM-768x576.jpeg 768w\" sizes=\"auto, (max-width: 1024px) 100vw, 1024px\" \/><\/a><\/p>\n<p>Elementos de Protecci\u00f3n Civil municipal, as\u00ed como del Grupo de Rescate A\u00e9reo Rel\u00e1mpagos, acudieron a la zona del percance, lamentablemente por el deceso no hubo necesidad de traslado alguno.<\/p>\n","protected":false},"excerpt":{"rendered":"<p>Atizap\u00e1n de Zaragoza, Estado de M\u00e9xico, 3 de mayo de 2019. Esta tarde falleci\u00f3 un piloto tras desplomarse la aeronave que conduc\u00eda, a una distancia aproximada de 250 metros de la pista del Aer\u00f3dromo de Atizap\u00e1n de Zaragoza. Reportes preliminares indican que alrededor de las 17:00 horas cay\u00f3 una aeronave tipo Cessna 210 con matr\u00edcula [&hellip;]<\/p>\n","protected":false},"author":3,"featured_media":30541,"comment_status":"open","ping_status":"open","sticky":false,"template":"","format":"standard","meta":{"footnotes":""},"categories":[9157,16,9149],"tags":[14133,14134,14135],"class_list":{"0":"post-30538","1":"post","2":"type-post","3":"status-publish","4":"format-standard","5":"has-post-thumbnail","7":"category-edomex","8":"category-foto","9":"category-policiaca","10":"tag-cae-avioneta-en-atizapan","11":"tag-cessna-se-desploma-en-atizapan","12":"tag-muere-piloto-al-caer-aeronave"},"wps_subtitle":"","_links":{"self":[{"href":"https:\/\/www.porlalibreedomex.com\/index.php?rest_route=\/wp\/v2\/posts\/30538","targetHints":{"allow":["GET"]}}],"collection":[{"href":"https:\/\/www.porlalibreedomex.com\/index.php?rest_route=\/wp\/v2\/posts"}],"about":[{"href":"https:\/\/www.porlalibreedomex.com\/index.php?rest_route=\/wp\/v2\/types\/post"}],"author":[{"embeddable":true,"href":"https:\/\/www.porlalibreedomex.com\/index.php?rest_route=\/wp\/v2\/users\/3"}],"replies":[{"embeddable":true,"href":"https:\/\/www.porlalibreedomex.com\/index.php?rest_route=%2Fwp%2Fv2%2Fcomments&post=30538"}],"version-history":[{"count":1,"href":"https:\/\/www.porlalibreedomex.com\/index.php?rest_route=\/wp\/v2\/posts\/30538\/revisions"}],"predecessor-version":[{"id":30542,"href":"https:\/\/www.porlalibreedomex.com\/index.php?rest_route=\/wp\/v2\/posts\/30538\/revisions\/30542"}],"wp:featuredmedia":[{"embeddable":true,"href":"https:\/\/www.porlalibreedomex.com\/index.php?rest_route=\/wp\/v2\/media\/30541"}],"wp:attachment":[{"href":"https:\/\/www.porlalibreedomex.com\/index.php?rest_route=%2Fwp%2Fv2%2Fmedia&parent=30538"}],"wp:term":[{"taxonomy":"category","embeddable":true,"href":"https:\/\/www.porlalibreedomex.com\/index.php?rest_route=%2Fwp%2Fv2%2Fcategories&post=30538"},{"taxonomy":"post_tag","embeddable":true,"href":"https:\/\/www.porlalibreedomex.com\/index.php?rest_route=%2Fwp%2Fv2%2Ftags&post=30538"}],"curies":[{"name":"wp","href":"https:\/\/api.w.org\/{rel}","templated":true}]}}