{"id":30519,"date":"2019-05-03T23:53:14","date_gmt":"2019-05-04T04:53:14","guid":{"rendered":"https:\/\/www.porlalibreedomex.com\/?p=30519"},"modified":"2019-05-03T23:53:14","modified_gmt":"2019-05-04T04:53:14","slug":"inicia-participacion-mexiquense-en-olimpiada-nacional-y-nacional-juvenil-2019","status":"publish","type":"post","link":"https:\/\/www.porlalibreedomex.com\/?p=30519","title":{"rendered":"INICIA PARTICIPACI\u00d3N MEXIQUENSE EN OLIMPIADA NACIONAL Y NACIONAL JUVENIL 2019"},"content":{"rendered":"<ul>\n<li><em> Compiten m\u00e1s de mil 200 deportistas de la entidad en 39 disciplinas, durante 45 d\u00edas.<\/em><\/li>\n<li><em>Esperan que los integrantes de la delegaci\u00f3n mexiquense traigan un n\u00famero importante de medallas.<\/em><\/li>\n<\/ul>\n<p><strong>Zinacantepec, Estado de M\u00e9xico, 3 de mayo de 2019.<\/strong> Con una delegaci\u00f3n de mil 250 deportistas, el Estado de M\u00e9xico participar\u00e1 en la Olimpiada Nacional y Nacional Juvenil 2019, en 39 disciplinas, que se desarrollar\u00e1n a lo largo de 45 d\u00edas en los estados de Quintana Roo, Yucat\u00e1n, Chihuahua, Colima, Nayarit, Aguascalientes y Guanajuato.<\/p>\n<p>Los primeros en entrar en acci\u00f3n ser\u00e1n los representantes de nataci\u00f3n, taekwondo y ajedrez, en el estado de Quintana Roo, donde se esperan buenos dividendos para la entidad, debido a la calidad deportiva de los mexiquenses.<\/p>\n<p>En lo que respecta al taekwondo, cuya sede ser\u00e1 Chetumal, la entidad mexiquense participa con una representaci\u00f3n de 64 deportistas, en las diferentes modalidades y categor\u00edas de este arte marcial.<a href=\"https:\/\/www.porlalibreedomex.com\/wp-content\/uploads\/2019\/05\/WhatsApp-Image-2019-05-03-at-10.43.23-AM.jpeg\"><img loading=\"lazy\" decoding=\"async\" class=\"aligncenter size-large wp-image-30520\" src=\"https:\/\/www.porlalibreedomex.com\/wp-content\/uploads\/2019\/05\/WhatsApp-Image-2019-05-03-at-10.43.23-AM-1024x681.jpeg\" alt=\"\" width=\"800\" height=\"532\" srcset=\"https:\/\/www.porlalibreedomex.com\/wp-content\/uploads\/2019\/05\/WhatsApp-Image-2019-05-03-at-10.43.23-AM-1024x681.jpeg 1024w, https:\/\/www.porlalibreedomex.com\/wp-content\/uploads\/2019\/05\/WhatsApp-Image-2019-05-03-at-10.43.23-AM-300x200.jpeg 300w, https:\/\/www.porlalibreedomex.com\/wp-content\/uploads\/2019\/05\/WhatsApp-Image-2019-05-03-at-10.43.23-AM-768x511.jpeg 768w, https:\/\/www.porlalibreedomex.com\/wp-content\/uploads\/2019\/05\/WhatsApp-Image-2019-05-03-at-10.43.23-AM.jpeg 1100w\" sizes=\"auto, (max-width: 800px) 100vw, 800px\" \/><\/a><\/p>\n<p>El Presidente de la Asociaci\u00f3n Estatal de Taekwondo del Estado de M\u00e9xico, Antonio \u00c1ngeles Cruz Torres, se\u00f1al\u00f3 que se acude con un equipo importante que tuvo un duro proceso de selecci\u00f3n interna, debido a la alta calidad de los taekwondoines mexiquenses.<\/p>\n<p>\u201cHay gente de mucho arraigo que han participado en varias Olimpiadas, sobre todo del Nacional Juvenil, que espero que, junto con los de Olimpiada Nacional, puedan traer un buen porcentaje de medallas\u201d, detall\u00f3 el responsable del taekwondo en la entidad.<a href=\"https:\/\/www.porlalibreedomex.com\/wp-content\/uploads\/2019\/05\/WhatsApp-Image-2019-05-03-at-10.43.23-AM-1.jpeg\"><img loading=\"lazy\" decoding=\"async\" class=\"aligncenter size-large wp-image-30521\" src=\"https:\/\/www.porlalibreedomex.com\/wp-content\/uploads\/2019\/05\/WhatsApp-Image-2019-05-03-at-10.43.23-AM-1-682x1024.jpeg\" alt=\"\" width=\"682\" height=\"1024\" srcset=\"https:\/\/www.porlalibreedomex.com\/wp-content\/uploads\/2019\/05\/WhatsApp-Image-2019-05-03-at-10.43.23-AM-1-682x1024.jpeg 682w, https:\/\/www.porlalibreedomex.com\/wp-content\/uploads\/2019\/05\/WhatsApp-Image-2019-05-03-at-10.43.23-AM-1-200x300.jpeg 200w, https:\/\/www.porlalibreedomex.com\/wp-content\/uploads\/2019\/05\/WhatsApp-Image-2019-05-03-at-10.43.23-AM-1-768x1152.jpeg 768w, https:\/\/www.porlalibreedomex.com\/wp-content\/uploads\/2019\/05\/WhatsApp-Image-2019-05-03-at-10.43.23-AM-1.jpeg 853w\" sizes=\"auto, (max-width: 682px) 100vw, 682px\" \/><\/a><\/p>\n<p>Record\u00f3 que en la selecci\u00f3n mexiquense hay integrantes que han representado al pa\u00eds en eventos internacionales y forman parte de la selecci\u00f3n nacional en categor\u00edas juveniles, por lo que dijo que esperan un buen n\u00famero de medallas con representantes como Jos\u00e9 Mar\u00eda Pastor, Samanta Rico y Arturo Vega.<\/p>\n<p>Del mismo modo, en la capital de Quintana Roo se efectuar\u00e1 la disciplina de ajedrez, en la que el Estado de M\u00e9xico acudir\u00e1 con cuatro competidores, quienes aspiran a pelear por los primeros lugares de la contienda nacional, as\u00ed lo afirm\u00f3 el entrenador del deporte-ciencia en la entidad Jes\u00fas S\u00f3crates.<\/p>\n","protected":false},"excerpt":{"rendered":"<p>Compiten m\u00e1s de mil 200 deportistas de la entidad en 39 disciplinas, durante 45 d\u00edas. Esperan que los integrantes de la delegaci\u00f3n mexiquense traigan un n\u00famero importante de medallas. Zinacantepec, Estado de M\u00e9xico, 3 de mayo de 2019. Con una delegaci\u00f3n de mil 250 deportistas, el Estado de M\u00e9xico participar\u00e1 en la Olimpiada Nacional y [&hellip;]<\/p>\n","protected":false},"author":3,"featured_media":30522,"comment_status":"open","ping_status":"open","sticky":false,"template":"","format":"standard","meta":{"footnotes":""},"categories":[2481,16],"tags":[1682,14028,11280,14126],"class_list":{"0":"post-30519","1":"post","2":"type-post","3":"status-publish","4":"format-standard","5":"has-post-thumbnail","7":"category-deportes","8":"category-foto","9":"tag-ajedrez","10":"tag-deportistas-mexiquenses","11":"tag-olimpiada-nacional","12":"tag-tae-kwon-do"},"wps_subtitle":"","_links":{"self":[{"href":"https:\/\/www.porlalibreedomex.com\/index.php?rest_route=\/wp\/v2\/posts\/30519","targetHints":{"allow":["GET"]}}],"collection":[{"href":"https:\/\/www.porlalibreedomex.com\/index.php?rest_route=\/wp\/v2\/posts"}],"about":[{"href":"https:\/\/www.porlalibreedomex.com\/index.php?rest_route=\/wp\/v2\/types\/post"}],"author":[{"embeddable":true,"href":"https:\/\/www.porlalibreedomex.com\/index.php?rest_route=\/wp\/v2\/users\/3"}],"replies":[{"embeddable":true,"href":"https:\/\/www.porlalibreedomex.com\/index.php?rest_route=%2Fwp%2Fv2%2Fcomments&post=30519"}],"version-history":[{"count":1,"href":"https:\/\/www.porlalibreedomex.com\/index.php?rest_route=\/wp\/v2\/posts\/30519\/revisions"}],"predecessor-version":[{"id":30523,"href":"https:\/\/www.porlalibreedomex.com\/index.php?rest_route=\/wp\/v2\/posts\/30519\/revisions\/30523"}],"wp:featuredmedia":[{"embeddable":true,"href":"https:\/\/www.porlalibreedomex.com\/index.php?rest_route=\/wp\/v2\/media\/30522"}],"wp:attachment":[{"href":"https:\/\/www.porlalibreedomex.com\/index.php?rest_route=%2Fwp%2Fv2%2Fmedia&parent=30519"}],"wp:term":[{"taxonomy":"category","embeddable":true,"href":"https:\/\/www.porlalibreedomex.com\/index.php?rest_route=%2Fwp%2Fv2%2Fcategories&post=30519"},{"taxonomy":"post_tag","embeddable":true,"href":"https:\/\/www.porlalibreedomex.com\/index.php?rest_route=%2Fwp%2Fv2%2Ftags&post=30519"}],"curies":[{"name":"wp","href":"https:\/\/api.w.org\/{rel}","templated":true}]}}