{"id":3023,"date":"2014-08-04T18:10:20","date_gmt":"2014-08-05T03:10:20","guid":{"rendered":"http:\/\/porlalibre.info\/?p=3023"},"modified":"2014-08-04T18:10:20","modified_gmt":"2014-08-05T03:10:20","slug":"nueva-unidad-de-rehabilitacion-e-integracion-social-del-dif-en-tenango-del-valle","status":"publish","type":"post","link":"https:\/\/www.porlalibreedomex.com\/?p=3023","title":{"rendered":"NUEVA UNIDAD DE REHABILITACI\u00d3N E INTEGRACI\u00d3N SOCIAL DEL DIF EN TENANGO DEL VALLE"},"content":{"rendered":"<p><strong>La d<\/strong><strong>irectora general de DIFEM, Carolina Alan\u00eds, y la presidenta del DIF Tenango del Valle, Gabriela Veytia encabezaron el evento, acompa\u00f1adas por el alcalde V\u00edctor Aguilar.<\/strong><\/p>\n<p>&nbsp;<\/p>\n<figure id=\"attachment_3024\" aria-describedby=\"caption-attachment-3024\" style=\"width: 474px\" class=\"wp-caption aligncenter\"><a href=\"http:\/\/porlalibre.info\/?attachment_id=3024\" rel=\"attachment wp-att-3024\"><img loading=\"lazy\" decoding=\"async\" class=\"size-large wp-image-3024\" src=\"http:\/\/porlalibre.info\/wp-content\/uploads\/2014\/08\/IMG_8866-1024x682.jpg\" alt=\"La directora general del DIFEM, Carolina Alan\u00eds Moreno, devel\u00f3 la placa inaugural de la URIS de Tenango del Valle, junto con la presidenta del DIF Munici\u00b4pal, Gabriela Veytia, y el alcalde V\u00edctor Manuel Aguilar Talavera\" width=\"474\" height=\"315\" \/><\/a><figcaption id=\"caption-attachment-3024\" class=\"wp-caption-text\">La directora general del DIFEM, Carolina Alan\u00eds Moreno, devel\u00f3 la placa inaugural de la URIS de Tenango del Valle, junto con la presidenta del DIF Municipal, Gabriela Veytia, y el alcalde V\u00edctor Manuel Aguilar Talavera<\/figcaption><\/figure>\n<p style=\"text-align: justify;\">Con la finalidad de brindar un mejor servicio a la poblaci\u00f3n m\u00e1s necesitada del municipio, la presidenta del SMDIF, Gabriela Veytia Ayala, acompa\u00f1ada por la directora general del DIFEM y del alcalde, V\u00edctor Manuel Aguilar Talavera, develaron la placa inaugural por la rehabilitaci\u00f3n de las instalaciones de la Unidad de Rehabilitaci\u00f3n e Integraci\u00f3n Social, URIS, las oficinas administrativas del DIF local y de la Estancia Infantil.<!--more--><\/p>\n<p style=\"text-align: justify;\">En este evento tambi\u00e9n se entregaron 5 mil 100despensas, correspondientes a 4 bimestres, en beneficio de m\u00e1s de mil 275 familias con el Programa Canasta Mexiquense.<\/p>\n<p style=\"text-align: justify;\"><a href=\"http:\/\/porlalibre.info\/?attachment_id=3025\" rel=\"attachment wp-att-3025\"><img loading=\"lazy\" decoding=\"async\" class=\"aligncenter size-large wp-image-3025\" src=\"http:\/\/porlalibre.info\/wp-content\/uploads\/2014\/08\/IMG_8984-1024x682.jpg\" alt=\"ESPACIOS MODERNOS, ADECUADOS A LA FUNCI\u00d3N DE ATENDER DE LA POBLACI\u00d3N DE TENANGO DEL VALLE\" width=\"474\" height=\"315\" \/><\/a><\/p>\n<p style=\"text-align: justify;\">\u00a0En su mensaje de bienvenida el presidente municipal, V\u00edctor Aguilar, dijo que no pueden permanecer impasibles y ajenos al problema de la discapacidad en el municipio y se requiere una rehabilitaci\u00f3n digna, y para tener resultados m\u00e1s efectivos, es necesario contar con espacios adecuados y atenci\u00f3n esmerada, por ello celebr\u00f3 que el Sistema Municipal DIF cuente ahora con mejores instalaciones para la Unidad de Rehabilitaci\u00f3n e Integraci\u00f3n Social.<\/p>\n<p style=\"text-align: justify;\">\u00a0Aguilar Talavera manifest\u00f3 ,\u201cvisitar\u00a0 y recorrer las instalaciones del Sistema Municipal DIF, la URIS y la Estancia Infantil, a lado de mi esposa, nos llev\u00f3 a determinar que era importante dignificarlas, juntos nos propusimos mejorar las instalaciones que en este d\u00eda venimos a reinaugurar, porque si bien es cierto que tanto la URIS como las oficinas del DIF y la Estancia Infantil, ya estaban prestando atenci\u00f3n a los tenanguenses, tambi\u00e9n es cierto que era necesario mejorar tales instalaciones de manera integral\u201d.<\/p>\n<p style=\"text-align: justify;\">\u00a0En su oportunidad la presidenta del SMDIF, Gabriela Veytia expres\u00f3 que para ella atender a los tenanguenses no solo es la labor m\u00e1s importante de esa instituci\u00f3n, es tambi\u00e9n una responsabilidad en todo lo que planean y realizan, por ello es muy grato para todos los integrantes de su equipo de trabajo compartir con la ciudadan\u00eda de este municipio la reinauguraci\u00f3n de las instalaciones de la URIS, la cual a partir de hoy contara con una \u00e1rea de terapia ocupacional, electroterapia, mecanoterapia, hidroterapia, terapia infantil, \u00e1rea de marcha y terapia asistida con caballos, adem\u00e1s de un consultorio dental totalmente equipado que fue donado por la presidenta del DIFEM, Isis \u00c1vila Mu\u00f1oz, todo esto para brindar atenci\u00f3n con mayor calidad y calidez.<\/p>\n<p style=\"text-align: justify;\">\u00a0Al hacer uso de la palabra la directora general del DIFEM, Carolina Alan\u00eds, indic\u00f3 que la Canasta Mexiquense, es para apoyar a personas como madres de escasos recursos con ni\u00f1os menores de 5 a\u00f1os; a las personas con alguna enfermedad cr\u00f3nica; a las personas de la tercera edad, entre otros, ya que; \u201cen esta lucha contra el hambre y a favor de la igualdad todos debemos de estar unidos, por lo que Tenango del Valle no est\u00e1 solo en la lucha\u201d. La funcionaria estatal reconoci\u00f3 la gran labor de Gabriela Veytia al frente del DIF municipal, ya que dijo, es un ejemplo y motivaci\u00f3n para seguir trabajando de manera coordinada en beneficio de los que m\u00e1s lo necesitan. Agradeci\u00f3 la donaci\u00f3n a Juan Miguel Gonz\u00e1lez, por la donaci\u00f3n de una tina de hidromasaje, que igualmente ayudar\u00e1 a los pacientes en su pronta rehabilitaci\u00f3n.<\/p>\n","protected":false},"excerpt":{"rendered":"<p>La directora general de DIFEM, Carolina Alan\u00eds, y la presidenta del DIF Tenango del Valle, Gabriela Veytia encabezaron el evento, acompa\u00f1adas por el alcalde V\u00edctor Aguilar. &nbsp; Con la finalidad de brindar un mejor servicio a la poblaci\u00f3n m\u00e1s necesitada del municipio, la presidenta del SMDIF, Gabriela Veytia Ayala, acompa\u00f1ada por la directora general del [&hellip;]<\/p>\n","protected":false},"author":2,"featured_media":0,"comment_status":"open","ping_status":"open","sticky":false,"template":"","format":"standard","meta":{"footnotes":""},"categories":[5,1],"tags":[1755,2055,2056,2057],"class_list":{"0":"post-3023","1":"post","2":"type-post","3":"status-publish","4":"format-standard","6":"category-nota-informativa","7":"category-uncategorized","8":"tag-alcalde-victor-manuel-aguilar-talavera","9":"tag-carolina-alanis-directora-general-del-difem","10":"tag-gabriela-ceytia-directora-del-dif-de-tenango","11":"tag-uris-tenango-del-valle"},"wps_subtitle":"","_links":{"self":[{"href":"https:\/\/www.porlalibreedomex.com\/index.php?rest_route=\/wp\/v2\/posts\/3023","targetHints":{"allow":["GET"]}}],"collection":[{"href":"https:\/\/www.porlalibreedomex.com\/index.php?rest_route=\/wp\/v2\/posts"}],"about":[{"href":"https:\/\/www.porlalibreedomex.com\/index.php?rest_route=\/wp\/v2\/types\/post"}],"author":[{"embeddable":true,"href":"https:\/\/www.porlalibreedomex.com\/index.php?rest_route=\/wp\/v2\/users\/2"}],"replies":[{"embeddable":true,"href":"https:\/\/www.porlalibreedomex.com\/index.php?rest_route=%2Fwp%2Fv2%2Fcomments&post=3023"}],"version-history":[{"count":0,"href":"https:\/\/www.porlalibreedomex.com\/index.php?rest_route=\/wp\/v2\/posts\/3023\/revisions"}],"wp:attachment":[{"href":"https:\/\/www.porlalibreedomex.com\/index.php?rest_route=%2Fwp%2Fv2%2Fmedia&parent=3023"}],"wp:term":[{"taxonomy":"category","embeddable":true,"href":"https:\/\/www.porlalibreedomex.com\/index.php?rest_route=%2Fwp%2Fv2%2Fcategories&post=3023"},{"taxonomy":"post_tag","embeddable":true,"href":"https:\/\/www.porlalibreedomex.com\/index.php?rest_route=%2Fwp%2Fv2%2Ftags&post=3023"}],"curies":[{"name":"wp","href":"https:\/\/api.w.org\/{rel}","templated":true}]}}