{"id":3021,"date":"2014-08-04T17:30:52","date_gmt":"2014-08-05T02:30:52","guid":{"rendered":"http:\/\/porlalibre.info\/?p=3021"},"modified":"2014-08-04T17:30:52","modified_gmt":"2014-08-05T02:30:52","slug":"cuidado-con-la-depresion-se-acentua-despues-de-los-65","status":"publish","type":"post","link":"https:\/\/www.porlalibreedomex.com\/?p=3021","title":{"rendered":"CUIDADO CON LA DEPRESI\u00d3N; SE ACENT\u00daA DESPU\u00c9S DE LOS 65"},"content":{"rendered":"<ul>\n<li><em>La debilidad, el cansancio, mareos, alteraciones de sue\u00f1o y apetito, variaciones digestivas y respiratorias, son los s\u00edntomas m\u00e1s frecuentes entre los adultos mayores que padecen depresi\u00f3n.<\/em><\/li>\n<\/ul>\n<p><em>\u00a0<\/em><\/p>\n<p style=\"text-align: justify;\">Los s\u00edntomas caracter\u00edsticos de la depresi\u00f3n aumentan hasta 33 por ciento en personas mayores de 65 a\u00f1os, siendo este grupo de edad donde es m\u00e1s frecuente dicho problema mental, aseveraron especialistas de la Facultad de Medicina de la Universidad Aut\u00f3noma del Estado de M\u00e9xico.<\/p>\n<p style=\"text-align: justify;\">\u00a0\u00a0\u00a0\u00a0\u00a0\u00a0\u00a0\u00a0\u00a0\u00a0\u00a0\u00a0Clementina Jim\u00e9nez Garc\u00e9s, Margarita Marina Hern\u00e1ndez Gonz\u00e1lez y\u00a0Patricia Vieyra Reyes indicaron que el de los adultos mayores es el sector de la poblaci\u00f3n que con mayor frecuencia presenta esta condici\u00f3n ps\u00edquica, como lo demostr\u00f3 el trabajo de investigaci\u00f3n realizado entre 152 pacientes de 60 a\u00f1os que viven en comunidades rurales.<!--more--><\/p>\n<p style=\"text-align: justify;\">Los especialistas detallaron que el estudio descriptivo, en el que se aplic\u00f3 una metodolog\u00eda de entrevistas, a trav\u00e9s de la escala m\u00ednima del estado mental \u201cFolstein\u201d y el cuestionario para s\u00edntomas f\u00edsicos y escala de depresi\u00f3n geri\u00e1trica \u201cYesavage\u201d, revel\u00f3 que la debilidad, el cansancio, mareos, alteraciones de sue\u00f1o y apetito, variaciones digestivas y respiratorias, son los s\u00edntomas m\u00e1s frecuentes entre los adultos mayores que padecen depresi\u00f3n.<\/p>\n<p style=\"text-align: justify;\">\u00a0\u00a0\u00a0\u00a0\u00a0\u00a0\u00a0\u00a0\u00a0\u00a0\u00a0\u00a0Adem\u00e1s, puntualizaron, se analizaron las condiciones sociales y familiares que rodean a los pacientes, quienes en su mayor\u00eda son mujeres dedicadas al hogar y de los cuales, 26 por ciento de los hombres se desempe\u00f1an en trabajos relacionados con el campo. Asimismo, casi 50 por ciento dependen econ\u00f3micamente de los hijos o bien, de apoyos gubernamentales.<\/p>\n<p style=\"text-align: justify;\">\u00a0\u00a0\u00a0\u00a0\u00a0\u00a0\u00a0\u00a0\u00a0\u00a0\u00a0\u00a0Los especialistas de la Facultad de Medicina de la UAEM consideraron que esta problem\u00e1tica de salud p\u00fablica requiere de atenci\u00f3n especializada y m\u00e9dica, con la finalidad de evitar mayores trastornos emocionales, puesto que implican serias complicaciones de discapacidad y morbilidad, afectando la calidad de vida de los adultos mayores.<\/p>\n","protected":false},"excerpt":{"rendered":"<p>La debilidad, el cansancio, mareos, alteraciones de sue\u00f1o y apetito, variaciones digestivas y respiratorias, son los s\u00edntomas m\u00e1s frecuentes entre los adultos mayores que padecen depresi\u00f3n. \u00a0 Los s\u00edntomas caracter\u00edsticos de la depresi\u00f3n aumentan hasta 33 por ciento en personas mayores de 65 a\u00f1os, siendo este grupo de edad donde es m\u00e1s frecuente dicho problema [&hellip;]<\/p>\n","protected":false},"author":2,"featured_media":0,"comment_status":"open","ping_status":"open","sticky":false,"template":"","format":"standard","meta":{"footnotes":""},"categories":[5,1],"tags":[2051,1144,2052,2053,2054,311],"class_list":{"0":"post-3021","1":"post","2":"type-post","3":"status-publish","4":"format-standard","6":"category-nota-informativa","7":"category-uncategorized","8":"tag-clementina-jimenez-garces","9":"tag-facultad-de-medicina-de-la-uaem","10":"tag-margarita-marina-hernandez-gonzalez","11":"tag-patricia-vieyra-reyes","12":"tag-sintomas-de-depresion","13":"tag-universidad-autonoma-del-estado-de-mexico"},"wps_subtitle":"","_links":{"self":[{"href":"https:\/\/www.porlalibreedomex.com\/index.php?rest_route=\/wp\/v2\/posts\/3021","targetHints":{"allow":["GET"]}}],"collection":[{"href":"https:\/\/www.porlalibreedomex.com\/index.php?rest_route=\/wp\/v2\/posts"}],"about":[{"href":"https:\/\/www.porlalibreedomex.com\/index.php?rest_route=\/wp\/v2\/types\/post"}],"author":[{"embeddable":true,"href":"https:\/\/www.porlalibreedomex.com\/index.php?rest_route=\/wp\/v2\/users\/2"}],"replies":[{"embeddable":true,"href":"https:\/\/www.porlalibreedomex.com\/index.php?rest_route=%2Fwp%2Fv2%2Fcomments&post=3021"}],"version-history":[{"count":0,"href":"https:\/\/www.porlalibreedomex.com\/index.php?rest_route=\/wp\/v2\/posts\/3021\/revisions"}],"wp:attachment":[{"href":"https:\/\/www.porlalibreedomex.com\/index.php?rest_route=%2Fwp%2Fv2%2Fmedia&parent=3021"}],"wp:term":[{"taxonomy":"category","embeddable":true,"href":"https:\/\/www.porlalibreedomex.com\/index.php?rest_route=%2Fwp%2Fv2%2Fcategories&post=3021"},{"taxonomy":"post_tag","embeddable":true,"href":"https:\/\/www.porlalibreedomex.com\/index.php?rest_route=%2Fwp%2Fv2%2Ftags&post=3021"}],"curies":[{"name":"wp","href":"https:\/\/api.w.org\/{rel}","templated":true}]}}