{"id":30159,"date":"2019-04-15T02:08:07","date_gmt":"2019-04-15T07:08:07","guid":{"rendered":"https:\/\/www.porlalibreedomex.com\/?p=30159"},"modified":"2019-04-16T02:08:52","modified_gmt":"2019-04-16T07:08:52","slug":"la-cultura-tambien-es-un-derecho-humano-senala-la-codhem","status":"publish","type":"post","link":"https:\/\/www.porlalibreedomex.com\/?p=30159","title":{"rendered":"LA CULTURA TAMBI\u00c9N ES UN DERECHO HUMANO, SE\u00d1ALA LA CODHEM"},"content":{"rendered":"<ul>\n<li style=\"font-weight: 400;\"><strong><em>La cultura es un derecho humano de segunda generaci\u00f3n que garantiza el ejercicio de la vida cultural, el disfrute de las artes y del progreso cient\u00edfico.<\/em><\/strong><\/li>\n<\/ul>\n<p style=\"font-weight: 400;\"><strong>Toluca, Estado de M\u00e9xico, 15 de abril 2019.-<\/strong>\u00a0La Comisi\u00f3n de Derechos Humanos del Estado de M\u00e9xico (Codhem) trabaja para garantizar el acceso a todas las prerrogativas fundamentales, entre ellas, el Derecho a la Cultura que est\u00e1 relacionado con el arte y las manifestaciones culturales, se\u00f1al\u00f3 la directora del Centro de Estudios del organismo, Gabriela Eugenia Lara Torres.<\/p>\n<p style=\"font-weight: 400;\">Explic\u00f3 que los derechos culturales son de segunda generaci\u00f3n, conocidos como \u201cDerechos econ\u00f3micos, sociales y culturales\u201d, y que el art\u00edculo 27 de la Declaraci\u00f3n Universal de los Derechos Humanos indica que toda persona es libre de tomar parte de la vida cultural, de gozar de las artes y participar en el progreso cient\u00edfico.<\/p>\n<figure id=\"attachment_30161\" aria-describedby=\"caption-attachment-30161\" style=\"width: 1280px\" class=\"wp-caption aligncenter\"><a href=\"https:\/\/www.porlalibreedomex.com\/wp-content\/uploads\/2019\/04\/Foto-Bol.-086-2.jpeg\"><img loading=\"lazy\" decoding=\"async\" class=\"size-full wp-image-30161\" src=\"https:\/\/www.porlalibreedomex.com\/wp-content\/uploads\/2019\/04\/Foto-Bol.-086-2.jpeg\" alt=\"\" width=\"1280\" height=\"819\" srcset=\"https:\/\/www.porlalibreedomex.com\/wp-content\/uploads\/2019\/04\/Foto-Bol.-086-2.jpeg 1280w, https:\/\/www.porlalibreedomex.com\/wp-content\/uploads\/2019\/04\/Foto-Bol.-086-2-300x192.jpeg 300w, https:\/\/www.porlalibreedomex.com\/wp-content\/uploads\/2019\/04\/Foto-Bol.-086-2-768x491.jpeg 768w, https:\/\/www.porlalibreedomex.com\/wp-content\/uploads\/2019\/04\/Foto-Bol.-086-2-1024x655.jpeg 1024w\" sizes=\"auto, (max-width: 1280px) 100vw, 1280px\" \/><\/a><figcaption id=\"caption-attachment-30161\" class=\"wp-caption-text\">La Cultura, Derecho Humano de Segunda Generaci\u00f3n, explioca la CODHEM<\/figcaption><\/figure>\n<p style=\"font-weight: 400;\">Indic\u00f3 que, a trav\u00e9s de sus diferentes \u00e1reas, la Defensor\u00eda de Habitantes del Estado de M\u00e9xico promueve el libre ejercicio para asegurar el disfrute de la cultura en condiciones de igualdad y no discriminaci\u00f3n para las personas de todas las edades.<\/p>\n<p style=\"font-weight: 400;\">Dio a conocer que entre las acciones que se realizan para el efecto se encuentran el acceso a las bibliotecas, el fomento de la lectura, eventos art\u00edsticos y culturales gratuitos en escenarios y plazas p\u00fablicas, la promoci\u00f3n de la cultura nacional en el extranjero, entre otras.<\/p>\n<p style=\"font-weight: 400;\">Comprometidos con la difusi\u00f3n de los derechos culturales, se\u00f1al\u00f3 Lara Torres, el Centro de Estudios tiene a su cargo la edici\u00f3n de las revistas \u201cDignitas\u201d y \u201cDH Magazine\u201d, libros y diversos materiales de difusi\u00f3n de los derechos humanos, que se pueden consultar en l\u00ednea en la p\u00e1gina\u00a0<a href=\"http:\/\/www.codhem.org.mx\/\" data-saferedirecturl=\"https:\/\/www.google.com\/url?q=http:\/\/www.codhem.org.mx&amp;source=gmail&amp;ust=1555481471242000&amp;usg=AFQjCNF5G5OuxqaUZ_DX0a7rbvCf0egXCw\">www.codhem.org.mx<\/a>.<\/p>\n<p style=\"font-weight: 400;\">Asimismo, la Codhem cuenta con un Centro de Informaci\u00f3n y Documentaci\u00f3n abierto al p\u00fablico en general y, a trav\u00e9s de la Unidad de la Difusi\u00f3n de la Cultura, desarrolla el programa \u201cHumaniz-Arte\u201d con recitales y conciertos, muestras teatrales, exposiciones de pintura, proyecciones de cine y visitas guiadas, entre otras actividades.<\/p>\n<p style=\"font-weight: 400;\">\n","protected":false},"excerpt":{"rendered":"<p>La cultura es un derecho humano de segunda generaci\u00f3n que garantiza el ejercicio de la vida cultural, el disfrute de las artes y del progreso cient\u00edfico. Toluca, Estado de M\u00e9xico, 15 de abril 2019.-\u00a0La Comisi\u00f3n de Derechos Humanos del Estado de M\u00e9xico (Codhem) trabaja para garantizar el acceso a todas las prerrogativas fundamentales, entre ellas, [&hellip;]<\/p>\n","protected":false},"author":3,"featured_media":30162,"comment_status":"open","ping_status":"open","sticky":false,"template":"","format":"standard","meta":{"footnotes":""},"categories":[9873,16],"tags":[13987,13986],"class_list":{"0":"post-30159","1":"post","2":"type-post","3":"status-publish","4":"format-standard","5":"has-post-thumbnail","7":"category-cultura","8":"category-foto","9":"tag-codhem-pprotege-la-cultura","10":"tag-cultura-y-derechos-humanos"},"wps_subtitle":"","_links":{"self":[{"href":"https:\/\/www.porlalibreedomex.com\/index.php?rest_route=\/wp\/v2\/posts\/30159","targetHints":{"allow":["GET"]}}],"collection":[{"href":"https:\/\/www.porlalibreedomex.com\/index.php?rest_route=\/wp\/v2\/posts"}],"about":[{"href":"https:\/\/www.porlalibreedomex.com\/index.php?rest_route=\/wp\/v2\/types\/post"}],"author":[{"embeddable":true,"href":"https:\/\/www.porlalibreedomex.com\/index.php?rest_route=\/wp\/v2\/users\/3"}],"replies":[{"embeddable":true,"href":"https:\/\/www.porlalibreedomex.com\/index.php?rest_route=%2Fwp%2Fv2%2Fcomments&post=30159"}],"version-history":[{"count":1,"href":"https:\/\/www.porlalibreedomex.com\/index.php?rest_route=\/wp\/v2\/posts\/30159\/revisions"}],"predecessor-version":[{"id":30163,"href":"https:\/\/www.porlalibreedomex.com\/index.php?rest_route=\/wp\/v2\/posts\/30159\/revisions\/30163"}],"wp:featuredmedia":[{"embeddable":true,"href":"https:\/\/www.porlalibreedomex.com\/index.php?rest_route=\/wp\/v2\/media\/30162"}],"wp:attachment":[{"href":"https:\/\/www.porlalibreedomex.com\/index.php?rest_route=%2Fwp%2Fv2%2Fmedia&parent=30159"}],"wp:term":[{"taxonomy":"category","embeddable":true,"href":"https:\/\/www.porlalibreedomex.com\/index.php?rest_route=%2Fwp%2Fv2%2Fcategories&post=30159"},{"taxonomy":"post_tag","embeddable":true,"href":"https:\/\/www.porlalibreedomex.com\/index.php?rest_route=%2Fwp%2Fv2%2Ftags&post=30159"}],"curies":[{"name":"wp","href":"https:\/\/api.w.org\/{rel}","templated":true}]}}