{"id":30035,"date":"2019-04-07T19:46:32","date_gmt":"2019-04-08T00:46:32","guid":{"rendered":"https:\/\/www.porlalibreedomex.com\/?p=30035"},"modified":"2019-04-07T19:46:32","modified_gmt":"2019-04-08T00:46:32","slug":"alianza-de-la-codhem-con-instituciones-del-sector-salud-para-sensibilizar-al-personal-medico","status":"publish","type":"post","link":"https:\/\/www.porlalibreedomex.com\/?p=30035","title":{"rendered":"ALIANZA DE LA CODHEM CON INSTITUCIONES DEL SECTOR SALUD PARA SENSIBILIZAR AL PERSONAL M\u00c9DICO"},"content":{"rendered":"<div id=\"m_-8054045794788008843yui_3_16_0_ym19_1_1554667643981_4035\">\n<div id=\"m_-8054045794788008843yui_3_16_0_ym19_1_1554667643981_5935\"><\/div>\n<div id=\"m_-8054045794788008843yui_3_16_0_ym19_1_1554667643981_5937\"><span id=\"m_-8054045794788008843yui_3_16_0_ym19_1_1554667643981_5938\" style=\"font-family: Helvetica Neue, Helvetica, Arial, sans-serif;\">\u00a0<\/span><\/div>\n<div id=\"m_-8054045794788008843yui_3_16_0_ym19_1_1554667643981_5940\"><em><strong><span id=\"m_-8054045794788008843yui_3_16_0_ym19_1_1554667643981_5941\" style=\"font-family: Helvetica Neue, Helvetica, Arial, sans-serif;\">\u2022<span id=\"m_-8054045794788008843yui_3_16_0_ym19_1_1554667643981_5942\"> <\/span>Inici\u00f3 114 expedientes de queja del 01 de enero al 25 de marzo.<\/span><\/strong><\/em><\/div>\n<div id=\"m_-8054045794788008843yui_3_16_0_ym19_1_1554667643981_5943\"><span id=\"m_-8054045794788008843yui_3_16_0_ym19_1_1554667643981_5944\" style=\"font-family: Helvetica Neue, Helvetica, Arial, sans-serif;\">\u00a0<\/span><\/div>\n<div id=\"m_-8054045794788008843yui_3_16_0_ym19_1_1554667643981_5946\"><span id=\"m_-8054045794788008843yui_3_16_0_ym19_1_1554667643981_5947\" style=\"font-family: Helvetica Neue, Helvetica, Arial, sans-serif;\"><strong>Toluca, Estado de M\u00e9xico; 7 de abril de 2019.-<\/strong> La Comisi\u00f3n de Derechos Humanos del Estado de M\u00e9xico (Codhem) inici\u00f3 114 expedientes de queja contra el sector salud en el periodo del 01 de enero al 25 de marzo, por tal raz\u00f3n ha establecido una alianza con instituciones p\u00fablicas, a fin de sensibilizar y formar al\u00a0<\/span>personal m\u00e9dico para que ofrezca una atenci\u00f3n de calidad sin afectar la dignidad de los pacientes, destac\u00f3 el ombudsperson Jorge Olvera Garc\u00eda.<\/div>\n<div id=\"m_-8054045794788008843yui_3_16_0_ym19_1_1554667643981_5950\"><span id=\"m_-8054045794788008843yui_3_16_0_ym19_1_1554667643981_5951\" style=\"font-family: Helvetica Neue, Helvetica, Arial, sans-serif;\">\u00a0<\/span><\/div>\n<div id=\"m_-8054045794788008843yui_3_16_0_ym19_1_1554667643981_5953\"><span id=\"m_-8054045794788008843yui_3_16_0_ym19_1_1554667643981_5954\" style=\"font-family: Helvetica Neue, Helvetica, Arial, sans-serif;\">En el marco del D\u00eda Mundial de la Salud, explic\u00f3 que dicho sector ocupa la quinta posici\u00f3n en n\u00famero de quejas por acciones u omisiones en la atenci\u00f3n a derechohabientes o poblaci\u00f3n abierta, y la importancia de que conozcan los derechos de los pacientes es que trabajan con la vida de los dem\u00e1s, por tanto, deben aplicar su conocimiento profesional y contar con insumos e instrumental adecuado.<\/span><\/div>\n<div id=\"m_-8054045794788008843yui_3_16_0_ym19_1_1554667643981_5955\"><span id=\"m_-8054045794788008843yui_3_16_0_ym19_1_1554667643981_5956\" style=\"font-family: Helvetica Neue, Helvetica, Arial, sans-serif;\">\u00a0<\/span><\/div>\n<div id=\"m_-8054045794788008843yui_3_16_0_ym19_1_1554667643981_5958\"><span id=\"m_-8054045794788008843yui_3_16_0_ym19_1_1554667643981_5959\" style=\"font-family: Helvetica Neue, Helvetica, Arial, sans-serif;\">Olvera Garc\u00eda detall\u00f3 que el Cat\u00e1logo para la Calificaci\u00f3n de Violaciones a Derechos Humanos, editado por la Codhem y \u00fanico en su tipo a nivel nacional, considera m\u00e1s de 20 prerrogativas relacionadas con la protecci\u00f3n de la salud, entre ellas el derecho a su accesibilidad; a recibir un trato digno y respetuoso; a recibir informaci\u00f3n suficiente, clara, oportuna y veraz sobre los tratamientos m\u00e9dicos o quir\u00fargicos.<\/span><\/div>\n<div id=\"m_-8054045794788008843yui_3_16_0_ym19_1_1554667643981_5960\"><span id=\"m_-8054045794788008843yui_3_16_0_ym19_1_1554667643981_5961\" style=\"font-family: Helvetica Neue, Helvetica, Arial, sans-serif;\">\u00a0<\/span><\/div>\n<div id=\"m_-8054045794788008843yui_3_16_0_ym19_1_1554667643981_5963\"><span id=\"m_-8054045794788008843yui_3_16_0_ym19_1_1554667643981_5964\" style=\"font-family: Helvetica Neue, Helvetica, Arial, sans-serif;\">La Codhem tambi\u00e9n protege el derecho a decidir libremente sobre la atenci\u00f3n m\u00e9dica; a otorgar su consentimiento; a la confidencialidad respecto a enfermedades y padecimientos; a la debida integraci\u00f3n del expediente cl\u00ednica; a ser atendido por su inconformidad ante la atenci\u00f3n m\u00e9dica recibida; tener medicamentos y tratamientos correspondientes al padecimiento, entre otros.<\/span><\/div>\n<div id=\"m_-8054045794788008843yui_3_16_0_ym19_1_1554667643981_5965\"><span id=\"m_-8054045794788008843yui_3_16_0_ym19_1_1554667643981_5966\" style=\"font-family: Helvetica Neue, Helvetica, Arial, sans-serif;\">\u00a0<\/span><\/div>\n<div id=\"m_-8054045794788008843yui_3_16_0_ym19_1_1554667643981_5968\" dir=\"ltr\"><span id=\"m_-8054045794788008843yui_3_16_0_ym19_1_1554667643981_5969\" style=\"font-family: Helvetica Neue, Helvetica, Arial, sans-serif;\">Por \u00faltimo, record\u00f3 que el organismo defensor ha emitido recomendaciones por la gravedad de las afectaciones a la integridad f\u00edsica o vida de los pacientes en diversos hospitales p\u00fablicos de la entidad, por ello reiter\u00f3 el llamado al personal de salud a ser sensibles, m\u00e1s humanos y prevenir posibles violaciones a los derechos humanos.<\/span><\/div>\n<\/div>\n<div class=\"yj6qo\"><\/div>\n<div id=\"m_-8054045794788008843yui_3_16_0_ym19_1_1554667643981_4035\" class=\"adL\"><\/div>\n<div id=\"m_-8054045794788008843yui_3_16_0_ym19_1_1554667643981_4035\" class=\"adL\"><\/div>\n<div id=\"m_-8054045794788008843yui_3_16_0_ym19_1_1554667643981_4035\" class=\"adL\"><\/div>\n<div id=\"m_-8054045794788008843yui_3_16_0_ym19_1_1554667643981_4035\" class=\"adL\"><\/div>\n","protected":false},"excerpt":{"rendered":"<p>\u00a0 \u2022 Inici\u00f3 114 expedientes de queja del 01 de enero al 25 de marzo. \u00a0 Toluca, Estado de M\u00e9xico; 7 de abril de 2019.- La Comisi\u00f3n de Derechos Humanos del Estado de M\u00e9xico (Codhem) inici\u00f3 114 expedientes de queja contra el sector salud en el periodo del 01 de enero al 25 de marzo, [&hellip;]<\/p>\n","protected":false},"author":3,"featured_media":30036,"comment_status":"open","ping_status":"open","sticky":false,"template":"","format":"standard","meta":{"footnotes":""},"categories":[9874,16,9209],"tags":[13927,488],"class_list":{"0":"post-30035","1":"post","2":"type-post","3":"status-publish","4":"format-standard","5":"has-post-thumbnail","7":"category-festival-quimera-2017","8":"category-foto","9":"category-salud","10":"tag-derechos-humanos-salud","11":"tag-jorge-olvera-garcia"},"wps_subtitle":"","_links":{"self":[{"href":"https:\/\/www.porlalibreedomex.com\/index.php?rest_route=\/wp\/v2\/posts\/30035","targetHints":{"allow":["GET"]}}],"collection":[{"href":"https:\/\/www.porlalibreedomex.com\/index.php?rest_route=\/wp\/v2\/posts"}],"about":[{"href":"https:\/\/www.porlalibreedomex.com\/index.php?rest_route=\/wp\/v2\/types\/post"}],"author":[{"embeddable":true,"href":"https:\/\/www.porlalibreedomex.com\/index.php?rest_route=\/wp\/v2\/users\/3"}],"replies":[{"embeddable":true,"href":"https:\/\/www.porlalibreedomex.com\/index.php?rest_route=%2Fwp%2Fv2%2Fcomments&post=30035"}],"version-history":[{"count":1,"href":"https:\/\/www.porlalibreedomex.com\/index.php?rest_route=\/wp\/v2\/posts\/30035\/revisions"}],"predecessor-version":[{"id":30037,"href":"https:\/\/www.porlalibreedomex.com\/index.php?rest_route=\/wp\/v2\/posts\/30035\/revisions\/30037"}],"wp:featuredmedia":[{"embeddable":true,"href":"https:\/\/www.porlalibreedomex.com\/index.php?rest_route=\/wp\/v2\/media\/30036"}],"wp:attachment":[{"href":"https:\/\/www.porlalibreedomex.com\/index.php?rest_route=%2Fwp%2Fv2%2Fmedia&parent=30035"}],"wp:term":[{"taxonomy":"category","embeddable":true,"href":"https:\/\/www.porlalibreedomex.com\/index.php?rest_route=%2Fwp%2Fv2%2Fcategories&post=30035"},{"taxonomy":"post_tag","embeddable":true,"href":"https:\/\/www.porlalibreedomex.com\/index.php?rest_route=%2Fwp%2Fv2%2Ftags&post=30035"}],"curies":[{"name":"wp","href":"https:\/\/api.w.org\/{rel}","templated":true}]}}