{"id":29566,"date":"2019-03-20T03:18:24","date_gmt":"2019-03-20T09:18:24","guid":{"rendered":"https:\/\/www.porlalibreedomex.com\/?p=29566"},"modified":"2019-03-21T03:18:42","modified_gmt":"2019-03-21T09:18:42","slug":"reitera-la-codhem-su-politica-de-austeridad-y-ahorro-en-el-gasto","status":"publish","type":"post","link":"https:\/\/www.porlalibreedomex.com\/?p=29566","title":{"rendered":"REITERA LA CODHEM SU POL\u00cdTICA DE AUSTERIDAD Y AHORRO EN EL GASTO"},"content":{"rendered":"<p>En un comunicado de prensa, la Comisi\u00f3n de Derechos Humanos del Estado de M\u00e9xico, aclar\u00f3 su posici\u00f3n en torno a denuncias period\u00edstica sobre gastos superfluos en ese organismo:<\/p>\n<p><i>Es importante referir que en atenci\u00f3n al exhorto de la LX Legislatura del Estado de M\u00e9xico, esta Defensor\u00eda asumi\u00f3 el llamado a la austeridad y el ahorro en el gasto; por lo que cre\u00f3 el respectivo Plan, publicado en la Gaceta del Gobierno del 8 de febrero de 2019, respondiendo as\u00ed a los reclamos de los tiempos actuales y garantizando el cumplimento de sus fines con el presupuesto asignado por la citada Legislatura, y hemos celebrado la sensibilidad de las y los legisladores con quienes estamos desarrollando proyectos conjuntos en derechos humanos, que son de primera importancia para la poblaci\u00f3n mexiquense.<\/i><\/p>\n<p>Toluca, Estado de M\u00e9xico, 20 de marzo de 2019 &#8211; En relaci\u00f3n con la informaci\u00f3n publicada en distintos medios de comunicaci\u00f3n y portales informativos y en congruencia con la normatividad que la sustenta, los principios \u00e9ticos de su naturaleza institucional y el deber de promover y respetar la libertad de expresi\u00f3n y el derecho de acceso a la informaci\u00f3n, esta Defensor\u00eda de Habitantes expresa:<\/p>\n<p>&nbsp;<\/p>\n<ol>\n<li>La adquisici\u00f3n de uniformes que identifican y protegen la labor y la vital promoci\u00f3n que las y los servidores p\u00fablicos de este organismo realizan en el territorio estatal, en los que se incluyen prendas e indumentos con la identidad gr\u00e1fica institucional, como mascadas, corbatas, chalecos, gorras y camisas, se ha llevado a cabo en estricto apego a la normatividad financiera y presupuestal aplicable, cumpliendo de forma absoluta con todos y cada uno de los procesos y procedimientos establecidos en los lineamientos del Comit\u00e9 de Adquisiciones y Servicios de este Organismo y de la Ley de Contrataci\u00f3n P\u00fablica del Estado de M\u00e9xico, en su art\u00edculo 48, fracciones I y III.<\/li>\n<\/ol>\n<p>&nbsp;<\/p>\n<ol>\n<li>Como se explica en el expediente particular de la adquisici\u00f3n de mascadas y corbatas (CODHEM\/CAS\/PAD\/11\/2018), esta acci\u00f3n se enmarca en la actividad conmemorativa del 26 aniversario de la instituci\u00f3n y las prendas se otorgaron en reconocimiento a la comprometida y eficiente labor de las y los servidores p\u00fablicos, siendo una acci\u00f3n considerada en el fomento de la cultura interna de identidad y sentido de pertenencia, integrada en el Plan de Desarrollo 2017-2021, bajo el rubro de Fortalecimiento de la Imagen Institucional, tal y como en la administraci\u00f3n pr\u00f3xima pasada esta identificaci\u00f3n se hac\u00eda con uniformes completos para servidoras y servidores p\u00fablicos con el af\u00e1n de extender y promover la identidad institucional.<\/li>\n<\/ol>\n<p>&nbsp;<\/p>\n<ol>\n<li>La empresa contratada, como qued\u00f3 establecido en la documentaci\u00f3n p\u00fablica consultable por cualquier persona interesada en conocerla, es la que garantiz\u00f3 dise\u00f1o dedicado, calidad, capacidad de entrega y precio.<\/li>\n<\/ol>\n<p>&nbsp;<\/p>\n<ol>\n<li>Es menester aclarar que el procedimiento de adquisici\u00f3n fue fiscalizado y auditado por el \u00d3rgano Interno de Control, encargado de vigilar que dichas acciones est\u00e9n estrictamente apegadas a la legalidad y la transparencia bajo las normas establecidas, que son p\u00fablicas y accesibles.<\/li>\n<\/ol>\n<p>&nbsp;<\/p>\n<ol start=\"99\">\n<li><strong>Cabe precisar que el titular del \u00d3rgano Interno de Control fue el primer auditor nombrado por la LX Legislatura del Estado de M\u00e9xico en 2018, garantizando as\u00ed imparcialidad y legalidad en el desempe\u00f1o de la funci\u00f3n; adem\u00e1s de que este Organismo aut\u00f3nomo ocup\u00f3 el segundo lugar en la Evaluaci\u00f3n Diagn\u00f3stica del Instituto de Transparencia, Acceso a la Informaci\u00f3n P\u00fablica y Protecci\u00f3n de Datos Personales del Estado de M\u00e9xico y Municipios, con una calificaci\u00f3n de 99.5, solo una posici\u00f3n abajo de la Secretar\u00eda de la Contralor\u00eda del Gobierno Estatal.<\/strong><\/li>\n<\/ol>\n<p>&nbsp;<\/p>\n<ol start=\"2\">\n<li>Respecto al proceso adquisitivo de equipo para la creaci\u00f3n de un Set de Grabaci\u00f3n, se aclara que igualmente, \u00e9ste fue realizado con el m\u00e1s estricto apego a la normatividad aplicable y da respuesta a un proyecto alineado con los objetivos del Plan de Desarrollo 2017-2021, como v\u00eda de cumplimiento a las tareas sustantivas de investigaci\u00f3n, docencia, capacitaci\u00f3n, promoci\u00f3n y divulgaci\u00f3n de los derechos humanos, de las cuales deriva la necesidad de producci\u00f3n de piezas audiovisuales que apoyan dichas actividades.<\/li>\n<\/ol>\n<p>&nbsp;<\/p>\n<ol>\n<li>Es un proyecto generado desde 2013 con la creaci\u00f3n del canal de internet CODHEM TV, que inicia su consolidaci\u00f3n precisamente con la adquisici\u00f3n de equipo y encuentra sustento en la necesidad de aprovechar al m\u00e1ximo los tiempos de transmisi\u00f3n convenidos desde hace 20 a\u00f1os con el Sistema de Radio y Televisi\u00f3n Mexiquense para el fomento y promoci\u00f3n de una cultura de derechos humanos y paz.<\/li>\n<\/ol>\n<p>&nbsp;<\/p>\n<ol>\n<li>Esta inversi\u00f3n garantiza a la Comisi\u00f3n una capacidad de producci\u00f3n de contenidos para los pr\u00f3ximos 10 a\u00f1os. Es equipo profesional, de calidad, adecuado a las necesidades de producci\u00f3n y fue adquirido de acuerdo con el presupuesto destinado al efecto con base en el proceso de Invitaci\u00f3n Restringida No. CODHEM\/CAS\/IR\/2018, llevada a cabo conforme a la Ley de Contrataci\u00f3n P\u00fablica del Estado de M\u00e9xico y Municipios y su Reglamento.<\/li>\n<\/ol>\n<p>&nbsp;<\/p>\n<ol start=\"3\">\n<li>En relaci\u00f3n con el presupuesto ejercido en 2018 en el rubro de difusi\u00f3n y comunicaci\u00f3n, fue de $2\u2019390,609.3 y, tal como fue programado, se destin\u00f3 a la producci\u00f3n de publicaciones institucionales como la revista \u201cDH Magazine\u201d, folletos did\u00e1cticos, libros educativos y otros materiales y actividades de fomento de la cultura de derechos humanos y de informaci\u00f3n a la ciudadan\u00eda.<\/li>\n<\/ol>\n<p>&nbsp;<\/p>\n<ol start=\"4\">\n<li>Esta Defensor\u00eda de Habitantes precisa que si bien la emisi\u00f3n de <strong>recomendaciones<\/strong> es una de sus atribuciones normativas, actualmente es una prioridad la generaci\u00f3n de pol\u00edticas y acciones que prevengan, solucionen y den v\u00eda a la restauraci\u00f3n del da\u00f1o de manera pronta y eficaz ante la violaci\u00f3n de los derechos humanos.<\/li>\n<\/ol>\n<p>&nbsp;<\/p>\n<p>&nbsp;<\/p>\n<p>&nbsp;<\/p>\n<p>Es as\u00ed que se impulsan enf\u00e1ticamente la mediaci\u00f3n, la conciliaci\u00f3n, la capacitaci\u00f3n y la gesti\u00f3n para solucionar conflictos y reparar el da\u00f1o; con dicho fin se crearon siete nuevas visitadur\u00edas y se lleva a cabo una labor permanente de coadyuvancia con los poderes p\u00fablicos bajo la perspectiva de prevenci\u00f3n y atenci\u00f3n expedita a las personas que han sufrido la vulneraci\u00f3n a sus derechos humanos.<\/p>\n<p>&nbsp;<\/p>\n<p>Es importante referir que en atenci\u00f3n al exhorto de la LX Legislatura del Estado de M\u00e9xico, esta Defensor\u00eda asumi\u00f3 el llamado a la austeridad y el ahorro en el gasto; por lo que cre\u00f3 el respectivo Plan, publicado en la Gaceta del Gobierno del 8 de febrero de 2019, respondiendo as\u00ed a los reclamos de los tiempos actuales y garantizando el cumplimento de sus fines con el presupuesto asignado por la citada Legislatura, y hemos celebrado la sensibilidad de las y los legisladores con quienes estamos desarrollando proyectos conjuntos en derechos humanos que son de primera importancia para la poblaci\u00f3n mexiquense.<\/p>\n<p>&nbsp;<\/p>\n<p>La Comisi\u00f3n de Derechos Humanos del Estado de M\u00e9xico promueve y respeta la Libertad de expresi\u00f3n tanto como el Derecho a la Informaci\u00f3n, por ello reitera su compromiso con una gesti\u00f3n abierta, transparente y eficaz, invitando a la ciudadan\u00eda a verificar en su portal de Internet toda la informaci\u00f3n relacionada con su quehacer.<\/p>\n<p>&nbsp;<\/p>\n<p>Con base en el Derecho Humano a la Informaci\u00f3n y el Derecho constitucional de R\u00e9plica, se solicita a los medios de comunicaci\u00f3n y portales digitales la publicaci\u00f3n de este documento, poniendo a su disposici\u00f3n la informaci\u00f3n que pueda generar la aseveraci\u00f3n de su contenido, con la conciencia de que la labor de las y los periodistas es ir a la fuente primigenia de la informaci\u00f3n.<\/p>\n<p>&nbsp;<\/p>\n<p>Este Organismo Defensor ratifica su compromiso con la ley que le mandata y antepone el inter\u00e9s de mantener un di\u00e1logo con toda la sociedad, incluyendo a los medios de comunicaci\u00f3n, para construir alianzas y cumplir con la delicada misi\u00f3n que es la Defensa de los Derechos Humanos de la poblaci\u00f3n mexiquense y de quienes transitan por su territorio.<\/p>\n<p>&nbsp;<\/p>\n<p>&nbsp;<\/p>\n","protected":false},"excerpt":{"rendered":"<p>En un comunicado de prensa, la Comisi\u00f3n de Derechos Humanos del Estado de M\u00e9xico, aclar\u00f3 su posici\u00f3n en torno a denuncias period\u00edstica sobre gastos superfluos en ese organismo: Es importante referir que en atenci\u00f3n al exhorto de la LX Legislatura del Estado de M\u00e9xico, esta Defensor\u00eda asumi\u00f3 el llamado a la austeridad y el ahorro [&hellip;]<\/p>\n","protected":false},"author":3,"featured_media":23971,"comment_status":"open","ping_status":"open","sticky":false,"template":"","format":"standard","meta":{"footnotes":""},"categories":[9157,16],"tags":[13743,13745,13744],"class_list":{"0":"post-29566","1":"post","2":"type-post","3":"status-publish","4":"format-standard","5":"has-post-thumbnail","7":"category-edomex","8":"category-foto","9":"tag-austeridad-en-la-codhem","10":"tag-imagen-institucional-codhem","11":"tag-mascadas-y-corbatas"},"wps_subtitle":"","_links":{"self":[{"href":"https:\/\/www.porlalibreedomex.com\/index.php?rest_route=\/wp\/v2\/posts\/29566","targetHints":{"allow":["GET"]}}],"collection":[{"href":"https:\/\/www.porlalibreedomex.com\/index.php?rest_route=\/wp\/v2\/posts"}],"about":[{"href":"https:\/\/www.porlalibreedomex.com\/index.php?rest_route=\/wp\/v2\/types\/post"}],"author":[{"embeddable":true,"href":"https:\/\/www.porlalibreedomex.com\/index.php?rest_route=\/wp\/v2\/users\/3"}],"replies":[{"embeddable":true,"href":"https:\/\/www.porlalibreedomex.com\/index.php?rest_route=%2Fwp%2Fv2%2Fcomments&post=29566"}],"version-history":[{"count":1,"href":"https:\/\/www.porlalibreedomex.com\/index.php?rest_route=\/wp\/v2\/posts\/29566\/revisions"}],"predecessor-version":[{"id":29567,"href":"https:\/\/www.porlalibreedomex.com\/index.php?rest_route=\/wp\/v2\/posts\/29566\/revisions\/29567"}],"wp:featuredmedia":[{"embeddable":true,"href":"https:\/\/www.porlalibreedomex.com\/index.php?rest_route=\/wp\/v2\/media\/23971"}],"wp:attachment":[{"href":"https:\/\/www.porlalibreedomex.com\/index.php?rest_route=%2Fwp%2Fv2%2Fmedia&parent=29566"}],"wp:term":[{"taxonomy":"category","embeddable":true,"href":"https:\/\/www.porlalibreedomex.com\/index.php?rest_route=%2Fwp%2Fv2%2Fcategories&post=29566"},{"taxonomy":"post_tag","embeddable":true,"href":"https:\/\/www.porlalibreedomex.com\/index.php?rest_route=%2Fwp%2Fv2%2Ftags&post=29566"}],"curies":[{"name":"wp","href":"https:\/\/api.w.org\/{rel}","templated":true}]}}