{"id":29561,"date":"2019-03-20T03:05:49","date_gmt":"2019-03-20T09:05:49","guid":{"rendered":"https:\/\/www.porlalibreedomex.com\/?p=29561"},"modified":"2019-03-21T03:06:27","modified_gmt":"2019-03-21T09:06:27","slug":"estudiantes-y-egresadas-de-uaem-crearon-fundacion-proequidad","status":"publish","type":"post","link":"https:\/\/www.porlalibreedomex.com\/?p=29561","title":{"rendered":"Estudiantes y egresadas de UAEM crearon Fundaci\u00f3n Pro equidad"},"content":{"rendered":"<p style=\"font-weight: 400;\"><strong>\u00a0<\/strong><\/p>\n<ul>\n<li style=\"font-weight: 400;\"><em>Promover\u00e1n la educaci\u00f3n con perspectiva de g\u00e9nero en escuelas secundarias y preparatorias de Toluca.<\/em><\/li>\n<\/ul>\n<p style=\"font-weight: 400;\"><strong>\u00a0<\/strong><\/p>\n<p style=\"font-weight: 400;\"><strong>Toluca, M\u00e9x. \u2013 20 de marzo de 2019.<\/strong>\u00a0Estudiantes y egresadas de las facultades de Humanidades y Ciencias Pol\u00edticas y Sociales de la Universidad Aut\u00f3noma del Estado de M\u00e9xico crearon la Fundaci\u00f3n Proequidad, mediante la cual promover\u00e1n la educaci\u00f3n con perspectiva de g\u00e9nero en escuelas secundarias y preparatorias de Toluca.<\/p>\n<p style=\"font-weight: 400;\">En conferencia de prensa, la alumna de la Licenciatura en Ciencias Pol\u00edticas y Administraci\u00f3n P\u00fablica, Susana Romero Padilla, destac\u00f3 que como promotoras educativas en escuelas de nivel b\u00e1sico y medio superior combatir\u00e1n la violencia de g\u00e9nero, construyendo un pensamiento respetuoso y consciente ante la coyuntura estatal y nacional.<\/p>\n<p>(Enlace para ver la entrevista)<\/p>\n<p>file:\/\/\/C:\/Users\/Propietario\/Downloads\/Susana%20Romero%20Fundaci%C3%B3n%20Pro%20Equidad%20V%C3%ADdeo%20-%20Google%20Fotos.html<\/p>\n<p style=\"font-weight: 400;\">Del mismo modo, expres\u00f3 que la Fundaci\u00f3n tiene como prop\u00f3sito que la poblaci\u00f3n tome conciencia de las desigualdades entre g\u00e9neros y promover el empoderamiento masculino y femenino. \u201cLos principios que rigen a la Fundaci\u00f3n son la igualdad de oportunidades, la no discriminaci\u00f3n y la equidad\u201d:<\/p>\n<p style=\"font-weight: 400;\">En el Centro de Innovaci\u00f3n en Cultura y Casa de La Mora de esta casa de estudios, la alumna de la Licenciatura en Historia, Ximena Campos S\u00e1nchez, detall\u00f3 que algunos de los temas que abordar\u00e1n entre los j\u00f3venes son la conciencia de g\u00e9nero, micromachismos, relaciones t\u00f3xicas, nuevas masculinidades, diferencia entre sexo y g\u00e9nero, as\u00ed como empoderamiento femenino, entre otras.<\/p>\n<p style=\"font-weight: 400;\">\u201cNo basta que la equidad sea ley. Esta debe reflejarse en la vida cotidiana, en la casa, la escuela y la oficina. Buscamos una revoluci\u00f3n de pensamiento por medio de la educaci\u00f3n\u201d.<\/p>\n<p style=\"font-weight: 400;\">La Fundaci\u00f3n Proequidad, subray\u00f3, se enfoca en promover una pol\u00edtica transversal para consolidar la equidad de g\u00e9nero y para ello buscar\u00e1 el apoyo de instituciones municipales y estatales, con la finalidad de lograr generar mejores condiciones de vida para las mujeres.<\/p>\n<p style=\"font-weight: 400;\">\n","protected":false},"excerpt":{"rendered":"<p>\u00a0 Promover\u00e1n la educaci\u00f3n con perspectiva de g\u00e9nero en escuelas secundarias y preparatorias de Toluca. \u00a0 Toluca, M\u00e9x. \u2013 20 de marzo de 2019.\u00a0Estudiantes y egresadas de las facultades de Humanidades y Ciencias Pol\u00edticas y Sociales de la Universidad Aut\u00f3noma del Estado de M\u00e9xico crearon la Fundaci\u00f3n Proequidad, mediante la cual promover\u00e1n la educaci\u00f3n con [&hellip;]<\/p>\n","protected":false},"author":3,"featured_media":29563,"comment_status":"open","ping_status":"open","sticky":false,"template":"","format":"standard","meta":{"footnotes":""},"categories":[9148,16],"tags":[13740,13741,13742],"class_list":{"0":"post-29561","1":"post","2":"type-post","3":"status-publish","4":"format-standard","5":"has-post-thumbnail","7":"category-educacion","8":"category-foto","9":"tag-fundacion-pro-equidad","10":"tag-susanqa-romero","11":"tag-uaem-vs-violencia-contra-mujeres"},"wps_subtitle":"","_links":{"self":[{"href":"https:\/\/www.porlalibreedomex.com\/index.php?rest_route=\/wp\/v2\/posts\/29561","targetHints":{"allow":["GET"]}}],"collection":[{"href":"https:\/\/www.porlalibreedomex.com\/index.php?rest_route=\/wp\/v2\/posts"}],"about":[{"href":"https:\/\/www.porlalibreedomex.com\/index.php?rest_route=\/wp\/v2\/types\/post"}],"author":[{"embeddable":true,"href":"https:\/\/www.porlalibreedomex.com\/index.php?rest_route=\/wp\/v2\/users\/3"}],"replies":[{"embeddable":true,"href":"https:\/\/www.porlalibreedomex.com\/index.php?rest_route=%2Fwp%2Fv2%2Fcomments&post=29561"}],"version-history":[{"count":3,"href":"https:\/\/www.porlalibreedomex.com\/index.php?rest_route=\/wp\/v2\/posts\/29561\/revisions"}],"predecessor-version":[{"id":29565,"href":"https:\/\/www.porlalibreedomex.com\/index.php?rest_route=\/wp\/v2\/posts\/29561\/revisions\/29565"}],"wp:featuredmedia":[{"embeddable":true,"href":"https:\/\/www.porlalibreedomex.com\/index.php?rest_route=\/wp\/v2\/media\/29563"}],"wp:attachment":[{"href":"https:\/\/www.porlalibreedomex.com\/index.php?rest_route=%2Fwp%2Fv2%2Fmedia&parent=29561"}],"wp:term":[{"taxonomy":"category","embeddable":true,"href":"https:\/\/www.porlalibreedomex.com\/index.php?rest_route=%2Fwp%2Fv2%2Fcategories&post=29561"},{"taxonomy":"post_tag","embeddable":true,"href":"https:\/\/www.porlalibreedomex.com\/index.php?rest_route=%2Fwp%2Fv2%2Ftags&post=29561"}],"curies":[{"name":"wp","href":"https:\/\/api.w.org\/{rel}","templated":true}]}}