{"id":29439,"date":"2019-03-16T01:14:38","date_gmt":"2019-03-16T07:14:38","guid":{"rendered":"https:\/\/www.porlalibreedomex.com\/?p=29439"},"modified":"2019-03-16T01:14:38","modified_gmt":"2019-03-16T07:14:38","slug":"presentaron-en-la-uaem-el-libro-la-reforma-electoral-de-2014","status":"publish","type":"post","link":"https:\/\/www.porlalibreedomex.com\/?p=29439","title":{"rendered":"Presentaron en la UAEM el libro\u00a0La Reforma Electoral de 2014"},"content":{"rendered":"<p style=\"font-weight: 400;\">\n<p style=\"font-weight: 400;\"><strong>\u00a0<\/strong><\/p>\n<ul>\n<li style=\"font-weight: 400;\"><em>A trav\u00e9s de 11 cap\u00edtulos aborda el impacto de dicha reforma en las pasadas elecciones en los estados de M\u00e9xico y Morelos, as\u00ed como la Ciudad de M\u00e9xico.<\/em><\/li>\n<\/ul>\n<p style=\"font-weight: 400;\"><strong>\u00a0<\/strong><\/p>\n<p style=\"font-weight: 400;\"><strong>Toluca, M\u00e9xico, 15 de marzo de 2019.<\/strong>\u00a0La Facultad de Ciencias Pol\u00edticas y Sociales de la Universidad Aut\u00f3noma del Estado de M\u00e9xico fue sede de la presentaci\u00f3n del libro\u00a0<em>La Reforma Electoral de 2014. Experiencias y tensiones desde lo local y lo federal<\/em>, trabajo editorial publicado por la Universidad Nacional Aut\u00f3noma de M\u00e9xico y coordinado por los especialistas \u00c1ngel Gustavo L\u00f3pez Montiel, Palmira Tapia Palacios y Rosa Mar\u00eda Mir\u00f3n Lince.<\/p>\n<p style=\"font-weight: 400;\">El catedr\u00e1tico e investigador de la UAEM, Jos\u00e9 Mart\u00ednez Vilchis, fue el encargado de comentar la obra conformada por 11 cap\u00edtulos, a trav\u00e9s de los cuales se aborda el impacto de la Reforma Electoral de 2014 en las pasadas elecciones en los estados de M\u00e9xico y Morelos, as\u00ed como la Ciudad de M\u00e9xico.<\/p>\n<p style=\"font-weight: 400;\">Es, dijo, una obra oportuna que permite entender el contexto pol\u00edtico que vivi\u00f3 el pa\u00eds derivado del denominado Pacto por M\u00e9xico, del que se desprendieron cuatro reformas: la Educativa, la Energ\u00e9tica, la Fiscal o Financiera y la Pol\u00edtico\u2013Electoral, siendo esta \u00faltima la \u00fanica que sobrevivi\u00f3 y se aplic\u00f3.<\/p>\n<p style=\"font-weight: 400;\">Palmira Tapia Palacios, presidenta del Sistema Anticorrupci\u00f3n en el Estado de M\u00e9xico y Municipios, indic\u00f3 que su participaci\u00f3n en este trabajo editorial tuvo como prop\u00f3sito recopilar la experiencia obtenida en el proceso electoral de 2015, con la primera aplicaci\u00f3n de la reforma, permitiendo que la informaci\u00f3n saliera de los institutos y llegara a la ciudadan\u00eda.<\/p>\n<p style=\"font-weight: 400;\">\u201cA lo largo de los \u00faltimos a\u00f1os, el INE ha dictado las directrices sobre temas fundamentales en la organizaci\u00f3n de las elecciones en los estados y el resultado ha sido una tensi\u00f3n fuerte, permanente y que no siempre ha tenido los mejores resultados\u201d.<\/p>\n<p style=\"font-weight: 400;\">En su oportunidad, \u00c1ngel L\u00f3pez Montiel expres\u00f3 que el libro documenta el conflicto generado a partir de la reforma electoral. \u201cPresenta los temas que causaron tensi\u00f3n entre el INE y los institutos locales en las elecciones de 2015\u201d.<\/p>\n<p style=\"font-weight: 400;\">\u201cSe trata de un conflicto no resuelto por la reforma, como consecuencia de los grandes vac\u00edos legales que existen y que se han estudiado de distintas maneras y en muchos sentidos\u201d.<\/p>\n<p style=\"font-weight: 400;\">Asever\u00f3 que hay consejeros y organismo locales que acatan lo que dice el INE y otros que no lo hacen, lo cual genera conflictos que se han tratado de resolver a trav\u00e9s de un reglamento de elecciones, que no abarca el conjunto de temas pol\u00edticos.<\/p>\n","protected":false},"excerpt":{"rendered":"<p>\u00a0 A trav\u00e9s de 11 cap\u00edtulos aborda el impacto de dicha reforma en las pasadas elecciones en los estados de M\u00e9xico y Morelos, as\u00ed como la Ciudad de M\u00e9xico. \u00a0 Toluca, M\u00e9xico, 15 de marzo de 2019.\u00a0La Facultad de Ciencias Pol\u00edticas y Sociales de la Universidad Aut\u00f3noma del Estado de M\u00e9xico fue sede de la [&hellip;]<\/p>\n","protected":false},"author":3,"featured_media":29440,"comment_status":"open","ping_status":"open","sticky":false,"template":"","format":"standard","meta":{"footnotes":""},"categories":[9148,16,9150],"tags":[],"class_list":{"0":"post-29439","1":"post","2":"type-post","3":"status-publish","4":"format-standard","5":"has-post-thumbnail","7":"category-educacion","8":"category-foto","9":"category-politica"},"wps_subtitle":"","_links":{"self":[{"href":"https:\/\/www.porlalibreedomex.com\/index.php?rest_route=\/wp\/v2\/posts\/29439","targetHints":{"allow":["GET"]}}],"collection":[{"href":"https:\/\/www.porlalibreedomex.com\/index.php?rest_route=\/wp\/v2\/posts"}],"about":[{"href":"https:\/\/www.porlalibreedomex.com\/index.php?rest_route=\/wp\/v2\/types\/post"}],"author":[{"embeddable":true,"href":"https:\/\/www.porlalibreedomex.com\/index.php?rest_route=\/wp\/v2\/users\/3"}],"replies":[{"embeddable":true,"href":"https:\/\/www.porlalibreedomex.com\/index.php?rest_route=%2Fwp%2Fv2%2Fcomments&post=29439"}],"version-history":[{"count":1,"href":"https:\/\/www.porlalibreedomex.com\/index.php?rest_route=\/wp\/v2\/posts\/29439\/revisions"}],"predecessor-version":[{"id":29441,"href":"https:\/\/www.porlalibreedomex.com\/index.php?rest_route=\/wp\/v2\/posts\/29439\/revisions\/29441"}],"wp:featuredmedia":[{"embeddable":true,"href":"https:\/\/www.porlalibreedomex.com\/index.php?rest_route=\/wp\/v2\/media\/29440"}],"wp:attachment":[{"href":"https:\/\/www.porlalibreedomex.com\/index.php?rest_route=%2Fwp%2Fv2%2Fmedia&parent=29439"}],"wp:term":[{"taxonomy":"category","embeddable":true,"href":"https:\/\/www.porlalibreedomex.com\/index.php?rest_route=%2Fwp%2Fv2%2Fcategories&post=29439"},{"taxonomy":"post_tag","embeddable":true,"href":"https:\/\/www.porlalibreedomex.com\/index.php?rest_route=%2Fwp%2Fv2%2Ftags&post=29439"}],"curies":[{"name":"wp","href":"https:\/\/api.w.org\/{rel}","templated":true}]}}