{"id":2926,"date":"2014-07-30T18:11:23","date_gmt":"2014-07-31T03:11:23","guid":{"rendered":"http:\/\/porlalibre.info\/?p=2926"},"modified":"2014-07-30T18:11:23","modified_gmt":"2014-07-31T03:11:23","slug":"toda-la-fuerza-contra-los-verdaderos-enemigos-de-la-sociedad-los-delincuentes-damian-canales","status":"publish","type":"post","link":"https:\/\/www.porlalibreedomex.com\/?p=2926","title":{"rendered":"TODA LA FUERZA CONTRA LOS VERDADEROS ENEMIGOS DE LA SOCIEDAD, LOS DELINCUENTES: DAMI\u00c1N CANALES"},"content":{"rendered":"<p id=\"yui_3_16_0_1_1406775850631_2701\" class=\"yiv1956528575\" style=\"color: #000000; text-align: left;\" align=\"center\"><span id=\"yui_3_16_0_1_1406775850631_2728\" style=\"color: black;\">REFRENDA EL GEM EL \u00a0COMPROMISO DE OTORGAR MEJORES CONDICIONES DE SEGURIDAD<\/span><\/p>\n<p id=\"yui_3_16_0_1_1406775850631_2727\" class=\"yiv1956528575\" style=\"color: #000000; text-align: justify;\"><span style=\"color: black;\">\u00a0<a href=\"http:\/\/porlalibre.info\/?attachment_id=2927\" rel=\"attachment wp-att-2927\"><img loading=\"lazy\" decoding=\"async\" class=\"aligncenter size-full wp-image-2927\" src=\"http:\/\/porlalibre.info\/wp-content\/uploads\/2014\/07\/SSC_TEJUPILCO-6.jpg\" alt=\"ENCABEZA EN TEJUPILCO LA CEREMONIA LUCTUOSA DE MIGUEL HIDALGO\" width=\"1982\" height=\"1341\" \/><\/a><\/span><\/p>\n<p id=\"yui_3_16_0_1_1406775850631_2726\" class=\"yiv1956528575\" style=\"color: #000000;\"><i><span style=\"color: black;\">*El titular de la SSC encabez\u00f3 el CCIII Aniversario Luctuoso del Padre de la Patria.<\/span><\/i><\/p>\n<p id=\"yui_3_16_0_1_1406775850631_2702\" class=\"yiv1956528575\" style=\"color: #000000; text-align: justify;\"><b><span style=\"color: black;\">\u00a0\u00a0<\/span><\/b><b id=\"yui_3_16_0_1_1406775850631_2734\"><span id=\"yui_3_16_0_1_1406775850631_2733\" style=\"color: black;\">Tejupilco, M\u00e9xico, 30 de julio de 2014.-<\/span><\/b><span id=\"yui_3_16_0_1_1406775850631_2722\" style=\"color: black;\">\u00a0Durante el CCIII Aniversario luctuoso del \u201cPadre de la Patria\u201d Don Miguel Hidalgo y Costilla, el titular de la Secretar\u00eda de Seguridad Ciudadana (SSC), Dami\u00e1n Canales Mena, refrend\u00f3 el compromiso por el gobernador\u00a0Eruviel \u00c1vila Villegas y el suyo propio, por garantizar mejores condiciones de seguridad a los mexiquenses.<\/span><\/p>\n<p id=\"yui_3_16_0_1_1406775850631_2703\" class=\"yiv1956528575\" style=\"color: #000000; text-align: justify;\"><span style=\"color: black;\">\u00a0<\/span>\u201cEl compromiso no puede ser menor: ning\u00fan delincuente o grupo de delincuentes, tenga la denominaci\u00f3n que tenga, va hacer del Estado de M\u00e9xico un lugar de confort para cometer sus actividades il\u00edcitas. Vamos a ir con todo el rigor y toda la fuerza contra quienes son los verdaderos enemigos de la sociedad; aqu\u00ed no hay espacios a simulaciones, ni componendas\u201d, destac\u00f3 Canales Mena, acompa\u00f1ado por el presidente municipal de Tejupilco, Manuel Sant\u00edn Hern\u00e1ndez.<\/p>\n<p class=\"yiv1956528575\" style=\"color: #000000; text-align: justify;\"><span style=\"color: black;\">\u00a0<\/span>En la Plaza Bicentenario de este municipio, el titular la SSC destac\u00f3\u00a0el acompa\u00f1amiento de las instituciones federales, el cual ha resultado muy productivo para alcanzar los objetivos en materia de seguridad, \u201chemos avanzado, pero aun no echamos las campanas al vuelo, por lo que seguimos trabajando incasablemente\u201d dijo.<\/p>\n<p id=\"yui_3_16_0_1_1406775850631_2706\" class=\"yiv1956528575\" style=\"color: #000000; text-align: justify;\"><span style=\"color: black;\">\u00a0<\/span>Recalc\u00f3 que la colaboraci\u00f3n permanente de la Secretar\u00eda de la Defensa Nacional, la Secretar\u00eda la Marina Armada de M\u00e9xico, y la Polic\u00eda Federal, dentro del operativo Seguridad Mexiquense, mantendr\u00e1 la confianza ciudadana en sus autoridades y dar\u00e1 tranquilidad a la gente.<\/p>\n<p class=\"yiv1956528575\" style=\"color: #000000; text-align: justify;\"><span style=\"color: black;\">\u00a0<\/span>Enfatiz\u00f3 que\u00a0<i id=\"yui_3_16_0_1_1406775850631_2707\">el Padre de la Patria<\/i>\u00a0ten\u00eda un pensamiento innovador y vanguardista para su \u00e9poca; \u201cprofesaba ideales de libertad, por los cuales luch\u00f3 y otorg\u00f3 su vida, como el lograr un pa\u00eds m\u00e1s justo, con mejores oportunidades. Hoy no hay mejor homenaje que asumir la responsabilidad de representar los intereses de un pueblo con responsabilidad para mantener vivo el esp\u00edritu de libertad y grandeza\u201d.<\/p>\n<p id=\"yui_3_16_0_1_1406775850631_2738\" class=\"yiv1956528575\" style=\"color: #000000; text-align: justify;\"><span style=\"color: black;\">\u00a0<\/span>Finalmente, Canales Mena encabez\u00f3\u00a0una guardia de honor en el monumento dedicado al\u00a0cura Miguel Hidalgo y Costilla, en la explanada municipal, y la banda de Guerra\u00a0interpret\u00f3 el\u00a0Toque de Silencio.<\/p>\n","protected":false},"excerpt":{"rendered":"<p>REFRENDA EL GEM EL \u00a0COMPROMISO DE OTORGAR MEJORES CONDICIONES DE SEGURIDAD \u00a0 *El titular de la SSC encabez\u00f3 el CCIII Aniversario Luctuoso del Padre de la Patria. \u00a0\u00a0Tejupilco, M\u00e9xico, 30 de julio de 2014.-\u00a0Durante el CCIII Aniversario luctuoso del \u201cPadre de la Patria\u201d Don Miguel Hidalgo y Costilla, el titular de la Secretar\u00eda de Seguridad [&hellip;]<\/p>\n","protected":false},"author":2,"featured_media":0,"comment_status":"open","ping_status":"open","sticky":false,"template":"","format":"standard","meta":{"footnotes":""},"categories":[5,1],"tags":[1960,180,1961],"class_list":{"0":"post-2926","1":"post","2":"type-post","3":"status-publish","4":"format-standard","6":"category-nota-informativa","7":"category-uncategorized","8":"tag-aniversario-luctuoso-de-miguel-hidalgo","9":"tag-damian-canales-mena","10":"tag-secretario-de-seguridad-publica-del-estado-de-mexico"},"wps_subtitle":"","_links":{"self":[{"href":"https:\/\/www.porlalibreedomex.com\/index.php?rest_route=\/wp\/v2\/posts\/2926","targetHints":{"allow":["GET"]}}],"collection":[{"href":"https:\/\/www.porlalibreedomex.com\/index.php?rest_route=\/wp\/v2\/posts"}],"about":[{"href":"https:\/\/www.porlalibreedomex.com\/index.php?rest_route=\/wp\/v2\/types\/post"}],"author":[{"embeddable":true,"href":"https:\/\/www.porlalibreedomex.com\/index.php?rest_route=\/wp\/v2\/users\/2"}],"replies":[{"embeddable":true,"href":"https:\/\/www.porlalibreedomex.com\/index.php?rest_route=%2Fwp%2Fv2%2Fcomments&post=2926"}],"version-history":[{"count":0,"href":"https:\/\/www.porlalibreedomex.com\/index.php?rest_route=\/wp\/v2\/posts\/2926\/revisions"}],"wp:attachment":[{"href":"https:\/\/www.porlalibreedomex.com\/index.php?rest_route=%2Fwp%2Fv2%2Fmedia&parent=2926"}],"wp:term":[{"taxonomy":"category","embeddable":true,"href":"https:\/\/www.porlalibreedomex.com\/index.php?rest_route=%2Fwp%2Fv2%2Fcategories&post=2926"},{"taxonomy":"post_tag","embeddable":true,"href":"https:\/\/www.porlalibreedomex.com\/index.php?rest_route=%2Fwp%2Fv2%2Ftags&post=2926"}],"curies":[{"name":"wp","href":"https:\/\/api.w.org\/{rel}","templated":true}]}}