{"id":2923,"date":"2014-07-30T17:32:14","date_gmt":"2014-07-31T02:32:14","guid":{"rendered":"http:\/\/porlalibre.info\/?p=2923"},"modified":"2014-07-30T17:32:14","modified_gmt":"2014-07-31T02:32:14","slug":"asignados-97-7-por-ciento-de-alumnos-preinscritos-en-una-de-sus-tres-primeras-opciones","status":"publish","type":"post","link":"https:\/\/www.porlalibreedomex.com\/?p=2923","title":{"rendered":"ASIGNADOS 97.7 POR CIENTO DE ALUMNOS PREINSCRITOS EN UNA DE SUS TRES PRIMERAS OPCIONES"},"content":{"rendered":"<ul>\n<li><strong><span style=\"color: #222222;\"><span style=\"color: #000000;\">Los padres de familia podr\u00e1n realizar su consulta en la p\u00e1gina\u00a0<\/span><a style=\"color: #1155cc;\" href=\"http:\/\/www.edomex.gob.mx\/\" target=\"_blank\">www.edomex.gob.mx<\/a><span style=\"color: #000000;\">, con el folio que recibieron en el tr\u00e1mite de preinscripci\u00f3n<\/span><\/span><\/strong><\/li>\n<li><strong><span style=\"color: #222222;\"><span style=\"color: #000000;\">Las inscripciones ser\u00e1n los d\u00edas 7 y 8 de agosto, para formalizar el tr\u00e1mite se presentar\u00e1n los documentos indicados.\u00a0<\/span><\/span><\/strong><\/li>\n<\/ul>\n<p style=\"color: #222222;\"><b><span style=\"color: #000000; font-size: medium;\">Toluca, M\u00e9xico.-<\/span><\/b><span style=\"color: #000000; font-size: medium;\">\u00a0\u00a0<\/span><span style=\"color: #000000; font-size: medium;\">De un total de 425 mil 235 alumnos preinscritos a los primeros grados de educaci\u00f3n b\u00e1sica, en las escuelas p\u00fablicas del Estado de M\u00e9xico, el 97.7 por ciento fue asignado a una de sus primeras tres opciones, inform\u00f3 la Secretar\u00eda de Educaci\u00f3n del Estado de M\u00e9xico.<\/span><\/p>\n<p style=\"color: #222222;\"><span style=\"color: #000000; font-size: medium;\">En el caso de preescolar, para el que fueron registrados 105 mil 22 aspirantes, el 89.36 por ciento fue dirigido a su primera opci\u00f3n, 7.04 por ciento a la segunda y 2.15por ciento a la tercera, para un total de 98.55 por ciento en las primeras tres opciones en este nivel. En primaria, con 176 mil 271 preinscritos, el 91.21 por ciento a la primera selecci\u00f3n, 5.69 por ciento para la segunda y 1.83 para la tercera, lo que representa el 98.73 por ciento.<\/span><!--more--><\/p>\n<p style=\"color: #222222;\"><span style=\"color: #000000; font-size: medium;\">\u00a0<\/span><span style=\"color: #000000; font-size: medium;\">Y en secundaria, el 83.98 en primera solicitud, 7.98 por ciento en la segunda, 3.87 por ciento en la tercera, que conforman el 95.83 por ciento de 193 mil 942 j\u00f3venes asignados a una de sus tres primeras opciones, de cinco seleccionadas en la preinscripci\u00f3n.<\/span><\/p>\n<p style=\"color: #222222;\"><span style=\"color: #000000; font-size: medium;\">Estas cifras equivalen a un 97.7 por ciento que podr\u00e1n estudiar en alguna de las tres primeras escuelas que eligieron libremente. En cuanto a las cuartas y quintas opciones, quedaron asignados de la siguiente manera: 0.66<\/span><span style=\"color: #000000; font-size: medium;\">\u00a0\u00a0<\/span><span style=\"color: #000000; font-size: medium;\">por ciento y 0.33 por ciento<\/span><span style=\"color: #000000; font-size: medium;\">\u00a0\u00a0<\/span><span style=\"color: #000000; font-size: medium;\">en preescolar, respectivamente; 0.62 por ciento y 0.34 por ciento en primaria, y 1.78 por ciento y 1.17 por ciento en secundaria.<\/span><\/p>\n<p style=\"color: #222222;\"><span style=\"color: #000000; font-size: medium;\">El resto (0.46 por ciento en preescolar; 0.31 por ciento en primaria y 1.23 por ciento<\/span><span style=\"color: #000000; font-size: medium;\">\u00a0\u00a0<\/span><span style=\"color: #000000; font-size: medium;\">en secundaria), fueron dirigidos a planteles cercanos a su domicilio, asegurando as\u00ed un lugar para todos los alumnos.<\/span><\/p>\n<p style=\"color: #222222;\"><span style=\"color: #000000; font-size: medium;\">La Secretar\u00eda de Educaci\u00f3n publicar\u00e1 el pr\u00f3ximo viernes 1 de agosto los resultados del Sistema Anticipado de Inscripci\u00f3n y Distribuci\u00f3n (SAID) para el ciclo escolar 2014-2015.<\/span><\/p>\n<p style=\"color: #222222;\"><span style=\"color: #000000; font-size: medium;\">Los padres de familia podr\u00e1n realizar su consulta en la p\u00e1gina\u00a0<a style=\"color: #1155cc;\" href=\"http:\/\/www.edomex.gob.mx\/\" target=\"_blank\">www.edomex.gob.mx<\/a>, con el folio que recibieron en el tr\u00e1mite de preinscripci\u00f3n; si no lo tuvieran, con ingresar la Clave \u00danica de Registro de Poblaci\u00f3n (CURP) o el nombre completo del alumno ser\u00e1 suficiente; en caso de no contar con acceso a internet, deber\u00e1n acudir a la escuela que eligieron como primera opci\u00f3n para verificar su aceptaci\u00f3n en los listados que estar\u00e1n en las instituciones.<\/span><\/p>\n<p style=\"color: #222222;\"><span style=\"color: #000000; font-size: medium;\">Las inscripciones se realizar\u00e1n los d\u00edas 7 y 8 de agosto, para formalizar el tr\u00e1mite se presentar\u00e1n los siguientes documentos: comprobante de asignaci\u00f3n impreso, -si cuenta con \u00e9l-, copia del acta de nacimiento (se tendr\u00e1 un plazo de hasta seis meses para presentar la copia certificada); CURP del alumno; Cartilla Nacional de Vacunaci\u00f3n o Salud, en caso de tenerla; fotograf\u00edas tama\u00f1o infantil, y para secundaria, el certificado de primaria.<\/span><\/p>\n<p style=\"color: #222222;\"><span style=\"color: #000000; font-size: medium;\">Cabe aclarar que el certificado m\u00e9dico no es un requisito; sin embargo, en la escuela se deber\u00e1 proporcionar informaci\u00f3n sobre la situaci\u00f3n de salud del menor, y nadie podr\u00e1 condicionar la inscripci\u00f3n al pago de ninguna cuota.<\/span><\/p>\n<p style=\"color: #222222;\"><span style=\"color: #000000; font-size: medium;\">\u00a0<\/span><span style=\"color: #000000; font-size: medium;\">Para brindar a los padres de familia la facilidad en la inscripci\u00f3n, ya sea de nuevo ingreso o de grado intermedio de los tres niveles de educaci\u00f3n b\u00e1sica, se contar\u00e1 con el Sistema de Oferta Educativa (SISOFE), que operar\u00e1 del 4 al 15 de agosto en la misma p\u00e1gina de internet y mediante el cual se proporcionar\u00e1 el listado de las escuelas que todav\u00eda cuenten con lugares disponibles.<\/span><span style=\"color: #000000; font-size: medium;\">\u00a0\u00a0\u00a0\u00a0\u00a0\u00a0\u00a0<\/span><\/p>\n<p style=\"color: #222222;\"><span style=\"color: #000000; font-size: medium;\">Este sistema funcionar\u00e1 en los municipios de Toluca, Zinacantepec, Almoloya de Ju\u00e1rez, Metepec, San Mateo Atenco y Lerma, en los niveles de preescolar, primaria y secundaria. Asimismo se contar\u00e1 con cinco m\u00f3dulos de apoyo en Toluca, que son:<\/span><\/p>\n<p style=\"color: #222222;\"><span style=\"color: #000000; font-size: medium;\">Secundaria Oficial No. 0003 \u201cLic. Benito Ju\u00e1rez\u201d. Juan Fern\u00e1ndez Albarr\u00e1n esquina con Heriberto Enr\u00edquez, Col. Universidad.<\/span><\/p>\n<ul style=\"color: #222222;\">\n<li>Primaria \u201cGral. Jos\u00e9 Vicente Villada\u201d. Ju\u00e1rez Sur 401, Col. 5 de Mayo.<\/li>\n<li style=\"color: #000000;\">\n<p style=\"color: #000000;\">Primaria \u201cLic. Gustavo D\u00edaz Ordaz\u201d. Francisco Javier Gaxiola No. 501, Col. Morelos.<\/p>\n<\/li>\n<li style=\"color: #000000;\">\n<p style=\"color: #000000;\">M\u00f3dulo RIA. Lerdo Ote. No. 201 esquina Ray\u00f3n, Col. Centro<\/p>\n<\/li>\n<li style=\"color: #000000;\">\n<p style=\"color: #000000;\">M\u00f3dulo RIA. Paseo Col\u00f3n No. 224, interior 55, Col. Cipr\u00e9s.<\/p>\n<p style=\"color: #000000;\">Para el resto del estado, quienes tengan la necesidad de realizar alg\u00fan procedimiento similar, podr\u00e1n acudir a la Subdirecci\u00f3n Regional de la Direcci\u00f3n General de Educaci\u00f3n B\u00e1sica o en las jefaturas de sector, cuando el plantel corresponda a los Servicios Educativos Integrados al Estado de M\u00e9xico (SEIEM).<\/p>\n<p style=\"color: #000000;\">Para mayor informaci\u00f3n, se contar\u00e1 con los n\u00fameros telef\u00f3nicos, -todos con LADA 01 722- si la escuela pertenece a la Direcci\u00f3n General de Educaci\u00f3n B\u00e1sica: 2-14-17-96, 2-14-68-60, 2-14-72-58 y 2-14-63-11, en un horario de 09:00 a 18:00 horas, de lunes a viernes. Si pertenece a los SEIEM, 2-79-77-00, extensi\u00f3n 5545 para preescolar y primaria, y extensi\u00f3n 7587 para secundaria, en el mismo horario.<\/p>\n<p style=\"color: #000000;\">Para informaci\u00f3n general se puede acudir a la Unidad de Planeaci\u00f3n, Evaluaci\u00f3n y Control Escolar de la Secretar\u00eda de Educaci\u00f3n: Tels: (01-722) 214-72-58 y (01-722) 214-63-11. Direcci\u00f3n de Correo Electr\u00f3nico:\u00a0<a style=\"color: #1155cc;\" href=\"mailto:said.preinscripciones@gmail.com\" target=\"_blank\">said.preinscripciones@gmail.<wbr \/>com<\/a>, que operar\u00e1 del 1 al 13 de agosto, o al Centro de Atenci\u00f3n Telef\u00f3nica: 01 800 696 9696.<\/p>\n<\/li>\n<\/ul>\n","protected":false},"excerpt":{"rendered":"<p>Los padres de familia podr\u00e1n realizar su consulta en la p\u00e1gina\u00a0www.edomex.gob.mx, con el folio que recibieron en el tr\u00e1mite de preinscripci\u00f3n Las inscripciones ser\u00e1n los d\u00edas 7 y 8 de agosto, para formalizar el tr\u00e1mite se presentar\u00e1n los documentos indicados.\u00a0 Toluca, M\u00e9xico.-\u00a0\u00a0De un total de 425 mil 235 alumnos preinscritos a los primeros grados de [&hellip;]<\/p>\n","protected":false},"author":2,"featured_media":0,"comment_status":"open","ping_status":"open","sticky":false,"template":"","format":"standard","meta":{"footnotes":""},"categories":[5,1],"tags":[1956,1957,1958,1959],"class_list":{"0":"post-2923","1":"post","2":"type-post","3":"status-publish","4":"format-standard","6":"category-nota-informativa","7":"category-uncategorized","8":"tag-alumnos-asignados","9":"tag-inscripcion-anticipada","10":"tag-said","11":"tag-secretaria-de-educacion-del-estado-de-mexico"},"wps_subtitle":"","_links":{"self":[{"href":"https:\/\/www.porlalibreedomex.com\/index.php?rest_route=\/wp\/v2\/posts\/2923","targetHints":{"allow":["GET"]}}],"collection":[{"href":"https:\/\/www.porlalibreedomex.com\/index.php?rest_route=\/wp\/v2\/posts"}],"about":[{"href":"https:\/\/www.porlalibreedomex.com\/index.php?rest_route=\/wp\/v2\/types\/post"}],"author":[{"embeddable":true,"href":"https:\/\/www.porlalibreedomex.com\/index.php?rest_route=\/wp\/v2\/users\/2"}],"replies":[{"embeddable":true,"href":"https:\/\/www.porlalibreedomex.com\/index.php?rest_route=%2Fwp%2Fv2%2Fcomments&post=2923"}],"version-history":[{"count":0,"href":"https:\/\/www.porlalibreedomex.com\/index.php?rest_route=\/wp\/v2\/posts\/2923\/revisions"}],"wp:attachment":[{"href":"https:\/\/www.porlalibreedomex.com\/index.php?rest_route=%2Fwp%2Fv2%2Fmedia&parent=2923"}],"wp:term":[{"taxonomy":"category","embeddable":true,"href":"https:\/\/www.porlalibreedomex.com\/index.php?rest_route=%2Fwp%2Fv2%2Fcategories&post=2923"},{"taxonomy":"post_tag","embeddable":true,"href":"https:\/\/www.porlalibreedomex.com\/index.php?rest_route=%2Fwp%2Fv2%2Ftags&post=2923"}],"curies":[{"name":"wp","href":"https:\/\/api.w.org\/{rel}","templated":true}]}}