{"id":28909,"date":"2019-02-22T00:44:47","date_gmt":"2019-02-22T06:44:47","guid":{"rendered":"http:\/\/www.porlalibreedomex.com\/?p=28909"},"modified":"2019-02-23T00:45:06","modified_gmt":"2019-02-23T06:45:06","slug":"firman-sedeco-y-uaemex-convenio-para-fortalecer-el-sistema-de-evaluacion-de-metas-e-incentivos-de-consejo-estatal-de-fomento-economico","status":"publish","type":"post","link":"https:\/\/www.porlalibreedomex.com\/?p=28909","title":{"rendered":"FIRMAN SEDECO Y UAEMEX CONVENIO PARA FORTALECER EL SISTEMA DE EVALUACI\u00d3N DE METAS E INCENTIVOS DE CONSEJO ESTATAL DE FOMENTO ECON\u00d3MICO"},"content":{"rendered":"<p>&nbsp;<\/p>\n<ul>\n<li><em><strong>Respalda la participaci\u00f3n de la m\u00e1xima casa de estudios mexiquense el trabajo que se realiza en el seno del Consejo Estatal de Fomento Econ\u00f3mico y Competitividad (COFEC).<\/strong><\/em><\/li>\n<li><em><strong>Acuerdan un portafolio de 152 metas vinculadas con la atracci\u00f3n y retenci\u00f3n de inversiones y talento en los 125 municipios mexiquenses.<\/strong><\/em><\/li>\n<\/ul>\n<p><strong>Metepec, Estado de M\u00e9xico, 22 de febrero de 2019.<\/strong> La Secretar\u00eda de Desarrollo Econ\u00f3mico (Sedeco) y la Universidad Aut\u00f3noma del Estado de M\u00e9xico (UAEM), firmaron un convenio de colaboraci\u00f3n y apoyo para <strong>fortalecer el sistema de evaluaci\u00f3n de metas anuales e incentivos, del Consejo Estatal de Fomento Econ\u00f3mico y Competitividad (COFEC).<\/strong><\/p>\n<p>Al signar el documento, los titulares de la Sedeco, Enrique Jacob Rocha, y el Rector de la UAEM, Alfredo Barrera Baca, reconocieron que a trav\u00e9s de este instrumento podr\u00e1n trabajar de manera conjunta en tareas de evaluaci\u00f3n.<\/p>\n<p>Jacob Rocha resalt\u00f3 el reconocimiento del Gobernador Alfredo Del Mazo Maza, a la disposici\u00f3n permanente que brinda la m\u00e1xima casa de estudios para colaborar y aportar al desarrollo, y asegur\u00f3 que la Universidad es fundamental para promover a la entidad como un lugar con un gran ambiente de negocios y competitividad.<\/p>\n<p>En esa tarea, los instrumentos de investigaci\u00f3n son fundamentales y han permitido a la COFEC reformar los sistemas de seguimiento para facilitar la evaluaci\u00f3n de metas e incentivos, coment\u00f3 el Secretario Jacob.<a href=\"http:\/\/www.porlalibreedomex.com\/wp-content\/uploads\/2019\/02\/WhatsApp-Image-2019-02-22-at-12.34.53-PM-1.jpeg\"><img loading=\"lazy\" decoding=\"async\" class=\"aligncenter size-large wp-image-28911\" src=\"http:\/\/www.porlalibreedomex.com\/wp-content\/uploads\/2019\/02\/WhatsApp-Image-2019-02-22-at-12.34.53-PM-1-1024x617.jpeg\" alt=\"\" width=\"800\" height=\"482\" srcset=\"https:\/\/www.porlalibreedomex.com\/wp-content\/uploads\/2019\/02\/WhatsApp-Image-2019-02-22-at-12.34.53-PM-1-1024x617.jpeg 1024w, https:\/\/www.porlalibreedomex.com\/wp-content\/uploads\/2019\/02\/WhatsApp-Image-2019-02-22-at-12.34.53-PM-1-300x181.jpeg 300w, https:\/\/www.porlalibreedomex.com\/wp-content\/uploads\/2019\/02\/WhatsApp-Image-2019-02-22-at-12.34.53-PM-1-768x463.jpeg 768w, https:\/\/www.porlalibreedomex.com\/wp-content\/uploads\/2019\/02\/WhatsApp-Image-2019-02-22-at-12.34.53-PM-1.jpeg 1280w\" sizes=\"auto, (max-width: 800px) 100vw, 800px\" \/><\/a><\/p>\n<p>El Rector Alfredo Barrera agradeci\u00f3 el reconocimiento que se deposita en la Universidad para fomentar la competitividad y la productividad del estado.\u201cSomos una instancia innovadora y transmisora del conocimiento y aportamos al desarrollo de la econom\u00eda del estado para hacer coincidir el desarrollo sostenible en bien de los mexiquenses\u201d, afirm\u00f3.<\/p>\n<p><strong>Durante la primera Sesi\u00f3n Ordinaria del Consejo Estatal de Fomento Econ\u00f3mico y Competitividad (COFEC), que preside el Secretario de Desarrollo Econ\u00f3mico, Enrique Jacob Rocha, tambi\u00e9n se establecieron 152 metas vinculadas con la atracci\u00f3n y retenci\u00f3n de inversiones y talento, en los 125 municipios mexiquenses, mismas que deber\u00e1n cumplir durante el a\u00f1o.<\/strong><\/p>\n<p>En la misma sesi\u00f3n, se integr\u00f3 el Programa Anual de Incentivos (PAI), que conjunta incentivos fiscales y no fiscales, as\u00ed como acciones a favor de la inversi\u00f3n, los cuales son otorgados por el Gobierno del Estado de M\u00e9xico a particulares y que tiene como finalidad fomentar la inversi\u00f3n y el desarrollo econ\u00f3mico.<\/p>\n<p>Durante su intervenci\u00f3n, la Secretaria T\u00e9cnica del COFEC, Ana Cecilia Pe\u00f1a Nieto dijo que, para el 2019, se tienen conformadas 152 metas a cumplir, derivadas del an\u00e1lisis, difusi\u00f3n de estudios y variables diversas en las que trabajaron todas las secretar\u00edas estatales.<\/p>\n<p>Este a\u00f1o, dijo, se tienen 44 metas m\u00e1s que en 2018, cuando se registraron 108 y todas involucran, para su cumplimiento, un esfuerzo conjunto encaminado a hacer que el empresariado perciba que el Estado de M\u00e9xico es verdaderamente competitivo para la inversi\u00f3n.<\/p>\n<p>Ante representantes de una docena de ayuntamientos, 15 secretarias y miembros de organismos aut\u00f3nomos que forman parte de la COFEC, refiri\u00f3 que el portafolio de metas e indicadores se realiza en cumplimiento a normas legales y tiene como objetivo incidir en las cinco grandes metas vinculadas con el crecimiento econ\u00f3mico, la transferencia de conocimiento, desarrollo humano, transparencia y competitividad.<\/p>\n<p>Reconoci\u00f3 que el Estado de M\u00e9xico, durante los \u00faltimos a\u00f1os, ha tenido un buen desempe\u00f1o en materia de transparencia y negocios, y ha ocupado lugares sobresalientes en competitividad global, como resultado de pol\u00edticas p\u00fablicas que lleva a cabo el Gobierno estatal para promover la atracci\u00f3n y retenci\u00f3n de inversiones.<\/p>\n","protected":false},"excerpt":{"rendered":"<p>&nbsp; Respalda la participaci\u00f3n de la m\u00e1xima casa de estudios mexiquense el trabajo que se realiza en el seno del Consejo Estatal de Fomento Econ\u00f3mico y Competitividad (COFEC). Acuerdan un portafolio de 152 metas vinculadas con la atracci\u00f3n y retenci\u00f3n de inversiones y talento en los 125 municipios mexiquenses. Metepec, Estado de M\u00e9xico, 22 de [&hellip;]<\/p>\n","protected":false},"author":3,"featured_media":28910,"comment_status":"open","ping_status":"open","sticky":false,"template":"","format":"standard","meta":{"footnotes":""},"categories":[9146,16],"tags":[13480,3822,8789,9070],"class_list":{"0":"post-28909","1":"post","2":"type-post","3":"status-publish","4":"format-standard","5":"has-post-thumbnail","7":"category-economia","8":"category-foto","9":"tag-cofec","10":"tag-convenio-uaem-sedeco","11":"tag-enrique-jacob-rocha","12":"tag-rector-alfredo-barrera-baca"},"wps_subtitle":"","_links":{"self":[{"href":"https:\/\/www.porlalibreedomex.com\/index.php?rest_route=\/wp\/v2\/posts\/28909","targetHints":{"allow":["GET"]}}],"collection":[{"href":"https:\/\/www.porlalibreedomex.com\/index.php?rest_route=\/wp\/v2\/posts"}],"about":[{"href":"https:\/\/www.porlalibreedomex.com\/index.php?rest_route=\/wp\/v2\/types\/post"}],"author":[{"embeddable":true,"href":"https:\/\/www.porlalibreedomex.com\/index.php?rest_route=\/wp\/v2\/users\/3"}],"replies":[{"embeddable":true,"href":"https:\/\/www.porlalibreedomex.com\/index.php?rest_route=%2Fwp%2Fv2%2Fcomments&post=28909"}],"version-history":[{"count":1,"href":"https:\/\/www.porlalibreedomex.com\/index.php?rest_route=\/wp\/v2\/posts\/28909\/revisions"}],"predecessor-version":[{"id":28912,"href":"https:\/\/www.porlalibreedomex.com\/index.php?rest_route=\/wp\/v2\/posts\/28909\/revisions\/28912"}],"wp:featuredmedia":[{"embeddable":true,"href":"https:\/\/www.porlalibreedomex.com\/index.php?rest_route=\/wp\/v2\/media\/28910"}],"wp:attachment":[{"href":"https:\/\/www.porlalibreedomex.com\/index.php?rest_route=%2Fwp%2Fv2%2Fmedia&parent=28909"}],"wp:term":[{"taxonomy":"category","embeddable":true,"href":"https:\/\/www.porlalibreedomex.com\/index.php?rest_route=%2Fwp%2Fv2%2Fcategories&post=28909"},{"taxonomy":"post_tag","embeddable":true,"href":"https:\/\/www.porlalibreedomex.com\/index.php?rest_route=%2Fwp%2Fv2%2Ftags&post=28909"}],"curies":[{"name":"wp","href":"https:\/\/api.w.org\/{rel}","templated":true}]}}