{"id":28897,"date":"2019-02-22T00:10:43","date_gmt":"2019-02-22T06:10:43","guid":{"rendered":"http:\/\/www.porlalibreedomex.com\/?p=28897"},"modified":"2019-02-23T00:10:58","modified_gmt":"2019-02-23T06:10:58","slug":"reportan-aumento-de-actividad-en-el-volcan-popocatepetl-el-gobierno-de-edomexd-aumenta-acciones-preventivas","status":"publish","type":"post","link":"https:\/\/www.porlalibreedomex.com\/?p=28897","title":{"rendered":"REPORTAN AUMENTO DE ACTIVIDAD EN EL VOLC\u00c1N POPOCAT\u00c9PETL; EL GOBIERNO DE EDOM\u00c9XD AUMENTA ACCIONES PREVENTIVAS"},"content":{"rendered":"<p>&nbsp;<\/p>\n<ul>\n<li><em><strong>Exhortan a la poblaci\u00f3n a mantenerse informada, a trav\u00e9s de cuentas oficiales, atender recomendaciones ante ca\u00edda de ceniza y evitar hacer caso de rumores.<\/strong><\/em><\/li>\n<\/ul>\n<p><strong>Toluca, Estado de M\u00e9xico, 22 de febrero de 2019.<\/strong> El Gobierno del Estado de M\u00e9xico, a trav\u00e9s de la Coordinaci\u00f3n General de Protecci\u00f3n Civil estatal, llev\u00f3 a cabo la mesa de trabajo para implementar acciones preventivas sobre la actividad que registra el volc\u00e1n Popocat\u00e9petl, a fin de mantener informada a la poblaci\u00f3n y a las autoridades correspondientes.<\/p>\n<p>Representantes de la Secretar\u00eda General de Gobierno mexiquense, de la Polic\u00eda Estatal, y personal de las Secretar\u00edas de Comunicaciones, Salud, Movilidad y Educaci\u00f3n B\u00e1sica y Normal, se comprometieron a mantener actualizado su Plan Operativo Interno para cumplir con las instrucciones del Gobernador Alfredo Del Mazo Maza, a fin de fortalecer al Estado de M\u00e9xico en materia de Protecci\u00f3n Civil.<a href=\"http:\/\/www.porlalibreedomex.com\/wp-content\/uploads\/2019\/02\/WhatsApp-Image-2019-02-22-at-3.45.16-PM-1.jpeg\"><img loading=\"lazy\" decoding=\"async\" class=\"aligncenter size-large wp-image-28899\" src=\"http:\/\/www.porlalibreedomex.com\/wp-content\/uploads\/2019\/02\/WhatsApp-Image-2019-02-22-at-3.45.16-PM-1-1024x682.jpeg\" alt=\"\" width=\"800\" height=\"533\" srcset=\"https:\/\/www.porlalibreedomex.com\/wp-content\/uploads\/2019\/02\/WhatsApp-Image-2019-02-22-at-3.45.16-PM-1-1024x682.jpeg 1024w, https:\/\/www.porlalibreedomex.com\/wp-content\/uploads\/2019\/02\/WhatsApp-Image-2019-02-22-at-3.45.16-PM-1-300x200.jpeg 300w, https:\/\/www.porlalibreedomex.com\/wp-content\/uploads\/2019\/02\/WhatsApp-Image-2019-02-22-at-3.45.16-PM-1-768x512.jpeg 768w, https:\/\/www.porlalibreedomex.com\/wp-content\/uploads\/2019\/02\/WhatsApp-Image-2019-02-22-at-3.45.16-PM-1.jpeg 1280w\" sizes=\"auto, (max-width: 800px) 100vw, 800px\" \/><\/a><\/p>\n<p>En estos trabajos en los que tambi\u00e9n participaron autoridades del municipio de Amecameca y de la Secretar\u00eda de la Defensa Nacional, se exhort\u00f3 a la poblaci\u00f3n a mantenerse informada a trav\u00e9s de las cuentas oficiales, atender las recomendaciones ante ca\u00edda de ceniza y, con ello, evitar hacer caso de rumores que s\u00f3lo alientan la desinformaci\u00f3n.<\/p>\n<p>En el Estado de M\u00e9xico hay 20 comunidades en la zona de alto riesgo, correspondientes a los municipios de Amecameca, Atlautla, Ecatzingo, Ozumba y Tepetlixpa, as\u00ed como ocho municipios participantes, cinco en la zona de riesgo y 13 de apoyo como Chalco, Valle de Chalco, Ixtapaluca, La Paz y Nezahualc\u00f3yotl, en una primera etapa.<\/p>\n<p>La Direcci\u00f3n General de Protecci\u00f3n Civil mexiquense, inform\u00f3 que existen 266 refugios temporales listos, con capacidad para 88 mil 500 personas.<\/p>\n<p><strong>El pasado 14 de febrero a las 21:00 horas inici\u00f3 la emisi\u00f3n de fragmentos incandescentes sobre las laderas del volc\u00e1n, adem\u00e1s de la manifestaci\u00f3n contin\u00faa de gases volc\u00e1nicos y ceniza, con lo que la columna alcanz\u00f3 una altura cercana a los dos kil\u00f3metros sobre el cr\u00e1ter.<\/strong><\/p>\n<p><strong>En los d\u00edas subsecuentes, se registraron exhalaciones, actividad <em>estromboliana<\/em>, lapsos de tremor arm\u00f3nico de mediana amplitud, emisi\u00f3n ligera de ceniza y explosiones con emisi\u00f3n de fragmentos incandescentes.<\/strong><\/p>\n<figure id=\"attachment_28900\" aria-describedby=\"caption-attachment-28900\" style=\"width: 800px\" class=\"wp-caption aligncenter\"><a href=\"http:\/\/www.porlalibreedomex.com\/wp-content\/uploads\/2019\/02\/WhatsApp-Image-2019-02-22-at-3.45.16-PM.jpeg\"><img loading=\"lazy\" decoding=\"async\" class=\"size-large wp-image-28900\" src=\"http:\/\/www.porlalibreedomex.com\/wp-content\/uploads\/2019\/02\/WhatsApp-Image-2019-02-22-at-3.45.16-PM-1024x682.jpeg\" alt=\"\" width=\"800\" height=\"533\" srcset=\"https:\/\/www.porlalibreedomex.com\/wp-content\/uploads\/2019\/02\/WhatsApp-Image-2019-02-22-at-3.45.16-PM-1024x682.jpeg 1024w, https:\/\/www.porlalibreedomex.com\/wp-content\/uploads\/2019\/02\/WhatsApp-Image-2019-02-22-at-3.45.16-PM-300x200.jpeg 300w, https:\/\/www.porlalibreedomex.com\/wp-content\/uploads\/2019\/02\/WhatsApp-Image-2019-02-22-at-3.45.16-PM-768x512.jpeg 768w, https:\/\/www.porlalibreedomex.com\/wp-content\/uploads\/2019\/02\/WhatsApp-Image-2019-02-22-at-3.45.16-PM.jpeg 1280w\" sizes=\"auto, (max-width: 800px) 100vw, 800px\" \/><\/a><figcaption id=\"caption-attachment-28900\" class=\"wp-caption-text\">Reuni\u00f3n de coordinaci\u00f3n para establecer medidas preventivas en los alrededores del Volc\u00e1n Popocat\u00e9petl<\/figcaption><\/figure>\n<p>El viernes 15 de febrero, el Director de Operaci\u00f3n de la dependencia estatal, Ricardo de la Cruz Musalem, realiz\u00f3 un recorrido por las 19 rutas de evacuaci\u00f3n de los cinco municipios colindantes al Volc\u00e1n, verificando que los 149.5 kil\u00f3metros permitidos se encuentran en buenas condiciones en caso de alguna evacuaci\u00f3n.<\/p>\n<p>De igual forma, los d\u00edas 18 y 19 de febrero, elementos de Protecci\u00f3n Civil participaron en la 54 Sesi\u00f3n Extraordinaria del Comit\u00e9 Cient\u00edfico Asesor del Volc\u00e1n Popocat\u00e9petl, que se llev\u00f3 a cabo el Centro Nacional de Prevenci\u00f3n de Desastres, debido al incremento de la actividad con base en los registros y sobrevuelos, determinando mantener el Sem\u00e1foro en Amarillo Fase 2.<\/p>\n<p>El Gobierno del Estado de M\u00e9xico, a trav\u00e9s de las cuentas oficiales de redes sociales y de informaci\u00f3n, http:\/\/cgproteccioncivil.edomex.gob.mx, www.gob.mx\/protecci\u00f3n-civil y www.gob.mx\/cenapred, mantiene al tanto a la poblaci\u00f3n, enviando avisos y diversas recomendaciones de manera oportuna.<\/p>\n","protected":false},"excerpt":{"rendered":"<p>&nbsp; Exhortan a la poblaci\u00f3n a mantenerse informada, a trav\u00e9s de cuentas oficiales, atender recomendaciones ante ca\u00edda de ceniza y evitar hacer caso de rumores. Toluca, Estado de M\u00e9xico, 22 de febrero de 2019. El Gobierno del Estado de M\u00e9xico, a trav\u00e9s de la Coordinaci\u00f3n General de Protecci\u00f3n Civil estatal, llev\u00f3 a cabo la mesa [&hellip;]<\/p>\n","protected":false},"author":3,"featured_media":28898,"comment_status":"open","ping_status":"open","sticky":false,"template":"","format":"standard","meta":{"footnotes":""},"categories":[9157,16],"tags":[13476,13475,13474,11875],"class_list":{"0":"post-28897","1":"post","2":"type-post","3":"status-publish","4":"format-standard","5":"has-post-thumbnail","7":"category-edomex","8":"category-foto","9":"tag-acciones-preventivas-en-el-popo","10":"tag-alerta-amarilla-fase-2","11":"tag-alerta-en-el-popocatepetl","12":"tag-proteccion-civil-edomex"},"wps_subtitle":"EL SEM\u00c1FORO VOLC\u00c1NICO SE MANTIENE EN ALERTA AMARILLA FASE DOS","_links":{"self":[{"href":"https:\/\/www.porlalibreedomex.com\/index.php?rest_route=\/wp\/v2\/posts\/28897","targetHints":{"allow":["GET"]}}],"collection":[{"href":"https:\/\/www.porlalibreedomex.com\/index.php?rest_route=\/wp\/v2\/posts"}],"about":[{"href":"https:\/\/www.porlalibreedomex.com\/index.php?rest_route=\/wp\/v2\/types\/post"}],"author":[{"embeddable":true,"href":"https:\/\/www.porlalibreedomex.com\/index.php?rest_route=\/wp\/v2\/users\/3"}],"replies":[{"embeddable":true,"href":"https:\/\/www.porlalibreedomex.com\/index.php?rest_route=%2Fwp%2Fv2%2Fcomments&post=28897"}],"version-history":[{"count":1,"href":"https:\/\/www.porlalibreedomex.com\/index.php?rest_route=\/wp\/v2\/posts\/28897\/revisions"}],"predecessor-version":[{"id":28901,"href":"https:\/\/www.porlalibreedomex.com\/index.php?rest_route=\/wp\/v2\/posts\/28897\/revisions\/28901"}],"wp:featuredmedia":[{"embeddable":true,"href":"https:\/\/www.porlalibreedomex.com\/index.php?rest_route=\/wp\/v2\/media\/28898"}],"wp:attachment":[{"href":"https:\/\/www.porlalibreedomex.com\/index.php?rest_route=%2Fwp%2Fv2%2Fmedia&parent=28897"}],"wp:term":[{"taxonomy":"category","embeddable":true,"href":"https:\/\/www.porlalibreedomex.com\/index.php?rest_route=%2Fwp%2Fv2%2Fcategories&post=28897"},{"taxonomy":"post_tag","embeddable":true,"href":"https:\/\/www.porlalibreedomex.com\/index.php?rest_route=%2Fwp%2Fv2%2Ftags&post=28897"}],"curies":[{"name":"wp","href":"https:\/\/api.w.org\/{rel}","templated":true}]}}