{"id":28669,"date":"2019-02-13T00:53:18","date_gmt":"2019-02-13T06:53:18","guid":{"rendered":"http:\/\/www.porlalibreedomex.com\/?p=28669"},"modified":"2019-02-14T00:53:53","modified_gmt":"2019-02-14T06:53:53","slug":"de-forma-divertida-toluca-crea-conciencia-sobre-el-uso-del-condon","status":"publish","type":"post","link":"https:\/\/www.porlalibreedomex.com\/?p=28669","title":{"rendered":"De forma divertida, Toluca crea conciencia sobre el uso del cond\u00f3n"},"content":{"rendered":"<p class=\"m_7775734770083438827m_-7397568981951468073ydp9f4151bcMsoNormal\" align=\"center\"><b><span lang=\"ES-TRAD\">\u00a0<\/span><\/b><\/p>\n<ul>\n<li class=\"m_7775734770083438827m_-7397568981951468073ydp9f4151bcMsoListParagraph\"><i><span lang=\"ES-TRAD\">El gobierno municipal de Toluca prepar\u00f3 esta actividad que busca \u201cdireccionar a la poblaci\u00f3n, sobre todo a los j\u00f3venes, respecto al uso responsable de este m\u00e9todo\u00bb: Coronel Contreras<\/span><\/i><b><\/b><\/li>\n<\/ul>\n<p class=\"m_7775734770083438827m_-7397568981951468073ydp9f4151bcMsoNormal\"><b><span lang=\"ES-TRAD\">Toluca, Estado de M\u00e9xico, mi\u00e9rcoles 13 de febrero de 2019.-<\/span><\/b><span lang=\"ES-TRAD\">\u00a0En el marco del D\u00eda Internacional del Cond\u00f3n, la Direcci\u00f3n General de Bienestar Social del Ayuntamiento de Toluca organiz\u00f3 una Jornada de Servicios en la que, de forma did\u00e1ctica -con juegos, conferencias, charlas y sorpresas-, se instruy\u00f3 a los asistentes acerca de la importancia de este m\u00e9todo anticonceptivo y el cuidado de la salud.<\/span><\/p>\n<p class=\"m_7775734770083438827m_-7397568981951468073ydp9f4151bcMsoNormal\"><span lang=\"ES-TRAD\">El gobierno municipal de Toluca prepar\u00f3 esta actividad que busca \u201cdireccionar a la poblaci\u00f3n, sobre todo a los j\u00f3venes, respecto al uso responsable de este m\u00e9todo\u201d, dijo el titular de la Direcci\u00f3n General de Bienestar Social, Jorge Erik Coronel Contreras.<a href=\"http:\/\/www.porlalibreedomex.com\/wp-content\/uploads\/2019\/02\/D\u00cdA-DEL-COND\u00d3N-29.jpg\"><img loading=\"lazy\" decoding=\"async\" class=\"aligncenter size-large wp-image-28672\" src=\"http:\/\/www.porlalibreedomex.com\/wp-content\/uploads\/2019\/02\/D\u00cdA-DEL-COND\u00d3N-29-1024x683.jpg\" alt=\"\" width=\"800\" height=\"534\" srcset=\"https:\/\/www.porlalibreedomex.com\/wp-content\/uploads\/2019\/02\/D\u00cdA-DEL-COND\u00d3N-29-1024x683.jpg 1024w, https:\/\/www.porlalibreedomex.com\/wp-content\/uploads\/2019\/02\/D\u00cdA-DEL-COND\u00d3N-29-300x200.jpg 300w, https:\/\/www.porlalibreedomex.com\/wp-content\/uploads\/2019\/02\/D\u00cdA-DEL-COND\u00d3N-29-768x512.jpg 768w, https:\/\/www.porlalibreedomex.com\/wp-content\/uploads\/2019\/02\/D\u00cdA-DEL-COND\u00d3N-29.jpg 1366w\" sizes=\"auto, (max-width: 800px) 100vw, 800px\" \/><\/a><\/span><\/p>\n<p class=\"m_7775734770083438827m_-7397568981951468073ydp9f4151bcMsoNormal\"><span lang=\"ES-TRAD\">Explic\u00f3 que mediante din\u00e1micas de cohesi\u00f3n social como esta jornada se seguir\u00e1 impulsando la prevenci\u00f3n de embarazos no deseados, enfermedades de transmisi\u00f3n sexual y VIH, por lo que el Instituto de Salud del Estado de M\u00e9xico (ISEM) realiz\u00f3 pruebas r\u00e1pidas gratuitas.<\/span><\/p>\n<p class=\"m_7775734770083438827m_-7397568981951468073ydp9f4151bcMsoNormal\"><span lang=\"ES-TRAD\">Al respecto, Mar\u00eda Fernanda, de 16 a\u00f1os, dijo que \u201ces muy bueno porque algunos j\u00f3venes no reciben la educaci\u00f3n sexual necesaria en casa y las escuelas s\u00f3lo dan la base, as\u00ed que a trav\u00e9s de estas jornadas nos proporcionan medidas de prevenci\u00f3n de embarazos e infecciones, nos apoyan con actividades divertidas que invitan a cuidarnos y a cuidar a nuestra pareja\u201d.<\/span><\/p>\n<p class=\"m_7775734770083438827m_-7397568981951468073ydp9f4151bcMsoNormal\"><span lang=\"ES-TRAD\">Los asistentes reflexionaron sobre las consecuencias de una vida sexual activa, las afectaciones de las drogas en un reci\u00e9n nacido, la responsabilidad de un embarazo en la adolescencia y, sobre todo, sobre sus derechos sin importar su preferencia sexual, edad o condici\u00f3n.<a href=\"http:\/\/www.porlalibreedomex.com\/wp-content\/uploads\/2019\/02\/D\u00cdA-DEL-COND\u00d3N-31.jpg\"><img loading=\"lazy\" decoding=\"async\" class=\"aligncenter size-large wp-image-28670\" src=\"http:\/\/www.porlalibreedomex.com\/wp-content\/uploads\/2019\/02\/D\u00cdA-DEL-COND\u00d3N-31-969x1024.jpg\" alt=\"\" width=\"800\" height=\"845\" srcset=\"https:\/\/www.porlalibreedomex.com\/wp-content\/uploads\/2019\/02\/D\u00cdA-DEL-COND\u00d3N-31-969x1024.jpg 969w, https:\/\/www.porlalibreedomex.com\/wp-content\/uploads\/2019\/02\/D\u00cdA-DEL-COND\u00d3N-31-284x300.jpg 284w, https:\/\/www.porlalibreedomex.com\/wp-content\/uploads\/2019\/02\/D\u00cdA-DEL-COND\u00d3N-31-768x812.jpg 768w, https:\/\/www.porlalibreedomex.com\/wp-content\/uploads\/2019\/02\/D\u00cdA-DEL-COND\u00d3N-31.jpg 1366w\" sizes=\"auto, (max-width: 800px) 100vw, 800px\" \/><\/a><\/span><\/p>\n<p class=\"m_7775734770083438827m_-7397568981951468073ydp9f4151bcMsoNormal\"><span lang=\"ES-TRAD\">En esta Jornada de Servicios participaron la Defensor\u00eda Municipal de Derechos Humanos, el Instituto Municipal de Cultura F\u00edsica y Deporte, los departamentos de Orientaci\u00f3n Familiar del Sistema Municipal DIF y de Diversidad Social, las direcciones de Apoyo a la Juventud, de Fomento y Orientaci\u00f3n para la Convivencia Social, el Centro de Integraci\u00f3n Juvenil de Toluca y la Preceptor\u00eda Juvenil Regional de Reintegraci\u00f3n Social.<\/span><\/p>\n<p class=\"m_7775734770083438827m_-7397568981951468073ydp9f4151bcMsoNormal\"><b><span lang=\"ES-TRAD\">\u00a0\u00a0\u00a0\u00a0\u00a0<\/span><\/b><\/p>\n<p class=\"m_7775734770083438827m_-7397568981951468073ydp9f4151bcMsoNormal\"><b><span lang=\"ES-TRAD\">\u00a0<\/span><\/b><\/p>\n","protected":false},"excerpt":{"rendered":"<p>\u00a0 El gobierno municipal de Toluca prepar\u00f3 esta actividad que busca \u201cdireccionar a la poblaci\u00f3n, sobre todo a los j\u00f3venes, respecto al uso responsable de este m\u00e9todo\u00bb: Coronel Contreras Toluca, Estado de M\u00e9xico, mi\u00e9rcoles 13 de febrero de 2019.-\u00a0En el marco del D\u00eda Internacional del Cond\u00f3n, la Direcci\u00f3n General de Bienestar Social del Ayuntamiento de [&hellip;]<\/p>\n","protected":false},"author":3,"featured_media":28671,"comment_status":"open","ping_status":"open","sticky":false,"template":"","format":"standard","meta":{"footnotes":""},"categories":[16,9209],"tags":[13369,13371,13370],"class_list":{"0":"post-28669","1":"post","2":"type-post","3":"status-publish","4":"format-standard","5":"has-post-thumbnail","7":"category-foto","8":"category-salud","9":"tag-dia-del-sida","10":"tag-purebas-de-vih-por-el-isem","11":"tag-toluca-concientiza-a-la-poblacion"},"wps_subtitle":"Instituto de Salud del Estado de M\u00e9xico (ISEM) realiz\u00f3 pruebas r\u00e1pidas gratuitas de VIH","_links":{"self":[{"href":"https:\/\/www.porlalibreedomex.com\/index.php?rest_route=\/wp\/v2\/posts\/28669","targetHints":{"allow":["GET"]}}],"collection":[{"href":"https:\/\/www.porlalibreedomex.com\/index.php?rest_route=\/wp\/v2\/posts"}],"about":[{"href":"https:\/\/www.porlalibreedomex.com\/index.php?rest_route=\/wp\/v2\/types\/post"}],"author":[{"embeddable":true,"href":"https:\/\/www.porlalibreedomex.com\/index.php?rest_route=\/wp\/v2\/users\/3"}],"replies":[{"embeddable":true,"href":"https:\/\/www.porlalibreedomex.com\/index.php?rest_route=%2Fwp%2Fv2%2Fcomments&post=28669"}],"version-history":[{"count":1,"href":"https:\/\/www.porlalibreedomex.com\/index.php?rest_route=\/wp\/v2\/posts\/28669\/revisions"}],"predecessor-version":[{"id":28673,"href":"https:\/\/www.porlalibreedomex.com\/index.php?rest_route=\/wp\/v2\/posts\/28669\/revisions\/28673"}],"wp:featuredmedia":[{"embeddable":true,"href":"https:\/\/www.porlalibreedomex.com\/index.php?rest_route=\/wp\/v2\/media\/28671"}],"wp:attachment":[{"href":"https:\/\/www.porlalibreedomex.com\/index.php?rest_route=%2Fwp%2Fv2%2Fmedia&parent=28669"}],"wp:term":[{"taxonomy":"category","embeddable":true,"href":"https:\/\/www.porlalibreedomex.com\/index.php?rest_route=%2Fwp%2Fv2%2Fcategories&post=28669"},{"taxonomy":"post_tag","embeddable":true,"href":"https:\/\/www.porlalibreedomex.com\/index.php?rest_route=%2Fwp%2Fv2%2Ftags&post=28669"}],"curies":[{"name":"wp","href":"https:\/\/api.w.org\/{rel}","templated":true}]}}