{"id":28663,"date":"2019-02-13T00:36:34","date_gmt":"2019-02-13T06:36:34","guid":{"rendered":"http:\/\/www.porlalibreedomex.com\/?p=28663"},"modified":"2019-02-14T00:37:25","modified_gmt":"2019-02-14T06:37:25","slug":"detiene-la-policia-mexiquense-a-narcomenudistas-y-roba-coches-en-ixtlahuaca","status":"publish","type":"post","link":"https:\/\/www.porlalibreedomex.com\/?p=28663","title":{"rendered":"DETIENE LA POLIC\u00cdA MEXIQUENSE A NARCOMENUDISTAS Y ROBA COCHES EN IXTLAHUACA"},"content":{"rendered":"<p>&nbsp;<\/p>\n<ul>\n<li><em><strong>Al momento de su captura, estaban en posesi\u00f3n de una camioneta robada<\/strong><\/em><\/li>\n<\/ul>\n<p><strong>Ixtlahuaca, Estado de M\u00e9xico a 12 de febrero de 2019.-<\/strong> Un par de sujetos y una mujer fueron aprehendidos por efectivos de la Direcci\u00f3n General de Seguridad P\u00fablica y Tr\u00e1nsito (DGSPyT), momentos despu\u00e9s de que despojaron a una mujer de una camioneta.<\/p>\n<p>Al dar respuesta inmediata a la propietaria del veh\u00edculo Honda CVR, se solicit\u00f3 su geo localizaci\u00f3n y se implement\u00f3 un operativo de seguridad, por lo que se ubic\u00f3 la unidad en la calle Francisco L\u00f3pez Ray\u00f3n, casi esquina con Ignacio Zaragoza, a un costado de la presidencia municipal de Ixtlahuaca.<a href=\"http:\/\/www.porlalibreedomex.com\/wp-content\/uploads\/2019\/02\/WhatsApp-Image-2019-02-12-at-10.53.49-AM.jpeg\"><img loading=\"lazy\" decoding=\"async\" class=\"aligncenter size-full wp-image-28666\" src=\"http:\/\/www.porlalibreedomex.com\/wp-content\/uploads\/2019\/02\/WhatsApp-Image-2019-02-12-at-10.53.49-AM.jpeg\" alt=\"\" width=\"1256\" height=\"850\" srcset=\"https:\/\/www.porlalibreedomex.com\/wp-content\/uploads\/2019\/02\/WhatsApp-Image-2019-02-12-at-10.53.49-AM.jpeg 1256w, https:\/\/www.porlalibreedomex.com\/wp-content\/uploads\/2019\/02\/WhatsApp-Image-2019-02-12-at-10.53.49-AM-300x203.jpeg 300w, https:\/\/www.porlalibreedomex.com\/wp-content\/uploads\/2019\/02\/WhatsApp-Image-2019-02-12-at-10.53.49-AM-768x520.jpeg 768w, https:\/\/www.porlalibreedomex.com\/wp-content\/uploads\/2019\/02\/WhatsApp-Image-2019-02-12-at-10.53.49-AM-1024x693.jpeg 1024w\" sizes=\"auto, (max-width: 1256px) 100vw, 1256px\" \/><\/a><\/p>\n<p>En el lugar se detuvo a \u00d3scar Osvaldo \u201cN\u201d, de 26 a\u00f1os; Rafael \u201cN\u201d, de 21, y a G\u00fcl Erzsbeth \u201cN\u201d, de 19 a\u00f1os, a quienes se les solicit\u00f3 una revisi\u00f3n de rutina, a la que accedieron de manera voluntaria.<a href=\"http:\/\/www.porlalibreedomex.com\/wp-content\/uploads\/2019\/02\/WhatsApp-Image-2019-02-12-at-10.53.51-AM.jpeg\"><img loading=\"lazy\" decoding=\"async\" class=\"aligncenter size-full wp-image-28664\" src=\"http:\/\/www.porlalibreedomex.com\/wp-content\/uploads\/2019\/02\/WhatsApp-Image-2019-02-12-at-10.53.51-AM.jpeg\" alt=\"\" width=\"1267\" height=\"956\" srcset=\"https:\/\/www.porlalibreedomex.com\/wp-content\/uploads\/2019\/02\/WhatsApp-Image-2019-02-12-at-10.53.51-AM.jpeg 1267w, https:\/\/www.porlalibreedomex.com\/wp-content\/uploads\/2019\/02\/WhatsApp-Image-2019-02-12-at-10.53.51-AM-300x226.jpeg 300w, https:\/\/www.porlalibreedomex.com\/wp-content\/uploads\/2019\/02\/WhatsApp-Image-2019-02-12-at-10.53.51-AM-768x579.jpeg 768w, https:\/\/www.porlalibreedomex.com\/wp-content\/uploads\/2019\/02\/WhatsApp-Image-2019-02-12-at-10.53.51-AM-1024x773.jpeg 1024w\" sizes=\"auto, (max-width: 1267px) 100vw, 1267px\" \/><\/a><\/p>\n<p>A los detenidos se les localiz\u00f3 un kilogramo de hierba verde seca, con caracter\u00edsticas propias de la marihuana; una pistola, tipo rev\u00f3lver calibre 38 especial Smith Wesson, y se recuper\u00f3 el veh\u00edculo.<\/p>\n<p>Implicados y decomisos fueron trasladados a la agencia del Ministerio P\u00fablico adscrito a Ocra, en <a href=\"http:\/\/www.porlalibreedomex.com\/wp-content\/uploads\/2019\/02\/WhatsApp-Image-2019-02-12-at-10.53.50-AM.jpeg\"><img loading=\"lazy\" decoding=\"async\" class=\"alignright size-medium wp-image-28667\" src=\"http:\/\/www.porlalibreedomex.com\/wp-content\/uploads\/2019\/02\/WhatsApp-Image-2019-02-12-at-10.53.50-AM-300x216.jpeg\" alt=\"\" width=\"300\" height=\"216\" srcset=\"https:\/\/www.porlalibreedomex.com\/wp-content\/uploads\/2019\/02\/WhatsApp-Image-2019-02-12-at-10.53.50-AM-300x216.jpeg 300w, https:\/\/www.porlalibreedomex.com\/wp-content\/uploads\/2019\/02\/WhatsApp-Image-2019-02-12-at-10.53.50-AM-768x552.jpeg 768w, https:\/\/www.porlalibreedomex.com\/wp-content\/uploads\/2019\/02\/WhatsApp-Image-2019-02-12-at-10.53.50-AM-1024x736.jpeg 1024w, https:\/\/www.porlalibreedomex.com\/wp-content\/uploads\/2019\/02\/WhatsApp-Image-2019-02-12-at-10.53.50-AM.jpeg 1268w\" sizes=\"auto, (max-width: 300px) 100vw, 300px\" \/><\/a>Toluca, donde se determinar\u00e1 su situaci\u00f3n jur\u00eddica.<\/p>\n<p>La Secretar\u00eda de Seguridad le recuerda que los tel\u00e9fonos de Denuncia An\u00f3nima 0-8-9 y de emergencia 9-1-1 trabajan las 24 horas del d\u00eda; tambi\u00e9n puede contactarnos a trav\u00e9s de nuestras redes sociales: Facebook @SS.Edomex, y en Twitter @ SS_Edomex.<\/p>\n","protected":false},"excerpt":{"rendered":"<p>&nbsp; Al momento de su captura, estaban en posesi\u00f3n de una camioneta robada Ixtlahuaca, Estado de M\u00e9xico a 12 de febrero de 2019.- Un par de sujetos y una mujer fueron aprehendidos por efectivos de la Direcci\u00f3n General de Seguridad P\u00fablica y Tr\u00e1nsito (DGSPyT), momentos despu\u00e9s de que despojaron a una mujer de una camioneta. [&hellip;]<\/p>\n","protected":false},"author":3,"featured_media":28665,"comment_status":"open","ping_status":"open","sticky":false,"template":"","format":"standard","meta":{"footnotes":""},"categories":[16,9149],"tags":[],"class_list":{"0":"post-28663","1":"post","2":"type-post","3":"status-publish","4":"format-standard","5":"has-post-thumbnail","7":"category-foto","8":"category-policiaca"},"wps_subtitle":"Se les asegur\u00f3 un kilogramo de hierba verde seca, un arma de fuego y una camioneta robada","_links":{"self":[{"href":"https:\/\/www.porlalibreedomex.com\/index.php?rest_route=\/wp\/v2\/posts\/28663","targetHints":{"allow":["GET"]}}],"collection":[{"href":"https:\/\/www.porlalibreedomex.com\/index.php?rest_route=\/wp\/v2\/posts"}],"about":[{"href":"https:\/\/www.porlalibreedomex.com\/index.php?rest_route=\/wp\/v2\/types\/post"}],"author":[{"embeddable":true,"href":"https:\/\/www.porlalibreedomex.com\/index.php?rest_route=\/wp\/v2\/users\/3"}],"replies":[{"embeddable":true,"href":"https:\/\/www.porlalibreedomex.com\/index.php?rest_route=%2Fwp%2Fv2%2Fcomments&post=28663"}],"version-history":[{"count":1,"href":"https:\/\/www.porlalibreedomex.com\/index.php?rest_route=\/wp\/v2\/posts\/28663\/revisions"}],"predecessor-version":[{"id":28668,"href":"https:\/\/www.porlalibreedomex.com\/index.php?rest_route=\/wp\/v2\/posts\/28663\/revisions\/28668"}],"wp:featuredmedia":[{"embeddable":true,"href":"https:\/\/www.porlalibreedomex.com\/index.php?rest_route=\/wp\/v2\/media\/28665"}],"wp:attachment":[{"href":"https:\/\/www.porlalibreedomex.com\/index.php?rest_route=%2Fwp%2Fv2%2Fmedia&parent=28663"}],"wp:term":[{"taxonomy":"category","embeddable":true,"href":"https:\/\/www.porlalibreedomex.com\/index.php?rest_route=%2Fwp%2Fv2%2Fcategories&post=28663"},{"taxonomy":"post_tag","embeddable":true,"href":"https:\/\/www.porlalibreedomex.com\/index.php?rest_route=%2Fwp%2Fv2%2Ftags&post=28663"}],"curies":[{"name":"wp","href":"https:\/\/api.w.org\/{rel}","templated":true}]}}