{"id":28647,"date":"2019-02-12T11:25:30","date_gmt":"2019-02-12T17:25:30","guid":{"rendered":"http:\/\/www.porlalibreedomex.com\/?p=28647"},"modified":"2019-02-13T11:25:49","modified_gmt":"2019-02-13T17:25:49","slug":"invita-gobierno-de-la-capital-a-un-viaje-al-pasado-con-la-tertulia-toluquena","status":"publish","type":"post","link":"https:\/\/www.porlalibreedomex.com\/?p=28647","title":{"rendered":"Invita gobierno de la capital a un viaje al pasado con la Tertulia Toluque\u00f1a"},"content":{"rendered":"<ul>\n<li><strong><em>\u00a0El mi\u00e9rcoles 13 de febrero a las 17:00 horas en el Sal\u00f3n Presidentes del Palacio Municipal, con el tema: Recuerdos del Callej\u00f3n de Pensador Mexicano, en voz de Jos\u00e9 D\u00edaz Alb\u00edter<\/em><\/strong><\/li>\n<\/ul>\n<p><strong>Toluca, Estado de M\u00e9xico, martes 12 de febrero de 2019.<\/strong>&#8211; El gobierno de Toluca invita a hacer un viaje al pasado, a trav\u00e9s de la Tertulia Toluque\u00f1a Recuerdos del Callej\u00f3n de Pensador Mexicano, este mi\u00e9rcoles 13 de febrero a las 17:00 horas, en el Sal\u00f3n Presidentes del Palacio Municipal.<br \/>\nEl cronista municipal de Toluca, Gerardo Novo Valencia, ser\u00e1 el anfitri\u00f3n de esta reuni\u00f3n entre amigos a la que chicos y grandes pueden asistir para conocer su historia y reforzar la identidad toluque\u00f1a, mediante la voz del invitado especial Jos\u00e9 D\u00edaz Alb\u00edter.<br \/>\nNovo Valencia dijo que el ponente contar\u00e1 c\u00f3mo eran la convivencia vecinal y la ciudad: \u201cSon vivencias que experiment\u00f3 cuando Toluca ten\u00eda todav\u00eda callejones, evocaciones del Callej\u00f3n de Pensador Mexicano, que los j\u00f3venes probablemente no sepan que es hoy la Avenida Morelos, entre Ju\u00e1rez y Ray\u00f3n\u201d, explic\u00f3 el cronista.<br \/>\n\u201cAh\u00ed estuvo a mediados de los 50\u2019s el regimiento de caballer\u00eda y en una casa estaban los caballos; hubo tambi\u00e9n un peri\u00f3dico local que se llamaba El Mundo, personajes importantes y tallercitos, como uno de cerillos\u201d.<br \/>\nEl cronista se\u00f1al\u00f3 que esta tertulia ser\u00e1 la primera de la actual administraci\u00f3n -se han realizado desde hace 16 a\u00f1os- y mover\u00e1 muchos recuerdos de la gente mayor de Toluca, habr\u00e1 nostalgia por el pasado y quienes no son de aqu\u00ed, podr\u00e1n conocer c\u00f3mo se ha transformado la capital del Estado de M\u00e9xico.<\/p>\n<p>Toluca, Estado de M\u00e9xico.- El gobierno de Toluca invita a un viaje al pasado con la Tertulia Toluque\u00f1a Recuerdos del Callej\u00f3n de Pensador Mexicano, este mi\u00e9rcoles 13 de febrero a las 17:00 horas, en el Sal\u00f3n Presidentes de Palacio Municipal.<\/p>\n","protected":false},"excerpt":{"rendered":"<p>\u00a0El mi\u00e9rcoles 13 de febrero a las 17:00 horas en el Sal\u00f3n Presidentes del Palacio Municipal, con el tema: Recuerdos del Callej\u00f3n de Pensador Mexicano, en voz de Jos\u00e9 D\u00edaz Alb\u00edter Toluca, Estado de M\u00e9xico, martes 12 de febrero de 2019.&#8211; El gobierno de Toluca invita a hacer un viaje al pasado, a trav\u00e9s de [&hellip;]<\/p>\n","protected":false},"author":3,"featured_media":28648,"comment_status":"open","ping_status":"open","sticky":false,"template":"","format":"standard","meta":{"footnotes":""},"categories":[1],"tags":[],"class_list":{"0":"post-28647","1":"post","2":"type-post","3":"status-publish","4":"format-standard","5":"has-post-thumbnail","7":"category-uncategorized"},"wps_subtitle":"","_links":{"self":[{"href":"https:\/\/www.porlalibreedomex.com\/index.php?rest_route=\/wp\/v2\/posts\/28647","targetHints":{"allow":["GET"]}}],"collection":[{"href":"https:\/\/www.porlalibreedomex.com\/index.php?rest_route=\/wp\/v2\/posts"}],"about":[{"href":"https:\/\/www.porlalibreedomex.com\/index.php?rest_route=\/wp\/v2\/types\/post"}],"author":[{"embeddable":true,"href":"https:\/\/www.porlalibreedomex.com\/index.php?rest_route=\/wp\/v2\/users\/3"}],"replies":[{"embeddable":true,"href":"https:\/\/www.porlalibreedomex.com\/index.php?rest_route=%2Fwp%2Fv2%2Fcomments&post=28647"}],"version-history":[{"count":1,"href":"https:\/\/www.porlalibreedomex.com\/index.php?rest_route=\/wp\/v2\/posts\/28647\/revisions"}],"predecessor-version":[{"id":28649,"href":"https:\/\/www.porlalibreedomex.com\/index.php?rest_route=\/wp\/v2\/posts\/28647\/revisions\/28649"}],"wp:featuredmedia":[{"embeddable":true,"href":"https:\/\/www.porlalibreedomex.com\/index.php?rest_route=\/wp\/v2\/media\/28648"}],"wp:attachment":[{"href":"https:\/\/www.porlalibreedomex.com\/index.php?rest_route=%2Fwp%2Fv2%2Fmedia&parent=28647"}],"wp:term":[{"taxonomy":"category","embeddable":true,"href":"https:\/\/www.porlalibreedomex.com\/index.php?rest_route=%2Fwp%2Fv2%2Fcategories&post=28647"},{"taxonomy":"post_tag","embeddable":true,"href":"https:\/\/www.porlalibreedomex.com\/index.php?rest_route=%2Fwp%2Fv2%2Ftags&post=28647"}],"curies":[{"name":"wp","href":"https:\/\/api.w.org\/{rel}","templated":true}]}}