{"id":28396,"date":"2019-02-04T01:56:40","date_gmt":"2019-02-04T07:56:40","guid":{"rendered":"http:\/\/www.porlalibreedomex.com\/?p=28396"},"modified":"2019-02-05T01:57:25","modified_gmt":"2019-02-05T07:57:25","slug":"en-accion-coordinada-frustran-policias-estatales-y-municipales-robo-a-transporte-publico","status":"publish","type":"post","link":"https:\/\/www.porlalibreedomex.com\/?p=28396","title":{"rendered":"EN ACCI\u00d3N COORDINADA, FRUSTRAN POLIC\u00cdAS ESTATALES Y MUNICIPALES ROBO A TRANSPORTE P\u00daBLICO"},"content":{"rendered":"<p class=\"m_-4202639203123969300MsoNoSpacing\"><span lang=\"ES-TRAD\">\u00a0<\/span><\/p>\n<p class=\"m_-4202639203123969300MsoNoSpacing\"><b><span lang=\"ES-TRAD\">Naucalpan, Estado de M\u00e9xico, 04 de febrero de 2019.-<\/span><\/b><span lang=\"ES-TRAD\">\u00a0Polic\u00edas Estatales y Municipales, en acci\u00f3n coordinada, capturaron a dos sujetos que amedrentaron a los pasajeros de una unidad del transporte p\u00fablico para despojarlos de sus pertenencias.<\/span><\/p>\n<p class=\"m_-4202639203123969300MsoNoSpacing\"><span lang=\"ES-TRAD\">\u00a0<\/span><span lang=\"ES-TRAD\">A trav\u00e9s de un reporte emitido por el Centro de Control, Comando, Comunicaci\u00f3n, Computo y Calidad (C5) se alert\u00f3 a los elementos de ambas corporaciones sobre dos sujetos que abordaron un cami\u00f3n y que, al parecer, asaltaban a los usuarios.<\/span><\/p>\n<div id='gallery-1' class='gallery galleryid-28396 gallery-columns-3 gallery-size-large'><figure class='gallery-item'>\n\t\t\t<div class='gallery-icon portrait'>\n\t\t\t\t<a href='https:\/\/www.porlalibreedomex.com\/?attachment_id=28399'><img loading=\"lazy\" decoding=\"async\" width=\"696\" height=\"928\" src=\"https:\/\/www.porlalibreedomex.com\/wp-content\/uploads\/2019\/02\/WhatsApp-Image-2019-02-04-at-1.28.11-PM-768x1024.jpeg\" class=\"attachment-large size-large\" alt=\"\" srcset=\"https:\/\/www.porlalibreedomex.com\/wp-content\/uploads\/2019\/02\/WhatsApp-Image-2019-02-04-at-1.28.11-PM-768x1024.jpeg 768w, https:\/\/www.porlalibreedomex.com\/wp-content\/uploads\/2019\/02\/WhatsApp-Image-2019-02-04-at-1.28.11-PM-225x300.jpeg 225w, https:\/\/www.porlalibreedomex.com\/wp-content\/uploads\/2019\/02\/WhatsApp-Image-2019-02-04-at-1.28.11-PM.jpeg 864w\" sizes=\"auto, (max-width: 696px) 100vw, 696px\" \/><\/a>\n\t\t\t<\/div><\/figure><figure class='gallery-item'>\n\t\t\t<div class='gallery-icon landscape'>\n\t\t\t\t<a href='https:\/\/www.porlalibreedomex.com\/?attachment_id=28398'><img loading=\"lazy\" decoding=\"async\" width=\"696\" height=\"522\" src=\"https:\/\/www.porlalibreedomex.com\/wp-content\/uploads\/2019\/02\/WhatsApp-Image-2019-02-04-at-1.28.11-PM-1-1-1024x768.jpeg\" class=\"attachment-large size-large\" alt=\"\" srcset=\"https:\/\/www.porlalibreedomex.com\/wp-content\/uploads\/2019\/02\/WhatsApp-Image-2019-02-04-at-1.28.11-PM-1-1-1024x768.jpeg 1024w, https:\/\/www.porlalibreedomex.com\/wp-content\/uploads\/2019\/02\/WhatsApp-Image-2019-02-04-at-1.28.11-PM-1-1-300x225.jpeg 300w, https:\/\/www.porlalibreedomex.com\/wp-content\/uploads\/2019\/02\/WhatsApp-Image-2019-02-04-at-1.28.11-PM-1-1-768x576.jpeg 768w, https:\/\/www.porlalibreedomex.com\/wp-content\/uploads\/2019\/02\/WhatsApp-Image-2019-02-04-at-1.28.11-PM-1-1.jpeg 1152w\" sizes=\"auto, (max-width: 696px) 100vw, 696px\" \/><\/a>\n\t\t\t<\/div><\/figure><figure class='gallery-item'>\n\t\t\t<div class='gallery-icon landscape'>\n\t\t\t\t<a href='https:\/\/www.porlalibreedomex.com\/?attachment_id=28397'><img loading=\"lazy\" decoding=\"async\" width=\"696\" height=\"417\" src=\"https:\/\/www.porlalibreedomex.com\/wp-content\/uploads\/2019\/02\/WhatsApp-Image-2019-02-04-at-1.28.13-PM-1-1024x614.jpeg\" class=\"attachment-large size-large\" alt=\"\" aria-describedby=\"gallery-1-28397\" srcset=\"https:\/\/www.porlalibreedomex.com\/wp-content\/uploads\/2019\/02\/WhatsApp-Image-2019-02-04-at-1.28.13-PM-1-1024x614.jpeg 1024w, https:\/\/www.porlalibreedomex.com\/wp-content\/uploads\/2019\/02\/WhatsApp-Image-2019-02-04-at-1.28.13-PM-1-300x180.jpeg 300w, https:\/\/www.porlalibreedomex.com\/wp-content\/uploads\/2019\/02\/WhatsApp-Image-2019-02-04-at-1.28.13-PM-1-768x460.jpeg 768w, https:\/\/www.porlalibreedomex.com\/wp-content\/uploads\/2019\/02\/WhatsApp-Image-2019-02-04-at-1.28.13-PM-1.jpeg 1280w\" sizes=\"auto, (max-width: 696px) 100vw, 696px\" \/><\/a>\n\t\t\t<\/div>\n\t\t\t\t<figcaption class='wp-caption-text gallery-caption' id='gallery-1-28397'>\n\t\t\t\tPolic\u00edas estatal y municipal de Tlalnepantla act\u00faan en coordinaci\u00f3n y atrapan a los rateros\n\t\t\t\t<\/figcaption><\/figure>\n\t\t<\/div>\n\n<p class=\"m_-4202639203123969300MsoNoSpacing\"><span lang=\"ES-TRAD\">\u00a0<\/span><span lang=\"ES-TRAD\">Para salvaguardar la integridad de las personas a bordo, los polic\u00edas se trasladaron de inmediato al Boulevard Manuel \u00c1vila Camacho, casi esquina con Primero de Mayo en este municipio, donde interceptaron la unidad.<\/span><\/p>\n<p class=\"m_-4202639203123969300MsoNoSpacing\"><span lang=\"ES-TRAD\">\u00a0<\/span><span lang=\"ES-TRAD\">Apegados en todo momento al protocolo de actuaci\u00f3n, los efectivos de la Secretar\u00eda de Seguridad lograron la aprehensi\u00f3n de ambos implicados, que fueron remitidos al Ministerio P\u00fablico para resolver su situaci\u00f3n jur\u00eddica.<\/span><\/p>\n<p class=\"m_-4202639203123969300MsoNoSpacing\"><span lang=\"ES-TRAD\">\u00a0<\/span><span lang=\"ES-TRAD\">El conductor de la unidad asaltada, perteneciente a la Ruta 27, con derrotero Toreo &#8211; Izcalli, narr\u00f3 que los probables responsables abordaron el automotor sin causar sospecha alguna y, momentos m\u00e1s tarde, amenazaron a los viajeros exigi\u00e9ndoles la entrega de art\u00edculos valiosos.<\/span><\/p>\n<p class=\"m_-4202639203123969300MsoNoSpacing\"><span lang=\"ES-TRAD\">\u00a0<\/span><span lang=\"ES-TRAD\">La Secretar\u00eda de Seguridad le recuerda que los tel\u00e9fonos de Denuncia An\u00f3nima 0-8-9 y de emergencia 9-1-1 trabajan las 24 horas del d\u00eda; tambi\u00e9n puede contactarnos a trav\u00e9s de nuestras redes sociales: en Facebook @SS.Edomex, y el Twitter @SS_Edomex<\/span><\/p>\n<p class=\"m_-4202639203123969300MsoNoSpacing\"><span lang=\"ES-TRAD\">\u00a0<\/span><\/p>\n","protected":false},"excerpt":{"rendered":"<p>\u00a0 Naucalpan, Estado de M\u00e9xico, 04 de febrero de 2019.-\u00a0Polic\u00edas Estatales y Municipales, en acci\u00f3n coordinada, capturaron a dos sujetos que amedrentaron a los pasajeros de una unidad del transporte p\u00fablico para despojarlos de sus pertenencias. \u00a0A trav\u00e9s de un reporte emitido por el Centro de Control, Comando, Comunicaci\u00f3n, Computo y Calidad (C5) se alert\u00f3 [&hellip;]<\/p>\n","protected":false},"author":3,"featured_media":28400,"comment_status":"open","ping_status":"open","sticky":false,"template":"","format":"standard","meta":{"footnotes":""},"categories":[9157,16,9149],"tags":[],"class_list":{"0":"post-28396","1":"post","2":"type-post","3":"status-publish","4":"format-standard","5":"has-post-thumbnail","7":"category-edomex","8":"category-foto","9":"category-policiaca"},"wps_subtitle":"","_links":{"self":[{"href":"https:\/\/www.porlalibreedomex.com\/index.php?rest_route=\/wp\/v2\/posts\/28396","targetHints":{"allow":["GET"]}}],"collection":[{"href":"https:\/\/www.porlalibreedomex.com\/index.php?rest_route=\/wp\/v2\/posts"}],"about":[{"href":"https:\/\/www.porlalibreedomex.com\/index.php?rest_route=\/wp\/v2\/types\/post"}],"author":[{"embeddable":true,"href":"https:\/\/www.porlalibreedomex.com\/index.php?rest_route=\/wp\/v2\/users\/3"}],"replies":[{"embeddable":true,"href":"https:\/\/www.porlalibreedomex.com\/index.php?rest_route=%2Fwp%2Fv2%2Fcomments&post=28396"}],"version-history":[{"count":2,"href":"https:\/\/www.porlalibreedomex.com\/index.php?rest_route=\/wp\/v2\/posts\/28396\/revisions"}],"predecessor-version":[{"id":28402,"href":"https:\/\/www.porlalibreedomex.com\/index.php?rest_route=\/wp\/v2\/posts\/28396\/revisions\/28402"}],"wp:featuredmedia":[{"embeddable":true,"href":"https:\/\/www.porlalibreedomex.com\/index.php?rest_route=\/wp\/v2\/media\/28400"}],"wp:attachment":[{"href":"https:\/\/www.porlalibreedomex.com\/index.php?rest_route=%2Fwp%2Fv2%2Fmedia&parent=28396"}],"wp:term":[{"taxonomy":"category","embeddable":true,"href":"https:\/\/www.porlalibreedomex.com\/index.php?rest_route=%2Fwp%2Fv2%2Fcategories&post=28396"},{"taxonomy":"post_tag","embeddable":true,"href":"https:\/\/www.porlalibreedomex.com\/index.php?rest_route=%2Fwp%2Fv2%2Ftags&post=28396"}],"curies":[{"name":"wp","href":"https:\/\/api.w.org\/{rel}","templated":true}]}}