{"id":28250,"date":"2019-01-29T00:22:42","date_gmt":"2019-01-29T06:22:42","guid":{"rendered":"http:\/\/www.porlalibreedomex.com\/?p=28250"},"modified":"2019-01-30T00:24:41","modified_gmt":"2019-01-30T06:24:41","slug":"ofrece-audiencias-alejandra-del-moral-en-la-sede-del-partido-revolucionario-institucional","status":"publish","type":"post","link":"https:\/\/www.porlalibreedomex.com\/?p=28250","title":{"rendered":"OFRECE AUDIENCIAS ALEJANDRA DEL MORAL, EN LA SEDE DEL PARTIDO REVOLUCIONARIO INSTITUCIONAL"},"content":{"rendered":"<figure id=\"attachment_28251\" aria-describedby=\"caption-attachment-28251\" style=\"width: 1280px\" class=\"wp-caption aligncenter\"><a href=\"http:\/\/www.porlalibreedomex.com\/wp-content\/uploads\/2019\/01\/AMV-Audiencia-P\u00fablica-1.jpg\"><img loading=\"lazy\" decoding=\"async\" class=\"size-full wp-image-28251\" src=\"http:\/\/www.porlalibreedomex.com\/wp-content\/uploads\/2019\/01\/AMV-Audiencia-P\u00fablica-1.jpg\" alt=\"\" width=\"1280\" height=\"928\" srcset=\"https:\/\/www.porlalibreedomex.com\/wp-content\/uploads\/2019\/01\/AMV-Audiencia-P\u00fablica-1.jpg 1280w, https:\/\/www.porlalibreedomex.com\/wp-content\/uploads\/2019\/01\/AMV-Audiencia-P\u00fablica-1-300x218.jpg 300w, https:\/\/www.porlalibreedomex.com\/wp-content\/uploads\/2019\/01\/AMV-Audiencia-P\u00fablica-1-768x557.jpg 768w, https:\/\/www.porlalibreedomex.com\/wp-content\/uploads\/2019\/01\/AMV-Audiencia-P\u00fablica-1-1024x742.jpg 1024w\" sizes=\"auto, (max-width: 1280px) 100vw, 1280px\" \/><\/a><figcaption id=\"caption-attachment-28251\" class=\"wp-caption-text\">Toluca, Estado de M\u00e9xico.-\u00a0Al encabezar audiencias p\u00fablicas en el Comit\u00e9 Directivo Estatal, Alejandra Del Moral Vela, Presidenta del Partido Revolucionario Institucional en el Estado de M\u00e9xico, reiter\u00f3 que este instituto pol\u00edtico, en su proceso de renovaci\u00f3n, estar\u00e1 abierto a las bases y trabajar\u00e1 de la mano con la militancia.<\/figcaption><\/figure>\n<figure id=\"attachment_28252\" aria-describedby=\"caption-attachment-28252\" style=\"width: 1280px\" class=\"wp-caption aligncenter\"><a href=\"http:\/\/www.porlalibreedomex.com\/wp-content\/uploads\/2019\/01\/AMV-Audiencia-P\u00fablica-3.jpg\"><img loading=\"lazy\" decoding=\"async\" class=\"size-full wp-image-28252\" src=\"http:\/\/www.porlalibreedomex.com\/wp-content\/uploads\/2019\/01\/AMV-Audiencia-P\u00fablica-3.jpg\" alt=\"\" width=\"1280\" height=\"853\" srcset=\"https:\/\/www.porlalibreedomex.com\/wp-content\/uploads\/2019\/01\/AMV-Audiencia-P\u00fablica-3.jpg 1280w, https:\/\/www.porlalibreedomex.com\/wp-content\/uploads\/2019\/01\/AMV-Audiencia-P\u00fablica-3-300x200.jpg 300w, https:\/\/www.porlalibreedomex.com\/wp-content\/uploads\/2019\/01\/AMV-Audiencia-P\u00fablica-3-768x512.jpg 768w, https:\/\/www.porlalibreedomex.com\/wp-content\/uploads\/2019\/01\/AMV-Audiencia-P\u00fablica-3-1024x682.jpg 1024w\" sizes=\"auto, (max-width: 1280px) 100vw, 1280px\" \/><\/a><figcaption id=\"caption-attachment-28252\" class=\"wp-caption-text\">Toluca, Estado de M\u00e9xico.-\u00a0La Presidenta del PRI en el Estado de M\u00e9xico, Alejandra Del Moral Vela, sostuvo hoy audiencias p\u00fablicas. Asegur\u00f3 que en estas reuniones se han encontrado grandes coincidencias con la militancia a trav\u00e9s de un di\u00e1logo franco y constructivo.<\/figcaption><\/figure>\n<figure id=\"attachment_28253\" aria-describedby=\"caption-attachment-28253\" style=\"width: 1280px\" class=\"wp-caption aligncenter\"><a href=\"http:\/\/www.porlalibreedomex.com\/wp-content\/uploads\/2019\/01\/AMV-Audiencia-P\u00fablica-2.jpg\"><img loading=\"lazy\" decoding=\"async\" class=\"size-full wp-image-28253\" src=\"http:\/\/www.porlalibreedomex.com\/wp-content\/uploads\/2019\/01\/AMV-Audiencia-P\u00fablica-2.jpg\" alt=\"\" width=\"1280\" height=\"853\" srcset=\"https:\/\/www.porlalibreedomex.com\/wp-content\/uploads\/2019\/01\/AMV-Audiencia-P\u00fablica-2.jpg 1280w, https:\/\/www.porlalibreedomex.com\/wp-content\/uploads\/2019\/01\/AMV-Audiencia-P\u00fablica-2-300x200.jpg 300w, https:\/\/www.porlalibreedomex.com\/wp-content\/uploads\/2019\/01\/AMV-Audiencia-P\u00fablica-2-768x512.jpg 768w, https:\/\/www.porlalibreedomex.com\/wp-content\/uploads\/2019\/01\/AMV-Audiencia-P\u00fablica-2-1024x682.jpg 1024w\" sizes=\"auto, (max-width: 1280px) 100vw, 1280px\" \/><\/a><figcaption id=\"caption-attachment-28253\" class=\"wp-caption-text\">Toluca, Estado de M\u00e9xico.-\u00a0Desde el inicio de su gesti\u00f3n, Alejandra Del Moral Vela, Presidenta del PRI en el Estado de M\u00e9xico, celebra audiencias p\u00fablicas con los militantes del Partido. Ha sido enf\u00e1tica al afirmar que el Revolucionario Institucional va a reconstruirse en unidad para triunfar en el 2021 y ello se har\u00e1 con inclusi\u00f3n y apertura.<\/figcaption><\/figure>\n<p style=\"font-weight: 400;\">\n","protected":false},"excerpt":{"rendered":"","protected":false},"author":3,"featured_media":0,"comment_status":"open","ping_status":"open","sticky":false,"template":"","format":"standard","meta":{"footnotes":""},"categories":[16,9150],"tags":[8864,13235,13236],"class_list":{"0":"post-28250","1":"post","2":"type-post","3":"status-publish","4":"format-standard","6":"category-foto","7":"category-politica","8":"tag-alejandra-del-moral-vela","9":"tag-audiencias-ppublicas-en-el-cde-del-pri","10":"tag-militancia-priista-mexiquense"},"wps_subtitle":"","_links":{"self":[{"href":"https:\/\/www.porlalibreedomex.com\/index.php?rest_route=\/wp\/v2\/posts\/28250","targetHints":{"allow":["GET"]}}],"collection":[{"href":"https:\/\/www.porlalibreedomex.com\/index.php?rest_route=\/wp\/v2\/posts"}],"about":[{"href":"https:\/\/www.porlalibreedomex.com\/index.php?rest_route=\/wp\/v2\/types\/post"}],"author":[{"embeddable":true,"href":"https:\/\/www.porlalibreedomex.com\/index.php?rest_route=\/wp\/v2\/users\/3"}],"replies":[{"embeddable":true,"href":"https:\/\/www.porlalibreedomex.com\/index.php?rest_route=%2Fwp%2Fv2%2Fcomments&post=28250"}],"version-history":[{"count":2,"href":"https:\/\/www.porlalibreedomex.com\/index.php?rest_route=\/wp\/v2\/posts\/28250\/revisions"}],"predecessor-version":[{"id":28255,"href":"https:\/\/www.porlalibreedomex.com\/index.php?rest_route=\/wp\/v2\/posts\/28250\/revisions\/28255"}],"wp:attachment":[{"href":"https:\/\/www.porlalibreedomex.com\/index.php?rest_route=%2Fwp%2Fv2%2Fmedia&parent=28250"}],"wp:term":[{"taxonomy":"category","embeddable":true,"href":"https:\/\/www.porlalibreedomex.com\/index.php?rest_route=%2Fwp%2Fv2%2Fcategories&post=28250"},{"taxonomy":"post_tag","embeddable":true,"href":"https:\/\/www.porlalibreedomex.com\/index.php?rest_route=%2Fwp%2Fv2%2Ftags&post=28250"}],"curies":[{"name":"wp","href":"https:\/\/api.w.org\/{rel}","templated":true}]}}