{"id":28220,"date":"2019-01-29T19:09:11","date_gmt":"2019-01-30T01:09:11","guid":{"rendered":"http:\/\/www.porlalibreedomex.com\/?p=28220"},"modified":"2019-01-29T19:09:11","modified_gmt":"2019-01-30T01:09:11","slug":"inicia-el-conservatorio-de-musica-del-estado-de-mexico-su-254-temporada-de-conciertos","status":"publish","type":"post","link":"https:\/\/www.porlalibreedomex.com\/?p=28220","title":{"rendered":"INICIA EL CONSERVATORIO DE M\u00daSICA DEL ESTADO DE M\u00c9XICO, SU 254 TEMPORADA DE CONCIERTOS"},"content":{"rendered":"<p>\u2022<em><strong> Estar\u00e1n a cargo de los conciertos de los maestros del COMEM.<\/strong><\/em><\/p>\n<p><strong>Toluca, Estado de M\u00e9xico, 29 de enero de 2019.<\/strong> En febrero, el Conservatorio de M\u00fasica del Estado de M\u00e9xico (COMEM), iniciar\u00e1 su temporada de conciertos n\u00famero 254, todos los martes y jueves a las 19:00 horas en la Sala de Conciertos \u201cSilvestre Revueltas\u201d, con entrada libre.<\/p>\n<p>Este mes, la temporada estar\u00e1 enfocada en los maestros de la misma instituci\u00f3n e iniciar\u00e1 la actividad el martes 5 de febrero con el recital de guitarra de Luis Octavio Cervantes, a las 19:00 horas, en tanto que para el jueves 7, David Col\u00edn tendr\u00e1 un concierto de canto en el mismo horario.<a href=\"http:\/\/www.porlalibreedomex.com\/wp-content\/uploads\/2019\/01\/WhatsApp-Image-2019-01-29-at-10.10.08-AM.jpeg\"><img loading=\"lazy\" decoding=\"async\" class=\"aligncenter size-large wp-image-28221\" src=\"http:\/\/www.porlalibreedomex.com\/wp-content\/uploads\/2019\/01\/WhatsApp-Image-2019-01-29-at-10.10.08-AM-1024x682.jpeg\" alt=\"\" width=\"800\" height=\"533\" srcset=\"https:\/\/www.porlalibreedomex.com\/wp-content\/uploads\/2019\/01\/WhatsApp-Image-2019-01-29-at-10.10.08-AM-1024x682.jpeg 1024w, https:\/\/www.porlalibreedomex.com\/wp-content\/uploads\/2019\/01\/WhatsApp-Image-2019-01-29-at-10.10.08-AM-300x200.jpeg 300w, https:\/\/www.porlalibreedomex.com\/wp-content\/uploads\/2019\/01\/WhatsApp-Image-2019-01-29-at-10.10.08-AM-768x512.jpeg 768w, https:\/\/www.porlalibreedomex.com\/wp-content\/uploads\/2019\/01\/WhatsApp-Image-2019-01-29-at-10.10.08-AM.jpeg 1280w\" sizes=\"auto, (max-width: 800px) 100vw, 800px\" \/><\/a><\/p>\n<p>Para la segunda semana del mes, el 12 de febrero Daryl Anderson dar\u00e1 cuenta de su profesionalismo en el piano, con un recital de piano-jazz, y el jueves la experimentada pianista Mercedes Pons, de la mano del maestro Pedro Berrios en el viol\u00edn, ofrecer\u00e1 un recital para el disfrute de los presentes.<\/p>\n<p>El 19 de febrero llegar\u00e1 al escenario del auditorio \u201cSilvestre Revueltas\u201d Jos\u00e9 Miguel Su\u00e1rez en la guitarra, y para el jueves 21, Jos\u00e9 Luis Barquera deleitar\u00e1 con sus percusiones y se har\u00e1 acompa\u00f1ar de sus alumnos.<a href=\"http:\/\/www.porlalibreedomex.com\/wp-content\/uploads\/2019\/01\/WhatsApp-Image-2019-01-29-at-10.10.08-AM-2.jpeg\"><img loading=\"lazy\" decoding=\"async\" class=\"aligncenter size-large wp-image-28223\" src=\"http:\/\/www.porlalibreedomex.com\/wp-content\/uploads\/2019\/01\/WhatsApp-Image-2019-01-29-at-10.10.08-AM-2-1024x768.jpeg\" alt=\"\" width=\"800\" height=\"600\" srcset=\"https:\/\/www.porlalibreedomex.com\/wp-content\/uploads\/2019\/01\/WhatsApp-Image-2019-01-29-at-10.10.08-AM-2-1024x768.jpeg 1024w, https:\/\/www.porlalibreedomex.com\/wp-content\/uploads\/2019\/01\/WhatsApp-Image-2019-01-29-at-10.10.08-AM-2-300x225.jpeg 300w, https:\/\/www.porlalibreedomex.com\/wp-content\/uploads\/2019\/01\/WhatsApp-Image-2019-01-29-at-10.10.08-AM-2-768x576.jpeg 768w, https:\/\/www.porlalibreedomex.com\/wp-content\/uploads\/2019\/01\/WhatsApp-Image-2019-01-29-at-10.10.08-AM-2.jpeg 1280w\" sizes=\"auto, (max-width: 800px) 100vw, 800px\" \/><\/a><\/p>\n<p>En la \u00faltima semana, el martes 26 de febrero se presentar\u00e1 uno de los Coros del Conservatorio de M\u00fasica, bajo direcci\u00f3n de Horacio Rico, cuyas voces demostrar\u00e1n su t\u00e9cnica y talento vocal.<\/p>\n<p>En tanto que el \u00faltimo d\u00eda de mes, la Orquesta Filarm\u00f3nica del COMEM, bajo la batuta de Guillermo L\u00f3pez, interpretar\u00e1n un programa sorpresa.<\/p>\n<p>De esta manera, el COMEM, a lo largo del a\u00f1o, organizar\u00e1 las temporadas de conciertos y recitales, tanto de maestros como de alumnos, con el fin de promover y difundir la cultura musical y propiciar la superaci\u00f3n acad\u00e9mica del alumnado.<\/p>\n","protected":false},"excerpt":{"rendered":"<p>\u2022 Estar\u00e1n a cargo de los conciertos de los maestros del COMEM. Toluca, Estado de M\u00e9xico, 29 de enero de 2019. En febrero, el Conservatorio de M\u00fasica del Estado de M\u00e9xico (COMEM), iniciar\u00e1 su temporada de conciertos n\u00famero 254, todos los martes y jueves a las 19:00 horas en la Sala de Conciertos \u201cSilvestre Revueltas\u201d, [&hellip;]<\/p>\n","protected":false},"author":3,"featured_media":28222,"comment_status":"open","ping_status":"open","sticky":false,"template":"","format":"standard","meta":{"footnotes":""},"categories":[9873,16],"tags":[13222,13221,4448],"class_list":{"0":"post-28220","1":"post","2":"type-post","3":"status-publish","4":"format-standard","5":"has-post-thumbnail","7":"category-cultura","8":"category-foto","9":"tag-comem","10":"tag-conciertos-del-conservatorio","11":"tag-temporada-de-conciertos"},"wps_subtitle":"Se realizar\u00e1n los conciertos los d\u00edas martes y jueves, a las 19:00 horas, en la Sala de Conciertos \u201cSilvestre Revueltas\u201d. ","_links":{"self":[{"href":"https:\/\/www.porlalibreedomex.com\/index.php?rest_route=\/wp\/v2\/posts\/28220","targetHints":{"allow":["GET"]}}],"collection":[{"href":"https:\/\/www.porlalibreedomex.com\/index.php?rest_route=\/wp\/v2\/posts"}],"about":[{"href":"https:\/\/www.porlalibreedomex.com\/index.php?rest_route=\/wp\/v2\/types\/post"}],"author":[{"embeddable":true,"href":"https:\/\/www.porlalibreedomex.com\/index.php?rest_route=\/wp\/v2\/users\/3"}],"replies":[{"embeddable":true,"href":"https:\/\/www.porlalibreedomex.com\/index.php?rest_route=%2Fwp%2Fv2%2Fcomments&post=28220"}],"version-history":[{"count":1,"href":"https:\/\/www.porlalibreedomex.com\/index.php?rest_route=\/wp\/v2\/posts\/28220\/revisions"}],"predecessor-version":[{"id":28224,"href":"https:\/\/www.porlalibreedomex.com\/index.php?rest_route=\/wp\/v2\/posts\/28220\/revisions\/28224"}],"wp:featuredmedia":[{"embeddable":true,"href":"https:\/\/www.porlalibreedomex.com\/index.php?rest_route=\/wp\/v2\/media\/28222"}],"wp:attachment":[{"href":"https:\/\/www.porlalibreedomex.com\/index.php?rest_route=%2Fwp%2Fv2%2Fmedia&parent=28220"}],"wp:term":[{"taxonomy":"category","embeddable":true,"href":"https:\/\/www.porlalibreedomex.com\/index.php?rest_route=%2Fwp%2Fv2%2Fcategories&post=28220"},{"taxonomy":"post_tag","embeddable":true,"href":"https:\/\/www.porlalibreedomex.com\/index.php?rest_route=%2Fwp%2Fv2%2Ftags&post=28220"}],"curies":[{"name":"wp","href":"https:\/\/api.w.org\/{rel}","templated":true}]}}