{"id":27905,"date":"2019-01-09T02:20:29","date_gmt":"2019-01-09T08:20:29","guid":{"rendered":"http:\/\/www.porlalibreedomex.com\/?p=27905"},"modified":"2019-01-10T02:20:45","modified_gmt":"2019-01-10T08:20:45","slug":"inicia-conservatorio-de-musica-del-estado-de-mexico-temporada-de-conciertos","status":"publish","type":"post","link":"https:\/\/www.porlalibreedomex.com\/?p=27905","title":{"rendered":"INICIA CONSERVATORIO DE M\u00daSICA DEL ESTADO DE M\u00c9XICO TEMPORADA DE CONCIERTOS"},"content":{"rendered":"<ul>\n<li><em><strong>Ofrecer\u00e1n alumnos de esta instituci\u00f3n conciertos del 10 al 31 de enero en la Sala Silvestre Revueltas.<\/strong><\/em><\/li>\n<\/ul>\n<p><strong>Toluca, M\u00e9xico, 9 de enero de 2019.<\/strong> Con entusiasmo renovado, el Conservatorio de M\u00fasica del Estado de M\u00e9xico (COMEM) inicia el a\u00f1o con una serie de conciertos que se llevar\u00e1n a cabo del 10 al 31 de enero, en la Sala de conciertos \u201cSilvestre Revueltas\u201d.<\/p>\n<p>A las 19:00 horas del pr\u00f3ximo jueves 10 se llevar\u00e1 a cabo un concierto de jazz, a cargo de maestros y alumnos de la instituci\u00f3n; mientras que el martes 15, a la misma hora, Luciana y Radia Jazz ofrecer\u00e1n una velada musical.<\/p>\n<p>El 17 de enero, la Sala \u201cSilvestre Revueltas\u201d recibir\u00e1 al Pianista Rafael Z\u00e1rate, quien estar\u00e1 acompa\u00f1ado por algunos invitados; el martes 22, el Maestro Armando Velasco ofrecer\u00e1 un concierto de piano a las 19:00 horas.<\/p>\n<figure id=\"attachment_27906\" aria-describedby=\"caption-attachment-27906\" style=\"width: 1280px\" class=\"wp-caption aligncenter\"><a href=\"http:\/\/www.porlalibreedomex.com\/wp-content\/uploads\/2019\/01\/WhatsApp-Image-2019-01-09-at-1.54.28-PM.jpeg\"><img loading=\"lazy\" decoding=\"async\" class=\"size-full wp-image-27906\" src=\"http:\/\/www.porlalibreedomex.com\/wp-content\/uploads\/2019\/01\/WhatsApp-Image-2019-01-09-at-1.54.28-PM.jpeg\" alt=\"\" width=\"1280\" height=\"960\" srcset=\"https:\/\/www.porlalibreedomex.com\/wp-content\/uploads\/2019\/01\/WhatsApp-Image-2019-01-09-at-1.54.28-PM.jpeg 1280w, https:\/\/www.porlalibreedomex.com\/wp-content\/uploads\/2019\/01\/WhatsApp-Image-2019-01-09-at-1.54.28-PM-300x225.jpeg 300w, https:\/\/www.porlalibreedomex.com\/wp-content\/uploads\/2019\/01\/WhatsApp-Image-2019-01-09-at-1.54.28-PM-768x576.jpeg 768w, https:\/\/www.porlalibreedomex.com\/wp-content\/uploads\/2019\/01\/WhatsApp-Image-2019-01-09-at-1.54.28-PM-1024x768.jpeg 1024w\" sizes=\"auto, (max-width: 1280px) 100vw, 1280px\" \/><\/a><figcaption id=\"caption-attachment-27906\" class=\"wp-caption-text\">No te puedes perder los conciertos del Conservatorio de M\u00fasica del Estado de M\u00e9xico<\/figcaption><\/figure>\n<p><a href=\"http:\/\/www.porlalibreedomex.com\/wp-content\/uploads\/2019\/01\/WhatsApp-Image-2019-01-09-at-1.54.26-PM.jpeg\"><img loading=\"lazy\" decoding=\"async\" class=\"aligncenter size-full wp-image-27907\" src=\"http:\/\/www.porlalibreedomex.com\/wp-content\/uploads\/2019\/01\/WhatsApp-Image-2019-01-09-at-1.54.26-PM.jpeg\" alt=\"\" width=\"1280\" height=\"917\" srcset=\"https:\/\/www.porlalibreedomex.com\/wp-content\/uploads\/2019\/01\/WhatsApp-Image-2019-01-09-at-1.54.26-PM.jpeg 1280w, https:\/\/www.porlalibreedomex.com\/wp-content\/uploads\/2019\/01\/WhatsApp-Image-2019-01-09-at-1.54.26-PM-300x215.jpeg 300w, https:\/\/www.porlalibreedomex.com\/wp-content\/uploads\/2019\/01\/WhatsApp-Image-2019-01-09-at-1.54.26-PM-768x550.jpeg 768w, https:\/\/www.porlalibreedomex.com\/wp-content\/uploads\/2019\/01\/WhatsApp-Image-2019-01-09-at-1.54.26-PM-1024x734.jpeg 1024w\" sizes=\"auto, (max-width: 1280px) 100vw, 1280px\" \/><\/a><\/p>\n<p>El jueves 24 de enero el Maestro Alfredo Zendejas espera al p\u00fablico con un recital de piano; mientras que para el martes 29, a las 19:00 horas, se presentar\u00e1n la Maestra Sabina Laurain, acompa\u00f1ada de su flauta, y el Maestro Joseph Shalita en el oboe y, nuevamente, Alfredo Zendejas al piano.<\/p>\n<p>Para concluir, el Maestro Wojciech Nzy estar\u00e1 a cargo de un recital de piano, el 31 de enero.<\/p>\n<p>En esta temporada, la m\u00fasica de cada presentaci\u00f3n estar\u00e1 llena de ritmos que servir\u00e1n para levantar el \u00e1nimo e iniciar el a\u00f1o con buena m\u00fasica.<\/p>\n<p>Estas presentaciones est\u00e1n dirigidas a todo p\u00fablico, se llevar\u00e1n a cabo en la Sala de Conciertos \u201cSilvestre Revueltas\u201d, del COMEM, ubicada en Av. Morelos Pte. #816, Col. Centro, Toluca, Estado de M\u00e9xico y la entrada es gratuita.<\/p>\n","protected":false},"excerpt":{"rendered":"<p>Ofrecer\u00e1n alumnos de esta instituci\u00f3n conciertos del 10 al 31 de enero en la Sala Silvestre Revueltas. Toluca, M\u00e9xico, 9 de enero de 2019. Con entusiasmo renovado, el Conservatorio de M\u00fasica del Estado de M\u00e9xico (COMEM) inicia el a\u00f1o con una serie de conciertos que se llevar\u00e1n a cabo del 10 al 31 de enero, [&hellip;]<\/p>\n","protected":false},"author":3,"featured_media":27908,"comment_status":"open","ping_status":"open","sticky":false,"template":"","format":"standard","meta":{"footnotes":""},"categories":[9873,16],"tags":[],"class_list":{"0":"post-27905","1":"post","2":"type-post","3":"status-publish","4":"format-standard","5":"has-post-thumbnail","7":"category-cultura","8":"category-foto"},"wps_subtitle":"Realizar\u00e1 siete presentaciones en enero para celebrar el a\u00f1o nuevo","_links":{"self":[{"href":"https:\/\/www.porlalibreedomex.com\/index.php?rest_route=\/wp\/v2\/posts\/27905","targetHints":{"allow":["GET"]}}],"collection":[{"href":"https:\/\/www.porlalibreedomex.com\/index.php?rest_route=\/wp\/v2\/posts"}],"about":[{"href":"https:\/\/www.porlalibreedomex.com\/index.php?rest_route=\/wp\/v2\/types\/post"}],"author":[{"embeddable":true,"href":"https:\/\/www.porlalibreedomex.com\/index.php?rest_route=\/wp\/v2\/users\/3"}],"replies":[{"embeddable":true,"href":"https:\/\/www.porlalibreedomex.com\/index.php?rest_route=%2Fwp%2Fv2%2Fcomments&post=27905"}],"version-history":[{"count":1,"href":"https:\/\/www.porlalibreedomex.com\/index.php?rest_route=\/wp\/v2\/posts\/27905\/revisions"}],"predecessor-version":[{"id":27909,"href":"https:\/\/www.porlalibreedomex.com\/index.php?rest_route=\/wp\/v2\/posts\/27905\/revisions\/27909"}],"wp:featuredmedia":[{"embeddable":true,"href":"https:\/\/www.porlalibreedomex.com\/index.php?rest_route=\/wp\/v2\/media\/27908"}],"wp:attachment":[{"href":"https:\/\/www.porlalibreedomex.com\/index.php?rest_route=%2Fwp%2Fv2%2Fmedia&parent=27905"}],"wp:term":[{"taxonomy":"category","embeddable":true,"href":"https:\/\/www.porlalibreedomex.com\/index.php?rest_route=%2Fwp%2Fv2%2Fcategories&post=27905"},{"taxonomy":"post_tag","embeddable":true,"href":"https:\/\/www.porlalibreedomex.com\/index.php?rest_route=%2Fwp%2Fv2%2Ftags&post=27905"}],"curies":[{"name":"wp","href":"https:\/\/api.w.org\/{rel}","templated":true}]}}