{"id":27639,"date":"2018-12-17T01:48:27","date_gmt":"2018-12-17T07:48:27","guid":{"rendered":"http:\/\/www.porlalibreedomex.com\/?p=27639"},"modified":"2018-12-19T01:48:44","modified_gmt":"2018-12-19T07:48:44","slug":"alebrijes-en-cuadratines-polemica-salarial-en-la-4-t","status":"publish","type":"post","link":"https:\/\/www.porlalibreedomex.com\/?p=27639","title":{"rendered":"Alebrijes en Cuadratines: Pol\u00e9mica salarial en la 4-T"},"content":{"rendered":"<div class=\"gs\">\n<div class=\"\">\n<div id=\":4t\" class=\"ii gt\">\n<div id=\":4s\" class=\"a3s aXjCH \">\n<div>\n<div class=\"m_-7502060873931226697ydpa33732bdyahoo-style-wrap\">\n<div>\n<div>\n<p class=\"m_-7502060873931226697ydp6f5b08d5MsoNormal\">Adri\u00e1n Chavarr\u00eda Espinosa<\/p>\n<p class=\"m_-7502060873931226697ydp6f5b08d5MsoNormal\" align=\"right\"><span class=\"m_-7502060873931226697ydp6f5b08d5MsoHyperlink\"><i><a href=\"mailto:ache57@yahoo.com.mx\" target=\"_blank\" rel=\"nofollow noopener\">ache57@yahoo.com.mx<\/a><\/i><\/span><\/p>\n<p class=\"m_-7502060873931226697ydp6f5b08d5MsoNormal\">A\u00fan no hab\u00edan transcurrido los primeros 15 d\u00edas del nuevo gobierno federal, encabezado por Andr\u00e9s Manuel L\u00f3pez Obrador, que se ha denominado como la\u00a0<i>Cuarta Transformaci\u00f3n<\/i>\u00a0(4-T), y ya enfrenta problemas con diversos sectores por temas como la recompra de bonos del Nuevo Aeropuerto Internacional de M\u00e9xico, la disputa por la gubernatura de Puebla, la anulaci\u00f3n de la Reforma Educativa, pero destaca el enfrentamiento con el Poder Judicial por el tema salarial.<\/p>\n<p class=\"m_-7502060873931226697ydp6f5b08d5MsoNormal\">\u00a0\u00a0\u00a0\u00a0\u00a0\u00a0\u00a0\u00a0\u00a0\u00a0\u00a0\u00a0Inicialmente deben considerarse los principios del actual presidente de la rep\u00fablica: no mentir, no enga\u00f1ar y no robar. Pero en este caso de los sueldos podr\u00eda decirse que falta a dos de ellos, cuando acusa a jueces y magistrados de tener salarios superiores a los 600 mil pesos, cuando de acuerdo con datos del Diario Oficial de la Federaci\u00f3n esa cifra no resultan ciertas.<\/p>\n<p class=\"m_-7502060873931226697ydp6f5b08d5MsoNormal\">\u00a0\u00a0\u00a0\u00a0\u00a0\u00a0\u00a0\u00a0\u00a0\u00a0\u00a0\u00a0En el\u00a0<i>Anal\u00edtico de Plazas y Remuneraciones del Poder Judicial de la Federaci\u00f3n correspondiente a 2018<\/i>, se\u00f1ala que los 11 ministros del m\u00e1ximo tribunal ganan anualmente por sueldos y prestaciones un monto anual total bruto de seis millones 938 mil 234 pesos, es decir 578 mil 186 pesos al mes, casi cerca de los 600 mil citados por L\u00f3pez Obrador, pero si se considera el salario neto, es decir despu\u00e9s de impuestos, se queda en cuatro millones 659 mil 489 pesos, para 388 mil 290 pesos mensuales.<\/p>\n<p class=\"m_-7502060873931226697ydp6f5b08d5MsoNormal\">\u00a0\u00a0\u00a0\u00a0\u00a0\u00a0\u00a0\u00a0\u00a0\u00a0\u00a0\u00a0Respecto a los siete magistrados de la Sala Superior del Tribunal Electoral del Poder Judicial de la Federaci\u00f3n la situaci\u00f3n es similar: sus ingresos anuales brutos son de seis millones 938 mil 234 pesos, equivalente a 578 mil 186 pesos al mes para que en cifras netas, sus ingresos anuales sumen cuatro millones 681 mil 831 pesos, es decir 390 mil 152 pesos mensuales.<\/p>\n<p class=\"m_-7502060873931226697ydp6f5b08d5MsoNormal\">\u00a0\u00a0\u00a0\u00a0\u00a0\u00a0\u00a0\u00a0\u00a0\u00a0\u00a0\u00a0Podr\u00eda admitirse que s\u00ed, que son salarios exagerados, pero no por ello deber\u00eda generalizarse que todos los servidores p\u00fablicos tienen alt\u00edsimos salarios, tal como lo difunde L\u00f3pez Obrador, quien bajo el argumento de la austeridad republicana pretenda reducir los sueldos de la burocracia.<\/p>\n<p class=\"m_-7502060873931226697ydp6f5b08d5MsoNormal\">\u00a0\u00a0\u00a0\u00a0\u00a0\u00a0\u00a0\u00a0\u00a0\u00a0\u00a0\u00a0Dentro de las obsesiones de L\u00f3pez Obrador se encuentra que ning\u00fan servidor p\u00fablico deba ganar m\u00e1s que el presidente, para lo cual fij\u00f3 como 108 mil pesos mensuales como tope m\u00e1ximo, pero \u00bfpor qu\u00e9 esa cantidad y no 110 mil, 120 mil o 150 mil pesos al mes?<\/p>\n<p class=\"m_-7502060873931226697ydp6f5b08d5MsoNormal\">\u00a0\u00a0\u00a0\u00a0\u00a0\u00a0\u00a0\u00a0\u00a0\u00a0\u00a0\u00a0No debe desconocer que existen otros funcionarios en otras \u00e1reas con altas y delicadas responsabilidades que ganan m\u00e1s arriba de los 108 mil pesos fijados como tope, quienes ante este panorama han decidido renunciar porque consideran que su preparaci\u00f3n y labor merecen ese salario y buscar\u00e1n otros \u00e1mbitos donde sean reconocidos y valorados adecuadamente.<\/p>\n<p class=\"m_-7502060873931226697ydp6f5b08d5MsoNormal\">\u00a0\u00a0\u00a0\u00a0\u00a0\u00a0\u00a0\u00a0\u00a0\u00a0\u00a0\u00a0Sin embargo, ahora resulta que la nueva secretaria de la Funci\u00f3n P\u00fablica, Irma Er\u00e9ndira Sandoval, exhort\u00f3 a la iniciativa privada a bajar los altos salarios de sus empleados para que se ajusten a los t\u00e9rminos planteados del servicio p\u00fablico, aparentemente para que esos especialistas del servicio p\u00fablico no deserten al no tener mejores expectativas.<\/p>\n<p class=\"m_-7502060873931226697ydp6f5b08d5MsoNormal\">\u00a0\u00a0\u00a0\u00a0\u00a0\u00a0\u00a0\u00a0\u00a0\u00a0\u00a0\u00a0Aunque no debe omitirse que de darse esa circunstancia esas personas podr\u00edan emigrar al extranjero, para ser contratados sin problemas y, entonces, se dar\u00eda lo que se llama una fuga de talentos, donde quien perder\u00eda ser\u00eda el pa\u00eds.<\/p>\n<p class=\"m_-7502060873931226697ydp6f5b08d5MsoNormal\">\u00a0\u00a0\u00a0\u00a0\u00a0\u00a0\u00a0\u00a0\u00a0\u00a0\u00a0\u00a0Incluso L\u00f3pez Obrador tambi\u00e9n manifest\u00f3 que quienes no est\u00e9n de acuerdo con los ajustes salariales a la baja pueden salir ya que existen otros que pueden suplirlos, pero nadie garantiza que ser\u00edan con la misma calidad laboral, experiencia, capacidad y responsabilidad de quienes actualmente se desempe\u00f1an en esos cargos.<\/p>\n<p class=\"m_-7502060873931226697ydp6f5b08d5MsoNormal\">\u00a0\u00a0\u00a0\u00a0\u00a0\u00a0\u00a0\u00a0\u00a0\u00a0\u00a0\u00a0Incluso se corre el riesgo de que quienes asuman esas responsabilidades no est\u00e9n comprometidos con el servicio p\u00fablico y esperen la primera oportunidad para incurrir en irregularidades y se genere la corrupci\u00f3n, a la cual la actual administraci\u00f3n se ha comprometido con acabar.<\/p>\n<p class=\"m_-7502060873931226697ydp6f5b08d5MsoNormal\">\u00a0\u00a0\u00a0\u00a0\u00a0\u00a0\u00a0\u00a0\u00a0\u00a0\u00a0\u00a0En conclusi\u00f3n se puede decir que esa reducci\u00f3n salarial puede generar m\u00e1s puntos negativos que positivos, por lo cual lo recomendable ser\u00eda revisar esa pol\u00edtica de austeridad. Por ejemplo, se podr\u00eda integrar una comisi\u00f3n con la participaci\u00f3n de especialistas y expertos que propusieran un tipo de tabulados salarial para aplicarse a las diferentes responsabilidades y \u00e1reas del servicio p\u00fablico para que las retribuciones resulten acorde a sus funciones.<\/p>\n<p class=\"m_-7502060873931226697ydp6f5b08d5MsoNormal\">\u00a0\u00a0\u00a0\u00a0\u00a0\u00a0\u00a0\u00a0\u00a0\u00a0\u00a0\u00a0Lo que no debe suceder es que con el argumento de la austeridad, se limite el progreso personal de quienes se han preparado acad\u00e9mica y profesionalmente y merecen tener un ingreso adecuado a todo su esfuerzo y capacitaci\u00f3n, porque parece que en lugar de alentar el progreso individual se quiera limitar ese crecimiento profesional que deber\u00eda redundar en mejores condiciones de vida e ingresos.<\/p>\n<p class=\"m_-7502060873931226697ydp6f5b08d5MsoNormal\">\n<\/div>\n<div><\/div>\n<div class=\"m_-7502060873931226697ydpa33732bdsignature\">\n<div>\n<div>\n<p class=\"m_-7502060873931226697ydp5d31470dMsoNormal\" align=\"center\">\n<\/div>\n<\/div>\n<\/div>\n<\/div>\n<\/div>\n<\/div>\n<\/div>\n<div class=\"yj6qo\"><\/div>\n<\/div>\n<div id=\":6x\" class=\"hq gt\">\n<div class=\"hp\"><\/div>\n<div id=\":6y\" class=\"ho\">\n<div class=\"aZi J-J5-Ji\">\n<div id=\":7a\" class=\"T-I J-J5-Ji aZj T-I-ax7 T-I-Js-IF L3\" tabindex=\"0\" role=\"button\" aria-label=\"Descargar todos los archivos adjuntos\" data-tooltip=\"Descargar todos los archivos adjuntos\" aria-disabled=\"false\">\n<div class=\"asa\">\n<div class=\"aZh T-I-J3 J-J5-Ji\"><\/div>\n<\/div>\n<div class=\"a3I\"><\/div>\n<\/div>\n<div id=\":7b\" class=\"T-I J-J5-Ji aZj T-I-ax7 T-I-Js-Gs L3\" tabindex=\"0\" role=\"button\" aria-label=\"Guardarlos todos en Drive\" aria-disabled=\"false\" data-tooltip=\"Guardarlos todos en Drive\">\n<div class=\"asa\">\n<div class=\"aZg T-I-J3 J-J5-Ji\">\n<div class=\"T-aT4\">\n<div><\/div>\n<div class=\"T-aT4-JX\"><\/div>\n<\/div>\n<\/div>\n<\/div>\n<div class=\"a3I\"><\/div>\n<\/div>\n<\/div>\n<\/div>\n<div id=\":70\"><\/div>\n<div id=\":6z\" class=\"aQH\">\n<div class=\"aZK\"><\/div>\n<\/div>\n<\/div>\n<div class=\"hi\"><\/div>\n<\/div>\n<\/div>\n","protected":false},"excerpt":{"rendered":"<p>Adri\u00e1n Chavarr\u00eda Espinosa ache57@yahoo.com.mx A\u00fan no hab\u00edan transcurrido los primeros 15 d\u00edas del nuevo gobierno federal, encabezado por Andr\u00e9s Manuel L\u00f3pez Obrador, que se ha denominado como la\u00a0Cuarta Transformaci\u00f3n\u00a0(4-T), y ya enfrenta problemas con diversos sectores por temas como la recompra de bonos del Nuevo Aeropuerto Internacional de M\u00e9xico, la disputa por la gubernatura de [&hellip;]<\/p>\n","protected":false},"author":3,"featured_media":27640,"comment_status":"open","ping_status":"open","sticky":false,"template":"","format":"standard","meta":{"footnotes":""},"categories":[23,9146,16],"tags":[],"class_list":{"0":"post-27639","1":"post","2":"type-post","3":"status-publish","4":"format-standard","5":"has-post-thumbnail","7":"category-columna","8":"category-economia","9":"category-foto"},"wps_subtitle":"","_links":{"self":[{"href":"https:\/\/www.porlalibreedomex.com\/index.php?rest_route=\/wp\/v2\/posts\/27639","targetHints":{"allow":["GET"]}}],"collection":[{"href":"https:\/\/www.porlalibreedomex.com\/index.php?rest_route=\/wp\/v2\/posts"}],"about":[{"href":"https:\/\/www.porlalibreedomex.com\/index.php?rest_route=\/wp\/v2\/types\/post"}],"author":[{"embeddable":true,"href":"https:\/\/www.porlalibreedomex.com\/index.php?rest_route=\/wp\/v2\/users\/3"}],"replies":[{"embeddable":true,"href":"https:\/\/www.porlalibreedomex.com\/index.php?rest_route=%2Fwp%2Fv2%2Fcomments&post=27639"}],"version-history":[{"count":1,"href":"https:\/\/www.porlalibreedomex.com\/index.php?rest_route=\/wp\/v2\/posts\/27639\/revisions"}],"predecessor-version":[{"id":27641,"href":"https:\/\/www.porlalibreedomex.com\/index.php?rest_route=\/wp\/v2\/posts\/27639\/revisions\/27641"}],"wp:featuredmedia":[{"embeddable":true,"href":"https:\/\/www.porlalibreedomex.com\/index.php?rest_route=\/wp\/v2\/media\/27640"}],"wp:attachment":[{"href":"https:\/\/www.porlalibreedomex.com\/index.php?rest_route=%2Fwp%2Fv2%2Fmedia&parent=27639"}],"wp:term":[{"taxonomy":"category","embeddable":true,"href":"https:\/\/www.porlalibreedomex.com\/index.php?rest_route=%2Fwp%2Fv2%2Fcategories&post=27639"},{"taxonomy":"post_tag","embeddable":true,"href":"https:\/\/www.porlalibreedomex.com\/index.php?rest_route=%2Fwp%2Fv2%2Ftags&post=27639"}],"curies":[{"name":"wp","href":"https:\/\/api.w.org\/{rel}","templated":true}]}}