{"id":27581,"date":"2018-12-13T00:46:23","date_gmt":"2018-12-13T06:46:23","guid":{"rendered":"http:\/\/www.porlalibreedomex.com\/?p=27581"},"modified":"2018-12-14T00:46:59","modified_gmt":"2018-12-14T06:46:59","slug":"certifica-records-guinness-que-el-arbol-de-la-vida-en-metepec-es-el-mas-grande-del-mundo","status":"publish","type":"post","link":"https:\/\/www.porlalibreedomex.com\/?p=27581","title":{"rendered":"CERTIFICA R\u00c9CORDS GUINNESS QUE EL \u00c1RBOL DE LA VIDA EN METEPEC ES EL M\u00c1S GRANDE DEL MUNDO"},"content":{"rendered":"<div><em>-La magna obra supera los nueve metros de altura.<\/em><\/div>\n<p>&nbsp;<\/p>\n<div><strong>Pueblo M\u00e1gico de Metepec, M\u00e9xico; 13 de diciembre de 2018<\/strong>. El presidente municipal, David L\u00f3pez C\u00e1rdenas, recibi\u00f3 el certificado de\u00a0<em>Guinness World Records<\/em>, que avala al \u201c\u00c1rbol de la Vida Monumental Metepec en la Historia\u201d, ubicado en el parque La Providencia, como la obra elaborada en barro m\u00e1s alta del mundo, al medir 9.18 metros desde donde termina la base hasta el punto m\u00e1s elevado.<a href=\"http:\/\/www.porlalibreedomex.com\/wp-content\/uploads\/2018\/12\/Metepec-M\u00e9xico-Certifica-R\u00e9cord-Guiness-\u00c1rbol-de-la-Vida-m\u00e1s-Grande-del-Mundo.jpg\"><img loading=\"lazy\" decoding=\"async\" class=\"aligncenter size-full wp-image-27584\" src=\"http:\/\/www.porlalibreedomex.com\/wp-content\/uploads\/2018\/12\/Metepec-M\u00e9xico-Certifica-R\u00e9cord-Guiness-\u00c1rbol-de-la-Vida-m\u00e1s-Grande-del-Mundo.jpg\" alt=\"\" width=\"734\" height=\"600\" srcset=\"https:\/\/www.porlalibreedomex.com\/wp-content\/uploads\/2018\/12\/Metepec-M\u00e9xico-Certifica-R\u00e9cord-Guiness-\u00c1rbol-de-la-Vida-m\u00e1s-Grande-del-Mundo.jpg 734w, https:\/\/www.porlalibreedomex.com\/wp-content\/uploads\/2018\/12\/Metepec-M\u00e9xico-Certifica-R\u00e9cord-Guiness-\u00c1rbol-de-la-Vida-m\u00e1s-Grande-del-Mundo-300x245.jpg 300w\" sizes=\"auto, (max-width: 734px) 100vw, 734px\" \/><\/a><br \/>\nPara ello, el coordinador del organismo internacional para M\u00e9xico y Latinoam\u00e9rica, Carlos Tapia Rojas, acompa\u00f1ado de t\u00e9cnicos y ante ciudadanos que se dieron cita en el lugar, se corrobor\u00f3 que la artesan\u00eda supera los 9 metros de altura; adem\u00e1s de verificar el material con el que se elabor\u00f3 la pieza, dando certeza del nuevo registro internacional.<br \/>\nLa magna obra, cuyo autor es el reconocido artesano metepequense, Claro Juan Carlos Nonato D\u00edaz, se integra de 9 mil 500 piezas y 20 placas alusivas a los elementos m\u00e1s representativos del Pueblo M\u00e1gico como la Tlanchana, El Calvario, la Parroquia de\u00a0 San Juan Bautista, entre otros, con un peso total de 11.8 toneladas.\u00a0<a href=\"http:\/\/www.porlalibreedomex.com\/wp-content\/uploads\/2018\/12\/La-medici\u00f3n-del-\u00c1rbol-de-la-Vida-m\u00e1s-alto-del-mundo-en-el-parque-La-Providencia-Metepec.jpg\"><img loading=\"lazy\" decoding=\"async\" class=\"aligncenter size-full wp-image-27585\" src=\"http:\/\/www.porlalibreedomex.com\/wp-content\/uploads\/2018\/12\/La-medici\u00f3n-del-\u00c1rbol-de-la-Vida-m\u00e1s-alto-del-mundo-en-el-parque-La-Providencia-Metepec.jpg\" alt=\"\" width=\"800\" height=\"533\" srcset=\"https:\/\/www.porlalibreedomex.com\/wp-content\/uploads\/2018\/12\/La-medici\u00f3n-del-\u00c1rbol-de-la-Vida-m\u00e1s-alto-del-mundo-en-el-parque-La-Providencia-Metepec.jpg 800w, https:\/\/www.porlalibreedomex.com\/wp-content\/uploads\/2018\/12\/La-medici\u00f3n-del-\u00c1rbol-de-la-Vida-m\u00e1s-alto-del-mundo-en-el-parque-La-Providencia-Metepec-300x200.jpg 300w, https:\/\/www.porlalibreedomex.com\/wp-content\/uploads\/2018\/12\/La-medici\u00f3n-del-\u00c1rbol-de-la-Vida-m\u00e1s-alto-del-mundo-en-el-parque-La-Providencia-Metepec-768x512.jpg 768w\" sizes=\"auto, (max-width: 800px) 100vw, 800px\" \/><\/a><br \/>\nEl alcalde destac\u00f3 el trabajo de la Direcci\u00f3n de Desarrollo Econ\u00f3mico, Tur\u00edstico y Artesanal del municipio por el seguimiento para la obtenci\u00f3n de este certificado y reconoci\u00f3 el talento de los artesanos metepequenses que, a trav\u00e9s de sus trabajos, fortalecen la identidad cultural de Metepec y record\u00f3 que la t\u00edpica artesan\u00eda ya ha sido inscrita al Patrimonio Cultural Inmaterial de M\u00e9xico.<br \/>\nCon esta nueva inscripci\u00f3n, Metepec cuenta con tres Records Guinness, sum\u00e1ndose a los obtenidos en a\u00f1os anteriores con la Cazuela de Barro \u00a0y el Taco de Plaza m\u00e1s grandes del mundo.<\/div>\n","protected":false},"excerpt":{"rendered":"<p>-La magna obra supera los nueve metros de altura. &nbsp; Pueblo M\u00e1gico de Metepec, M\u00e9xico; 13 de diciembre de 2018. El presidente municipal, David L\u00f3pez C\u00e1rdenas, recibi\u00f3 el certificado de\u00a0Guinness World Records, que avala al \u201c\u00c1rbol de la Vida Monumental Metepec en la Historia\u201d, ubicado en el parque La Providencia, como la obra elaborada en [&hellip;]<\/p>\n","protected":false},"author":3,"featured_media":27582,"comment_status":"open","ping_status":"open","sticky":false,"template":"","format":"standard","meta":{"footnotes":""},"categories":[9873,16,5],"tags":[445,2806,12965],"class_list":{"0":"post-27581","1":"post","2":"type-post","3":"status-publish","4":"format-standard","5":"has-post-thumbnail","7":"category-cultura","8":"category-foto","9":"category-nota-informativa","10":"tag-arbol-de-la-vida","11":"tag-david-lopez-cardenas","12":"tag-records-guinness"},"wps_subtitle":"\u00daLTIMO ACTO P\u00daBLICO DE DAVID L\u00d3PEZ C\u00c1RDENAS COMO ALCALDE, ANTES DE SU \u00daLTIMO INFORME","_links":{"self":[{"href":"https:\/\/www.porlalibreedomex.com\/index.php?rest_route=\/wp\/v2\/posts\/27581","targetHints":{"allow":["GET"]}}],"collection":[{"href":"https:\/\/www.porlalibreedomex.com\/index.php?rest_route=\/wp\/v2\/posts"}],"about":[{"href":"https:\/\/www.porlalibreedomex.com\/index.php?rest_route=\/wp\/v2\/types\/post"}],"author":[{"embeddable":true,"href":"https:\/\/www.porlalibreedomex.com\/index.php?rest_route=\/wp\/v2\/users\/3"}],"replies":[{"embeddable":true,"href":"https:\/\/www.porlalibreedomex.com\/index.php?rest_route=%2Fwp%2Fv2%2Fcomments&post=27581"}],"version-history":[{"count":2,"href":"https:\/\/www.porlalibreedomex.com\/index.php?rest_route=\/wp\/v2\/posts\/27581\/revisions"}],"predecessor-version":[{"id":27587,"href":"https:\/\/www.porlalibreedomex.com\/index.php?rest_route=\/wp\/v2\/posts\/27581\/revisions\/27587"}],"wp:featuredmedia":[{"embeddable":true,"href":"https:\/\/www.porlalibreedomex.com\/index.php?rest_route=\/wp\/v2\/media\/27582"}],"wp:attachment":[{"href":"https:\/\/www.porlalibreedomex.com\/index.php?rest_route=%2Fwp%2Fv2%2Fmedia&parent=27581"}],"wp:term":[{"taxonomy":"category","embeddable":true,"href":"https:\/\/www.porlalibreedomex.com\/index.php?rest_route=%2Fwp%2Fv2%2Fcategories&post=27581"},{"taxonomy":"post_tag","embeddable":true,"href":"https:\/\/www.porlalibreedomex.com\/index.php?rest_route=%2Fwp%2Fv2%2Ftags&post=27581"}],"curies":[{"name":"wp","href":"https:\/\/api.w.org\/{rel}","templated":true}]}}