{"id":27566,"date":"2018-12-13T23:59:24","date_gmt":"2018-12-14T05:59:24","guid":{"rendered":"http:\/\/www.porlalibreedomex.com\/?p=27566"},"modified":"2018-12-13T23:59:48","modified_gmt":"2018-12-14T05:59:48","slug":"asiste-alejandra-del-moral-vela-presidente-del-pri-edomex-a-toma-de-protesta-de-alcaldesa-de-ixtapaluca","status":"publish","type":"post","link":"https:\/\/www.porlalibreedomex.com\/?p=27566","title":{"rendered":"ASISTE ALEJANDRA DEL MORAL VELA, PRESIDENTA DEL PRI EDOM\u00c9X, A TOMA DE PROTESTA DE ALCALDESA DE IXTAPALUCA"},"content":{"rendered":"<p class=\"m_3626080393075216270m_-7805601486031640373gmail-MsoNormalCxSpMiddle\"><b>Ixtapaluca, Estado de M\u00e9xico<\/b>.- La Presidenta del Partido Revolucionario Institucional en el Estado de M\u00e9xico, Alejandra Del Moral Vela, asisti\u00f3 a la Toma de Protesta de Maricela Serrano Hern\u00e1ndez, como Presidenta Municipal de Ixtapaluca; acto encabezado por el Gobernador Alfredo Del Mazo Maza.<\/p>\n<p class=\"m_3626080393075216270m_-7805601486031640373gmail-MsoNormalCxSpMiddle\"><a href=\"http:\/\/www.porlalibreedomex.com\/wp-content\/uploads\/2018\/12\/AMV-EN-TOMA-DE-PROTESTA-IXTAPALUCA-2.jpg\"><img loading=\"lazy\" decoding=\"async\" class=\"aligncenter size-large wp-image-27568\" src=\"http:\/\/www.porlalibreedomex.com\/wp-content\/uploads\/2018\/12\/AMV-EN-TOMA-DE-PROTESTA-IXTAPALUCA-2-1024x576.jpg\" alt=\"\" width=\"800\" height=\"450\" srcset=\"https:\/\/www.porlalibreedomex.com\/wp-content\/uploads\/2018\/12\/AMV-EN-TOMA-DE-PROTESTA-IXTAPALUCA-2-1024x576.jpg 1024w, https:\/\/www.porlalibreedomex.com\/wp-content\/uploads\/2018\/12\/AMV-EN-TOMA-DE-PROTESTA-IXTAPALUCA-2-300x169.jpg 300w, https:\/\/www.porlalibreedomex.com\/wp-content\/uploads\/2018\/12\/AMV-EN-TOMA-DE-PROTESTA-IXTAPALUCA-2-768x432.jpg 768w, https:\/\/www.porlalibreedomex.com\/wp-content\/uploads\/2018\/12\/AMV-EN-TOMA-DE-PROTESTA-IXTAPALUCA-2.jpg 1280w\" sizes=\"auto, (max-width: 800px) 100vw, 800px\" \/><\/a><\/p>\n<p class=\"m_3626080393075216270m_-7805601486031640373gmail-MsoNormalCxSpMiddle\">La dirigente estatal exhort\u00f3 al nuevo Ayuntamiento a fortalecer el trabajo realizado hasta ahora por las autoridades municipales, con el \u00fanico prop\u00f3sito de velar por los intereses de los ciudadanos de Ixtapaluca, y que contar\u00e1, dijo, con el apoyo del Comit\u00e9 Directivo Estatal del PRI para el cumplimiento de este objetivo.<\/p>\n","protected":false},"excerpt":{"rendered":"<p>Ixtapaluca, Estado de M\u00e9xico.- La Presidenta del Partido Revolucionario Institucional en el Estado de M\u00e9xico, Alejandra Del Moral Vela, asisti\u00f3 a la Toma de Protesta de Maricela Serrano Hern\u00e1ndez, como Presidenta Municipal de Ixtapaluca; acto encabezado por el Gobernador Alfredo Del Mazo Maza. La dirigente estatal exhort\u00f3 al nuevo Ayuntamiento a fortalecer el trabajo realizado [&hellip;]<\/p>\n","protected":false},"author":3,"featured_media":27567,"comment_status":"open","ping_status":"open","sticky":false,"template":"","format":"standard","meta":{"footnotes":""},"categories":[16,9150],"tags":[12961,1462,12962,707],"class_list":{"0":"post-27566","1":"post","2":"type-post","3":"status-publish","4":"format-standard","5":"has-post-thumbnail","7":"category-foto","8":"category-politica","9":"tag-alcaldesa-alejandra-del-moral-vela","10":"tag-maricela-serrano","11":"tag-presidenta-de-pri-edomex","12":"tag-toma-de-protesta"},"wps_subtitle":"","_links":{"self":[{"href":"https:\/\/www.porlalibreedomex.com\/index.php?rest_route=\/wp\/v2\/posts\/27566","targetHints":{"allow":["GET"]}}],"collection":[{"href":"https:\/\/www.porlalibreedomex.com\/index.php?rest_route=\/wp\/v2\/posts"}],"about":[{"href":"https:\/\/www.porlalibreedomex.com\/index.php?rest_route=\/wp\/v2\/types\/post"}],"author":[{"embeddable":true,"href":"https:\/\/www.porlalibreedomex.com\/index.php?rest_route=\/wp\/v2\/users\/3"}],"replies":[{"embeddable":true,"href":"https:\/\/www.porlalibreedomex.com\/index.php?rest_route=%2Fwp%2Fv2%2Fcomments&post=27566"}],"version-history":[{"count":2,"href":"https:\/\/www.porlalibreedomex.com\/index.php?rest_route=\/wp\/v2\/posts\/27566\/revisions"}],"predecessor-version":[{"id":27570,"href":"https:\/\/www.porlalibreedomex.com\/index.php?rest_route=\/wp\/v2\/posts\/27566\/revisions\/27570"}],"wp:featuredmedia":[{"embeddable":true,"href":"https:\/\/www.porlalibreedomex.com\/index.php?rest_route=\/wp\/v2\/media\/27567"}],"wp:attachment":[{"href":"https:\/\/www.porlalibreedomex.com\/index.php?rest_route=%2Fwp%2Fv2%2Fmedia&parent=27566"}],"wp:term":[{"taxonomy":"category","embeddable":true,"href":"https:\/\/www.porlalibreedomex.com\/index.php?rest_route=%2Fwp%2Fv2%2Fcategories&post=27566"},{"taxonomy":"post_tag","embeddable":true,"href":"https:\/\/www.porlalibreedomex.com\/index.php?rest_route=%2Fwp%2Fv2%2Ftags&post=27566"}],"curies":[{"name":"wp","href":"https:\/\/api.w.org\/{rel}","templated":true}]}}