{"id":27494,"date":"2018-12-11T22:14:31","date_gmt":"2018-12-12T04:14:31","guid":{"rendered":"http:\/\/www.porlalibreedomex.com\/?p=27494"},"modified":"2018-12-11T22:14:31","modified_gmt":"2018-12-12T04:14:31","slug":"segundo-aniversario-de-la-creacion-de-la-fiscalia-general-de-justicia-mexiquense","status":"publish","type":"post","link":"https:\/\/www.porlalibreedomex.com\/?p=27494","title":{"rendered":"SEGUNDO ANIVERSARIO DE LA CREACI\u00d3N DE LA FISCAL\u00cdA GENERAL DE JUSTICIA MEXIQUENSE"},"content":{"rendered":"<p>&nbsp;<\/p>\n<p><strong>Toluca, M\u00e9xico, 11 de diciembre de 2018.-<\/strong> En un evento realizado en este municipio, fue conmemorado el segundo aniversario de la creaci\u00f3n de la Fiscal\u00eda General de Justicia del Estado de M\u00e9xico (FGJEM), adem\u00e1s fueron entregados reconocimientos a 400 servidores p\u00fablicos de la Instituci\u00f3n por su destacada labor durante este 2018.<\/p>\n<p>\u200bAlejandro G\u00f3mez S\u00e1nchez, Fiscal General mexiquense encabez\u00f3 este evento y agradeci\u00f3 a los servidores p\u00fablicos que laboran en esta Instituci\u00f3n por el esfuerzo, valent\u00eda, profesionalismo y entrega con el que laboran d\u00eda con d\u00eda.<\/p>\n<p>\u200bDurante la conmemoraci\u00f3n, G\u00f3mez S\u00e1nchez quien estuvo acompa\u00f1ado por Enrique Dena Salgado, General de Brigada de Diplomado Mayor; Jes\u00fas Canchola, Contraalmirante de Infanter\u00eda Diplomado del Estado Mayor; Jacqueline Garc\u00eda V\u00e1zquez, Presidenta del Consejo Ciudadano de Seguridad P\u00fablica; Palem\u00f3n Jaime Salazar Hern\u00e1ndez, Magistrado Consejero del Poder Judicial del Estado de M\u00e9xico; Eriko Flores P\u00e9rez, Secretario T\u00e9cnico de Gabinete; y Raymundo Balboa, Jefe de Oficina del Gobernador, explic\u00f3 que fue elegido el d\u00eda 10 de diciembre de cada a\u00f1o para hacerlo d\u00eda de la Fiscal\u00eda del Estado de M\u00e9xico, ya que fue el d\u00eda en que entr\u00f3 en vigor la Ley de esta Instituci\u00f3n.<a href=\"http:\/\/www.porlalibreedomex.com\/wp-content\/uploads\/2018\/12\/WhatsApp-Image-2018-12-11-at-4.15.44-PM.jpeg\"><img loading=\"lazy\" decoding=\"async\" class=\"aligncenter size-large wp-image-27495\" src=\"http:\/\/www.porlalibreedomex.com\/wp-content\/uploads\/2018\/12\/WhatsApp-Image-2018-12-11-at-4.15.44-PM-1024x672.jpeg\" alt=\"\" width=\"800\" height=\"525\" srcset=\"https:\/\/www.porlalibreedomex.com\/wp-content\/uploads\/2018\/12\/WhatsApp-Image-2018-12-11-at-4.15.44-PM-1024x672.jpeg 1024w, https:\/\/www.porlalibreedomex.com\/wp-content\/uploads\/2018\/12\/WhatsApp-Image-2018-12-11-at-4.15.44-PM-300x197.jpeg 300w, https:\/\/www.porlalibreedomex.com\/wp-content\/uploads\/2018\/12\/WhatsApp-Image-2018-12-11-at-4.15.44-PM-768x504.jpeg 768w, https:\/\/www.porlalibreedomex.com\/wp-content\/uploads\/2018\/12\/WhatsApp-Image-2018-12-11-at-4.15.44-PM.jpeg 1280w\" sizes=\"auto, (max-width: 800px) 100vw, 800px\" \/><\/a><\/p>\n<p>\u200b\u201cEste es nuestro segundo a\u00f1o como Fiscal\u00eda General de Justicia del Estado de M\u00e9xico, como \u00f3rgano constitucional aut\u00f3nomo del poder ejecutivo y nos hemos podido consolidar por su trabajo y por su dedicaci\u00f3n, porque ante los retos que hemos enfrentado ustedes han dejado patente el gran compromiso que tienen con esta Instituci\u00f3n, con sus compa\u00f1eros de trabajo, con sus familias y con todas las personas que habitan este estado\u201d, dijo G\u00f3mez S\u00e1nchez a los servidores p\u00fablicos reconocidos por su labor.<\/p>\n<p>\u200bEl Fiscal mexiquense reconoci\u00f3 el trabajo tanto de Ministerios P\u00fablicos, Agentes de la Polic\u00eda de Investigaci\u00f3n, Peritos y personal administrativo de la FGJEM a quienes pidi\u00f3 que redoblen los esfuerzos para traer un clima de paz a los mexiquenses.<\/p>\n<p>\u200b\u201cSi todav\u00eda queda alguien por ah\u00ed que a\u00fan duda que somos la Fiscal\u00eda General de Justicia m\u00e1s operativa del pa\u00eds, si alguien todav\u00eda se pregunta si podemos dar la batalla y salir victoriosos, si alguien se cuestiona si somos la mejor Fiscal\u00eda de todo M\u00e9xico, ustedes son la respuesta. Ustedes y la pasi\u00f3n, profesionalismo y dedicaci\u00f3n con la que realizan su trabajo diariamente son la respuesta a esas preguntas: somos la mejor Fiscal\u00eda de este pa\u00eds\u201d.<\/p>\n<p>\u200b\u201cNuestro paso por esta Instituci\u00f3n estar\u00e1 marcado por nuestra decisi\u00f3n de hacer las cosas diferentes para destacarnos del resto y espero que esa entrega y pasi\u00f3n con la que desempe\u00f1amos nuestro trabajo pueda contagiarse con nuestros compa\u00f1eros y que el a\u00f1o entrante sean mucho m\u00e1s los que estemos en esta ceremonia\u201d, agreg\u00f3.<\/p>\n<p>\u200bDe igual forma record\u00f3 que durante este 2018 varios nombres de servidores p\u00fablicos de la FGJEM fueron incorporados al Muro de Honor, mismos que ser\u00e1n recordaros por su dedicaci\u00f3n y trabajo.<br \/>\n\u200bEn su oportunidad, Omar Agust\u00edn Hern\u00e1ndez Heredia, uno de los galardonados, exhort\u00f3 a los servidores p\u00fablicos de la Instituci\u00f3n a continuar con su buen desempe\u00f1o, y su labor profesional y eficaz misma que requiere la Fiscal\u00eda General de Justicia mexiquense.<\/p>\n<p>\u200b\u201cTenemos que redoblar esfuerzos para seguir avanzando en los objetivos principales de la procuraci\u00f3n de justicia, que es conducirnos con eficacia, honradez, imparcialidad, legalidad, objetividad, profesionalismo, respeto a los derechos humanos y perspectiva de g\u00e9nero\u201d.<\/p>\n","protected":false},"excerpt":{"rendered":"<p>&nbsp; Toluca, M\u00e9xico, 11 de diciembre de 2018.- En un evento realizado en este municipio, fue conmemorado el segundo aniversario de la creaci\u00f3n de la Fiscal\u00eda General de Justicia del Estado de M\u00e9xico (FGJEM), adem\u00e1s fueron entregados reconocimientos a 400 servidores p\u00fablicos de la Instituci\u00f3n por su destacada labor durante este 2018. \u200bAlejandro G\u00f3mez S\u00e1nchez, [&hellip;]<\/p>\n","protected":false},"author":3,"featured_media":27496,"comment_status":"open","ping_status":"open","sticky":false,"template":"","format":"standard","meta":{"footnotes":""},"categories":[16,9149],"tags":[698,12928,12929],"class_list":{"0":"post-27494","1":"post","2":"type-post","3":"status-publish","4":"format-standard","5":"has-post-thumbnail","7":"category-foto","8":"category-policiaca","9":"tag-alejandro-jaime-gomez","10":"tag-dos-anos-de-la-fiscalia-mexiquense","11":"tag-reconocimientos-fiscfalia-edomex"},"wps_subtitle":"Se entregaron reconocimientos a 400 servidores p\u00fablicos por su destacada labor durante 2018","_links":{"self":[{"href":"https:\/\/www.porlalibreedomex.com\/index.php?rest_route=\/wp\/v2\/posts\/27494","targetHints":{"allow":["GET"]}}],"collection":[{"href":"https:\/\/www.porlalibreedomex.com\/index.php?rest_route=\/wp\/v2\/posts"}],"about":[{"href":"https:\/\/www.porlalibreedomex.com\/index.php?rest_route=\/wp\/v2\/types\/post"}],"author":[{"embeddable":true,"href":"https:\/\/www.porlalibreedomex.com\/index.php?rest_route=\/wp\/v2\/users\/3"}],"replies":[{"embeddable":true,"href":"https:\/\/www.porlalibreedomex.com\/index.php?rest_route=%2Fwp%2Fv2%2Fcomments&post=27494"}],"version-history":[{"count":1,"href":"https:\/\/www.porlalibreedomex.com\/index.php?rest_route=\/wp\/v2\/posts\/27494\/revisions"}],"predecessor-version":[{"id":27497,"href":"https:\/\/www.porlalibreedomex.com\/index.php?rest_route=\/wp\/v2\/posts\/27494\/revisions\/27497"}],"wp:featuredmedia":[{"embeddable":true,"href":"https:\/\/www.porlalibreedomex.com\/index.php?rest_route=\/wp\/v2\/media\/27496"}],"wp:attachment":[{"href":"https:\/\/www.porlalibreedomex.com\/index.php?rest_route=%2Fwp%2Fv2%2Fmedia&parent=27494"}],"wp:term":[{"taxonomy":"category","embeddable":true,"href":"https:\/\/www.porlalibreedomex.com\/index.php?rest_route=%2Fwp%2Fv2%2Fcategories&post=27494"},{"taxonomy":"post_tag","embeddable":true,"href":"https:\/\/www.porlalibreedomex.com\/index.php?rest_route=%2Fwp%2Fv2%2Ftags&post=27494"}],"curies":[{"name":"wp","href":"https:\/\/api.w.org\/{rel}","templated":true}]}}