{"id":26898,"date":"2018-11-18T20:44:26","date_gmt":"2018-11-19T02:44:26","guid":{"rendered":"http:\/\/www.porlalibreedomex.com\/?p=26898"},"modified":"2018-11-18T20:54:09","modified_gmt":"2018-11-19T02:54:09","slug":"alebrijes-en-cuadratines-_-crisis-en-partidos-politicos","status":"publish","type":"post","link":"https:\/\/www.porlalibreedomex.com\/?p=26898","title":{"rendered":"Alebrijes en Cuadratines _ Crisis en partidos pol\u00edticos"},"content":{"rendered":"<div>\n<p class=\"m_9213427031173297302ydpf01fed08MsoNormal\"><strong>Adri\u00e1n Chavarr\u00eda Espinosa<\/strong><\/p>\n<p class=\"m_9213427031173297302ydpf01fed08MsoNormal\" align=\"right\"><strong><span class=\"m_9213427031173297302ydpf01fed08MsoHyperlink\"><a href=\"mailto:ache57@yahoo.com.mx\" target=\"_blank\" rel=\"nofollow noopener\">ache57@yahoo.com.mx<\/a><\/span><\/strong><\/p>\n<p class=\"m_9213427031173297302ydpf01fed08MsoNormal\"><strong>T<\/strong>ras el proceso electoral del pasado 1 de julio, el panorama pol\u00edtico en M\u00e9xico se reconfigur\u00f3, donde Morena se ubic\u00f3 como la principal fuerza pol\u00edtica, mientras que el Partido del Trabajo se colg\u00f3 como parte de la coalici\u00f3n\u00a0<i>Juntos Haremos Historia<\/i>, con lo cual super\u00f3 el riesgo de perder el registro, mientras que al Partido Encuentro Social no le funcion\u00f3 esa uni\u00f3n y sin lograrse mantenerse como un partido v\u00e1lido.<\/p>\n<p class=\"m_9213427031173297302ydpf01fed08MsoNormal\">\u00a0\u00a0\u00a0\u00a0\u00a0\u00a0\u00a0\u00a0\u00a0\u00a0\u00a0 En el caso de los partidos calificados como tradicionales, que en alg\u00fan momento de la historia del pa\u00eds han detentado, en mayor o menor medida, con alg\u00fan tipo de poder o gobierno de importancia, ya sea la presidencia de la rep\u00fablica, en los gobiernos estatales, como mayor\u00eda en el congreso federal o en los locales, resultaron ser los perdedores.<\/p>\n<p class=\"m_9213427031173297302ydpf01fed08MsoNormal\">\u00a0\u00a0\u00a0\u00a0\u00a0\u00a0\u00a0\u00a0\u00a0\u00a0\u00a0 Me refiero en concreto a los partidos Revolucionario Institucional, Acci\u00f3n Nacional y de la Revoluci\u00f3n Democr\u00e1tica, ya que otros como Movimiento Ciudadano lograron tener algunas victorias que evitaron enfrentar una derrota absoluta o, en el caso del Partido Verde Ecologista de M\u00e9xico, quien ante los fracasos de sus aliados ya cambi\u00f3 de bando y ahora anunci\u00f3 que respaldar\u00e1 a Morena en todos sus futuros proyectos.<\/p>\n<p class=\"m_9213427031173297302ydpf01fed08MsoNormal\">\u00a0\u00a0\u00a0\u00a0\u00a0\u00a0\u00a0\u00a0\u00a0\u00a0\u00a0 Debe recordarse que el Verde integr\u00f3 la alianza\u00a0<i>Todos por M\u00e9xico<\/i>\u00a0junto con el PRI y Nueva Alianza, tal como sucedi\u00f3 antes cuando se mantuvo coaligado con el PAN en sus momentos de victoria, pero al perder se ali\u00f3 con el entonces partido ganador, el PRI: es decir que se mantiene en alianza con qui\u00e9n m\u00e1s le conviene m\u00e1s por inter\u00e9s que por convicciones con quienes est\u00e9n dispuestos a compartirles parte del poder.<\/p>\n<p class=\"m_9213427031173297302ydpf01fed08MsoNormal\">\u00a0\u00a0\u00a0\u00a0\u00a0\u00a0\u00a0\u00a0\u00a0\u00a0\u00a0 Los dem\u00e1s partidos, ahora de oposici\u00f3n han entrado en crisis que, en mayor o menor grado ponen en riesgo su futuro.<\/p>\n<p class=\"m_9213427031173297302ydpf01fed08MsoNormal\">\u00a0\u00a0\u00a0\u00a0\u00a0\u00a0\u00a0\u00a0\u00a0\u00a0\u00a0 Por ejemplo, en el PRD, quienes continuaban en sus filas tras la salida de aquellos que prefirieron seguir a L\u00f3pez Obrador en Morena, ahora analizan qu\u00e9 hacer: si se quedan con el mismo nombre y estructura o deciden mejor realizar una transformaci\u00f3n a fondo para cambiarle hasta la denominaci\u00f3n.<\/p>\n<p class=\"m_9213427031173297302ydpf01fed08MsoNormal\">\u00a0\u00a0\u00a0\u00a0\u00a0\u00a0\u00a0\u00a0\u00a0\u00a0\u00a0 Sin duda el partido del Sol Azteca fue quien perdi\u00f3 m\u00e1s, al grado de que en el senado apenas tiene cinco representantes y de darse una deserci\u00f3n y renuncie uno de ellos, entonces perder\u00eda los beneficios de ser una fracci\u00f3n pol\u00edtica. Con ellos se debe esperar a ver qu\u00e9 conclusiones llegan en sus diferentes reuniones y congresos para poder anticipar lo que les deparar\u00eda el futuro,<\/p>\n<p class=\"m_9213427031173297302ydpf01fed08MsoNormal\">\u00a0\u00a0\u00a0\u00a0\u00a0\u00a0\u00a0\u00a0\u00a0\u00a0\u00a0 En el caso del PAN, aunque aparentemente se mantiene unido, sus problemas interiores iniciaron desde que Ricardo Anaya se apoder\u00f3 del partido, primero para colocarse como candidato presidencial y, despu\u00e9s, al establecer la alianza\u00a0<i>Por M\u00e9xico al Frente<\/i>, con el PRD y Movimiento Ciudadano.<\/p>\n<p class=\"m_9213427031173297302ydpf01fed08MsoNormal\">\u00a0\u00a0\u00a0\u00a0\u00a0\u00a0\u00a0\u00a0\u00a0\u00a0\u00a0 Para alcanzar su candidatura presidencial anul\u00f3 un posible proceso interno de selecci\u00f3n con lo cual margin\u00f3 a Margarita Zavala, quien prefiri\u00f3 mejor postularse como candidata independiente, aunque no tuvo el respaldo esperado y finalmente decidi\u00f3 cancelar su campa\u00f1a y no llegar a la jornada electoral.<\/p>\n<p class=\"m_9213427031173297302ydpf01fed08MsoNormal\">\u00a0\u00a0\u00a0\u00a0\u00a0\u00a0\u00a0\u00a0\u00a0\u00a0\u00a0 En d\u00edas pasados se desarroll\u00f3 el proceso para elegir al nuevo presidente nacional, donde el ganador fue el exdiputado Marko Cort\u00e9s, resultado que en lugar de generar unidad provoc\u00f3 una mayor divisi\u00f3n, donde lo m\u00e1s destacado fue la renuncia al partido del expresidente Felipe Calder\u00f3n Hinojosa, quien anunci\u00f3 su proyecto de impulsar, junto con su esposa Margarita Zavala, la creaci\u00f3n de un nuevo partido pol\u00edtico,<\/p>\n<p class=\"m_9213427031173297302ydpf01fed08MsoNormal\">\u00a0\u00a0\u00a0\u00a0\u00a0\u00a0\u00a0\u00a0\u00a0\u00a0\u00a0 Sin embargo, aunque no es la primera vez que se registra una escisi\u00f3n en las filas panistas el partido pol\u00edtico m\u00e1s antiguo siempre se mantuvo firme, pero ahora la divisi\u00f3n es m\u00e1s sensible y se podr\u00eda anticipar que de concretarse la nueva organizaci\u00f3n pol\u00edtica, la militancia clasificada en la derecha mexicana no resultar\u00eda suficiente para respaldar a los dos partidos y perder\u00eda representatividad.<\/p>\n<p class=\"m_9213427031173297302ydpf01fed08MsoNormal\">\u00a0\u00a0\u00a0\u00a0\u00a0\u00a0\u00a0\u00a0\u00a0\u00a0\u00a0 Por \u00faltimo, en el caso del PRI su derrota resulto sensible y dif\u00edcil, ya que adem\u00e1s de la derrota en las urnas tambi\u00e9n enfrenta un gran descredito ante los procesos penales de varios de sus militantes como lo son los exgobernadores de Veracruz y Chihuahua, Javier y C\u00e9sar Duarte, as\u00ed como la baja popularidad que registra el presidente Enrique Pe\u00f1a Nieto.<\/p>\n<p class=\"m_9213427031173297302ydpf01fed08MsoNormal\">\u00a0\u00a0\u00a0\u00a0\u00a0\u00a0\u00a0\u00a0\u00a0\u00a0\u00a0 Si el PRI quiere resurgir deber\u00e1 trabajar muy duro, en especial depurar su militancia, separar a quienes han utilizado al partido para su beneficio personal mediante actividades il\u00edcitas, tener un verdadero acercamiento con la ciudadan\u00eda en general y con los diferentes sectores sociales en particular a fin de abanderar las causas populares y defenderlas ante las otras corrientes pol\u00edticas.<\/p>\n<p class=\"m_9213427031173297302ydpf01fed08MsoNormal\">\u00a0\u00a0\u00a0\u00a0\u00a0\u00a0\u00a0\u00a0\u00a0\u00a0\u00a0 En fin, los partidos pol\u00edtica que en realidad quieren trascender y tener representatividad, deber\u00e1n reconocer y afrontar las nuevas condiciones, aprender a superar la adversidad para, en verdad comportarse como una oposici\u00f3n responsable y preparada para pelear para en el futuro aspirar a ser mayor\u00eda.<\/p>\n<p class=\"m_9213427031173297302ydpf01fed08MsoNormal\">\n<\/div>\n<div><\/div>\n<div class=\"m_9213427031173297302ydpb2b44d67signature\">\n<div>\n<div><\/div>\n<div><\/div>\n<\/div>\n<\/div>\n","protected":false},"excerpt":{"rendered":"<p>Adri\u00e1n Chavarr\u00eda Espinosa ache57@yahoo.com.mx Tras el proceso electoral del pasado 1 de julio, el panorama pol\u00edtico en M\u00e9xico se reconfigur\u00f3, donde Morena se ubic\u00f3 como la principal fuerza pol\u00edtica, mientras que el Partido del Trabajo se colg\u00f3 como parte de la coalici\u00f3n\u00a0Juntos Haremos Historia, con lo cual super\u00f3 el riesgo de perder el registro, mientras [&hellip;]<\/p>\n","protected":false},"author":3,"featured_media":0,"comment_status":"open","ping_status":"open","sticky":false,"template":"","format":"standard","meta":{"footnotes":""},"categories":[1107,23,9150],"tags":[],"class_list":{"0":"post-26898","1":"post","2":"type-post","3":"status-publish","4":"format-standard","6":"category-articulo","7":"category-columna","8":"category-politica"},"wps_subtitle":"","_links":{"self":[{"href":"https:\/\/www.porlalibreedomex.com\/index.php?rest_route=\/wp\/v2\/posts\/26898","targetHints":{"allow":["GET"]}}],"collection":[{"href":"https:\/\/www.porlalibreedomex.com\/index.php?rest_route=\/wp\/v2\/posts"}],"about":[{"href":"https:\/\/www.porlalibreedomex.com\/index.php?rest_route=\/wp\/v2\/types\/post"}],"author":[{"embeddable":true,"href":"https:\/\/www.porlalibreedomex.com\/index.php?rest_route=\/wp\/v2\/users\/3"}],"replies":[{"embeddable":true,"href":"https:\/\/www.porlalibreedomex.com\/index.php?rest_route=%2Fwp%2Fv2%2Fcomments&post=26898"}],"version-history":[{"count":3,"href":"https:\/\/www.porlalibreedomex.com\/index.php?rest_route=\/wp\/v2\/posts\/26898\/revisions"}],"predecessor-version":[{"id":26901,"href":"https:\/\/www.porlalibreedomex.com\/index.php?rest_route=\/wp\/v2\/posts\/26898\/revisions\/26901"}],"wp:attachment":[{"href":"https:\/\/www.porlalibreedomex.com\/index.php?rest_route=%2Fwp%2Fv2%2Fmedia&parent=26898"}],"wp:term":[{"taxonomy":"category","embeddable":true,"href":"https:\/\/www.porlalibreedomex.com\/index.php?rest_route=%2Fwp%2Fv2%2Fcategories&post=26898"},{"taxonomy":"post_tag","embeddable":true,"href":"https:\/\/www.porlalibreedomex.com\/index.php?rest_route=%2Fwp%2Fv2%2Ftags&post=26898"}],"curies":[{"name":"wp","href":"https:\/\/api.w.org\/{rel}","templated":true}]}}