{"id":26840,"date":"2018-11-12T00:57:33","date_gmt":"2018-11-12T06:57:33","guid":{"rendered":"http:\/\/www.porlalibreedomex.com\/?p=26840"},"modified":"2018-11-13T00:58:01","modified_gmt":"2018-11-13T06:58:01","slug":"alcanza-gobierno-de-metepec-mexico-certificacion-internacional-de-su-policia","status":"publish","type":"post","link":"https:\/\/www.porlalibreedomex.com\/?p=26840","title":{"rendered":"ALCANZA GOBIERNO DE METEPEC, M\u00c9XICO, CERTIFICACI\u00d3N INTERNACIONAL DE SU POLIC\u00cdA"},"content":{"rendered":"<p>&nbsp;<\/p>\n<ul>\n<li><em> M\u00e1s de 46 evaluaciones sobresalientes de la gesti\u00f3n.<\/em><\/li>\n<\/ul>\n<p><em>\u00a0<\/em><\/p>\n<p><strong>Ciudad de M\u00e9xico; 12 de noviembre de 2018.\u00a0<\/strong>A unos d\u00edas de culminar la administraci\u00f3n de Metepec, el alcalde David L\u00f3pez C\u00e1rdenas, rubrica exitosamente su gesti\u00f3n municipal tras acreditar la eficiencia de procedimientos de la Direcci\u00f3n de Seguridad P\u00fablica y Tr\u00e1nsito Municipal con Norma Internacional de Operaciones Policiales, cubriendo con ello el \u00fanico compromiso faltante para un cumplimiento total de su oferta pol\u00edtica, todo en favor de la ciudadan\u00eda.<a href=\"http:\/\/www.porlalibreedomex.com\/wp-content\/uploads\/2018\/11\/Metepec-M\u00e9xico-El-Consejo-Internacional-de-CALEA.jpg\"><img loading=\"lazy\" decoding=\"async\" class=\"aligncenter size-full wp-image-26844\" src=\"http:\/\/www.porlalibreedomex.com\/wp-content\/uploads\/2018\/11\/Metepec-M\u00e9xico-El-Consejo-Internacional-de-CALEA.jpg\" alt=\"\" width=\"800\" height=\"533\" srcset=\"https:\/\/www.porlalibreedomex.com\/wp-content\/uploads\/2018\/11\/Metepec-M\u00e9xico-El-Consejo-Internacional-de-CALEA.jpg 800w, https:\/\/www.porlalibreedomex.com\/wp-content\/uploads\/2018\/11\/Metepec-M\u00e9xico-El-Consejo-Internacional-de-CALEA-300x200.jpg 300w, https:\/\/www.porlalibreedomex.com\/wp-content\/uploads\/2018\/11\/Metepec-M\u00e9xico-El-Consejo-Internacional-de-CALEA-768x512.jpg 768w\" sizes=\"auto, (max-width: 800px) 100vw, 800px\" \/><\/a><\/p>\n<p>La Comisi\u00f3n de Acreditaci\u00f3n para Agencias de Aplicaci\u00f3n de la Ley, CALEA \u2013por sus siglas en ingl\u00e9s-, aval\u00f3 la atenci\u00f3n de est\u00e1ndares de cumplimiento de un modelo de gesti\u00f3n sobre eficiencia de recursos y aplicaci\u00f3n de acciones en toda la corporaci\u00f3n de la polic\u00eda municipal, proceso que tuvo duraci\u00f3n tres a\u00f1os, tiempo requerido por la exigencia y evaluaci\u00f3n permanente de indicadores.<\/p>\n<p>En la ceremonia de acreditaci\u00f3n avalado por el gobierno de Estados Unidos, en este caso, a trav\u00e9s de la Embajada en M\u00e9xico, el presidente municipal David L\u00f3pez, recibi\u00f3 junto con el titular de la dependencia encargada de resguardar el orden y la seguridad de los metepequenses, Jes\u00fas Alberto Ram\u00edrez Manzur y el equipo de trabajo, la distinci\u00f3n que s\u00f3lo dos demarcaciones en la entidad ostentan, aunque es la de Metepec con mayor cobertura por la amplitud de \u00e1reas internas evaluadas<\/p>\n<p>CALEA, organizaci\u00f3n mundial avalada para acreditar temas de seguridad p\u00fablica en diversas organizaciones e instituciones, ratifica a Metepec por prestaci\u00f3n de servicios adecuados, mantenimiento y aplicaci\u00f3n de normas y en general, reconoce excelencia profesional de la corporaci\u00f3n.<\/p>\n<figure id=\"attachment_26843\" aria-describedby=\"caption-attachment-26843\" style=\"width: 711px\" class=\"wp-caption aligncenter\"><a href=\"http:\/\/www.porlalibreedomex.com\/wp-content\/uploads\/2018\/11\/Metepec-M\u00e9xico-Polic\u00edas-Certificados.jpg\"><img loading=\"lazy\" decoding=\"async\" class=\"size-full wp-image-26843\" src=\"http:\/\/www.porlalibreedomex.com\/wp-content\/uploads\/2018\/11\/Metepec-M\u00e9xico-Polic\u00edas-Certificados.jpg\" alt=\"\" width=\"711\" height=\"432\" srcset=\"https:\/\/www.porlalibreedomex.com\/wp-content\/uploads\/2018\/11\/Metepec-M\u00e9xico-Polic\u00edas-Certificados.jpg 711w, https:\/\/www.porlalibreedomex.com\/wp-content\/uploads\/2018\/11\/Metepec-M\u00e9xico-Polic\u00edas-Certificados-300x182.jpg 300w\" sizes=\"auto, (max-width: 711px) 100vw, 711px\" \/><\/a><figcaption id=\"caption-attachment-26843\" class=\"wp-caption-text\">LOS POLIC\u00cdAS CERTIFICADOS<\/figcaption><\/figure>\n<p>Cabe se\u00f1alar que tras exhaustivos ex\u00e1menes realizados al interior de la dependencia, as\u00ed como observaci\u00f3n y seguimiento permanente por casi tres a\u00f1os, el pasado mes de septiembre se dio un paso importante para la consecuci\u00f3n del logro, luego de plantear en sitio, el avance del procedimiento por parte de una Comisi\u00f3n externa de personal de CALEA.<a href=\"http:\/\/www.porlalibreedomex.com\/wp-content\/uploads\/2018\/11\/Metepec-M\u00e9xico-el-alcalde-David-L\u00f3pez-muestra-la-Certificaci\u00f3n-Internacional-e1542092110508.jpg\"><img loading=\"lazy\" decoding=\"async\" class=\"alignright size-full wp-image-26842\" src=\"http:\/\/www.porlalibreedomex.com\/wp-content\/uploads\/2018\/11\/Metepec-M\u00e9xico-el-alcalde-David-L\u00f3pez-muestra-la-Certificaci\u00f3n-Internacional-e1542092110508.jpg\" alt=\"\" width=\"358\" height=\"500\" srcset=\"https:\/\/www.porlalibreedomex.com\/wp-content\/uploads\/2018\/11\/Metepec-M\u00e9xico-el-alcalde-David-L\u00f3pez-muestra-la-Certificaci\u00f3n-Internacional-e1542092110508.jpg 358w, https:\/\/www.porlalibreedomex.com\/wp-content\/uploads\/2018\/11\/Metepec-M\u00e9xico-el-alcalde-David-L\u00f3pez-muestra-la-Certificaci\u00f3n-Internacional-e1542092110508-215x300.jpg 215w\" sizes=\"auto, (max-width: 358px) 100vw, 358px\" \/><\/a><\/p>\n<p>En su oportunidad, el alcalde destac\u00f3 que la evaluaci\u00f3n habr\u00eda consignado con certeza, la calificaci\u00f3n por la forma y resultados de acciones para, entre otros, prevenir el delito, medir la capacidad de respuesta y la transparencia.<\/p>\n<p>En la ceremonia de premiaci\u00f3n, estuvo presente la Junta de Comisionados de la organizaci\u00f3n (CALEA), entre ellos, Stavros Anthony, Cynthia Armour Coyne, Marcus L. Brown, Kenton Buckner Steve, Callahan Bartram, Connelly Tomothy, Dunning D. Ray, Pete Kassetas, Leigh Anne Knight, Craig Webre y David T. Moore.<\/p>\n<p>As\u00ed, el gobierno de David L\u00f3pez, adem\u00e1s de sumar 46 reconocimientos en general tras someterse a evaluaciones por agentes externos acreditados, logrando con ello el m\u00e1ximo n\u00famero de premios y distinciones alcanzados por administraci\u00f3n alguna en el municipio, cumple en su totalidad con los compromisos asumidos ante la ciudadan\u00eda.<\/p>\n","protected":false},"excerpt":{"rendered":"<p>&nbsp; M\u00e1s de 46 evaluaciones sobresalientes de la gesti\u00f3n. \u00a0 Ciudad de M\u00e9xico; 12 de noviembre de 2018.\u00a0A unos d\u00edas de culminar la administraci\u00f3n de Metepec, el alcalde David L\u00f3pez C\u00e1rdenas, rubrica exitosamente su gesti\u00f3n municipal tras acreditar la eficiencia de procedimientos de la Direcci\u00f3n de Seguridad P\u00fablica y Tr\u00e1nsito Municipal con Norma Internacional de [&hellip;]<\/p>\n","protected":false},"author":3,"featured_media":26841,"comment_status":"open","ping_status":"open","sticky":false,"template":"","format":"standard","meta":{"footnotes":""},"categories":[16,9149,9150],"tags":[12708,12706,12707],"class_list":{"0":"post-26840","1":"post","2":"type-post","3":"status-publish","4":"format-standard","5":"has-post-thumbnail","7":"category-foto","8":"category-policiaca","9":"category-politica","10":"tag-46-reconocimientos-externos","11":"tag-certifican-policia-de-metepec","12":"tag-cumple-david-lopez-al-100"},"wps_subtitle":"Cumple totalidad de compromisos el alcalde David L\u00f3pez C\u00e1rdenas","_links":{"self":[{"href":"https:\/\/www.porlalibreedomex.com\/index.php?rest_route=\/wp\/v2\/posts\/26840","targetHints":{"allow":["GET"]}}],"collection":[{"href":"https:\/\/www.porlalibreedomex.com\/index.php?rest_route=\/wp\/v2\/posts"}],"about":[{"href":"https:\/\/www.porlalibreedomex.com\/index.php?rest_route=\/wp\/v2\/types\/post"}],"author":[{"embeddable":true,"href":"https:\/\/www.porlalibreedomex.com\/index.php?rest_route=\/wp\/v2\/users\/3"}],"replies":[{"embeddable":true,"href":"https:\/\/www.porlalibreedomex.com\/index.php?rest_route=%2Fwp%2Fv2%2Fcomments&post=26840"}],"version-history":[{"count":1,"href":"https:\/\/www.porlalibreedomex.com\/index.php?rest_route=\/wp\/v2\/posts\/26840\/revisions"}],"predecessor-version":[{"id":26845,"href":"https:\/\/www.porlalibreedomex.com\/index.php?rest_route=\/wp\/v2\/posts\/26840\/revisions\/26845"}],"wp:featuredmedia":[{"embeddable":true,"href":"https:\/\/www.porlalibreedomex.com\/index.php?rest_route=\/wp\/v2\/media\/26841"}],"wp:attachment":[{"href":"https:\/\/www.porlalibreedomex.com\/index.php?rest_route=%2Fwp%2Fv2%2Fmedia&parent=26840"}],"wp:term":[{"taxonomy":"category","embeddable":true,"href":"https:\/\/www.porlalibreedomex.com\/index.php?rest_route=%2Fwp%2Fv2%2Fcategories&post=26840"},{"taxonomy":"post_tag","embeddable":true,"href":"https:\/\/www.porlalibreedomex.com\/index.php?rest_route=%2Fwp%2Fv2%2Ftags&post=26840"}],"curies":[{"name":"wp","href":"https:\/\/api.w.org\/{rel}","templated":true}]}}