{"id":26835,"date":"2018-11-12T00:44:04","date_gmt":"2018-11-12T06:44:04","guid":{"rendered":"http:\/\/www.porlalibreedomex.com\/?p=26835"},"modified":"2018-11-13T00:44:22","modified_gmt":"2018-11-13T06:44:22","slug":"codhem-y-fundacion-john-langdon-down-velan-por-la-dignidad-de-las-personas","status":"publish","type":"post","link":"https:\/\/www.porlalibreedomex.com\/?p=26835","title":{"rendered":"CODHEM Y FUNDACI\u00d3N JOHN LANGDON DOWN  VELAN POR LA DIGNIDAD DE LAS PERSONAS"},"content":{"rendered":"<p style=\"font-weight: 400;\"><strong>\u00a0<\/strong><\/p>\n<ul>\n<li style=\"font-weight: 400;\"><em><strong>Inaugura Jos\u00e9 Benjam\u00edn Bernal Su\u00e1rez la exposici\u00f3n pict\u00f3rica \u201cArtistas Extraordinarios\u201d y expo-venta de art\u00edculos<\/strong><\/em><\/li>\n<\/ul>\n<p style=\"font-weight: 400;\"><strong>Toluca, M\u00e9xico, 12 de noviembre de 2018.<\/strong>&#8211; Al inaugurar la exposici\u00f3n pict\u00f3rica \u201cArtistas Extraordinarios\u201d de una veintena de alumnos de la Escuela Mexicana de Arte Down y la Fundaci\u00f3n John Langdon Down, en representaci\u00f3n del ombudsperson Jorge Olvera Garc\u00eda, el Primer Visitador General de la Comisi\u00f3n de Derechos Humanos del Estado de M\u00e9xico, Benjam\u00edn Bernal Su\u00e1rez resalt\u00f3 que \u201cel arte como expresi\u00f3n cultural es un derecho humano\u201d y coincidi\u00f3 con la directora general de la fundaci\u00f3n Pilar Mostalac, que ambas instituciones velan por la dignidad de las personas.<\/p>\n<p style=\"font-weight: 400;\">Ante los artistas que explicaron su motivaci\u00f3n, el uso del color y otras actividades que desarrollan como parte de su aprendizaje para ser aut\u00f3nomos e independientes, Bernal Su\u00e1rez enfatiz\u00f3 que \u201cla Declaraci\u00f3n Universal de los Derechos Humanos proclam\u00f3 que todos los seres humanos nacen libres e iguales en derechos; y todos tenemos derechos a tomar parte de la vida cultural y gozar de las artes\u201d, por tanto, dichos postulados se reflejan con la exposici\u00f3n de la Escuela Mexicana de Arte Down, presentada en el edificio de la Codhem dentro del programa cultural \u201cHumaniz-Arte\u201d.<a href=\"http:\/\/www.porlalibreedomex.com\/wp-content\/uploads\/2018\/11\/FOTO-BOL.-212-2.jpg\"><img loading=\"lazy\" decoding=\"async\" class=\"aligncenter size-large wp-image-26837\" src=\"http:\/\/www.porlalibreedomex.com\/wp-content\/uploads\/2018\/11\/FOTO-BOL.-212-2-1024x729.jpg\" alt=\"\" width=\"800\" height=\"570\" srcset=\"https:\/\/www.porlalibreedomex.com\/wp-content\/uploads\/2018\/11\/FOTO-BOL.-212-2-1024x729.jpg 1024w, https:\/\/www.porlalibreedomex.com\/wp-content\/uploads\/2018\/11\/FOTO-BOL.-212-2-300x214.jpg 300w, https:\/\/www.porlalibreedomex.com\/wp-content\/uploads\/2018\/11\/FOTO-BOL.-212-2-768x547.jpg 768w\" sizes=\"auto, (max-width: 800px) 100vw, 800px\" \/><\/a><\/p>\n<p style=\"font-weight: 400;\">Agreg\u00f3 \u201cEsta exhibici\u00f3n compila el valioso acervo constituido por las expresiones art\u00edsticas de personas con s\u00edndrome de down, lo cual demuestra la importancia y significaci\u00f3n que los lenguajes art\u00edsticos tienen en la existencia humana\u201d; recalc\u00f3 que los derechos humanos tienen como fundamento la dignidad y reconocerla es respetar a la persona tal y como es, con su unicidad y trascendencia.<\/p>\n<p style=\"font-weight: 400;\">Al referir que en pr\u00f3xima fecha se celebrar\u00e1n 70 a\u00f1os de la Declaraci\u00f3n Universal de los Derechos Humanos, el Primer Visitador General de la Codhem expres\u00f3 que los derechos humanos nos permiten ser libres y protegen el bienestar humano, garantizando a cada uno una vida digna.<\/p>\n<p style=\"font-weight: 400;\">La directora de la Fundaci\u00f3n John Langdon Down, Pilar Mostalac, dijo que la muestra con pinturas y grabados es un ejemplo de los objetivos de la fundaci\u00f3n que tiene 46 a\u00f1os, que es dignificar los derechos humanos de los j\u00f3venes con s\u00edndrome de down \u201cy ponerlos a la altura de cualquier artista\u201d, por ello, se suma al esfuerzo tan loable de la Comisi\u00f3n, que les abri\u00f3 las puertas. Las obras han sido admiradas en 78 exposiciones de Am\u00e9rica, Asia y Europa.<\/p>\n<p style=\"font-weight: 400;\">Detall\u00f3 que todos los artistas reciben clases de lenguaje y en la parte cognitiva se trabaja en la lecto-escritura, a fin de reforzar cada una de las cinco \u00e1reas de desarrollo para lograr la autonom\u00eda e independencia personal, y ante la preocupaci\u00f3n de los padres sobre qu\u00e9 pasar\u00e1 con sus hijos, reciben desde beb\u00e9s hasta adultos para continuar trabajando con ambos para darles herramientas y conocimientos para conseguirlo.<\/p>\n<p style=\"font-weight: 400;\">A nombre de los exponentes, Josafat Cal\u00f3nico, se dijo orgulloso de tener s\u00edndrome de down y de acudir a la fundaci\u00f3n desde beb\u00e9, porque encontr\u00f3 a una segunda familia, con amigos y maestros que lo apoyan, sobre todo, le ha permitido ser una maravillosa persona y agradeci\u00f3 a la Codhem \u201cMis amigos y yo estamos muy contentos que nuestras obras est\u00e9n en un lugar tan importante\u201d.<\/p>\n<p style=\"font-weight: 400;\">Cabe indicar que algunos j\u00f3venes y adultos trabajan en proyectos de inclusi\u00f3n social y laboral Tres-21 como la Cadena de Cafeter\u00edas \u201cArte-Caf\u00e9\u201d, siendo Rub\u00e9n el ejemplo m\u00e1s emblem\u00e1tico de \u00e9xito porque a sus 50 a\u00f1os de edad, vive solo, utiliza transporte p\u00fablico y trabaja en la cafeter\u00eda, lo cual refleja que al darles las herramientas necesarias pueden lograr su autonom\u00eda e independencia.<\/p>\n<p style=\"font-weight: 400;\">La fundaci\u00f3n John Langdon Down tiene 300 alumnos y atiende anualmente a dos mil 500 personas y sus familias a trav\u00e9s de becas al 100 por ciento, por ello organiza expo-ventas para recaudar fondos donde se pueden adquirir pinturas, grabados y art\u00edculos que han tenido la intervenci\u00f3n de los artistas. En la Codhem la exposici\u00f3n pict\u00f3rica y expo-venta de art\u00edculos permanecer\u00e1 durante el mes de noviembre, para mayores informes llamar al tel\u00e9fono 2 36 05 60 extensi\u00f3n 152.<\/p>\n","protected":false},"excerpt":{"rendered":"<p>\u00a0 Inaugura Jos\u00e9 Benjam\u00edn Bernal Su\u00e1rez la exposici\u00f3n pict\u00f3rica \u201cArtistas Extraordinarios\u201d y expo-venta de art\u00edculos Toluca, M\u00e9xico, 12 de noviembre de 2018.&#8211; Al inaugurar la exposici\u00f3n pict\u00f3rica \u201cArtistas Extraordinarios\u201d de una veintena de alumnos de la Escuela Mexicana de Arte Down y la Fundaci\u00f3n John Langdon Down, en representaci\u00f3n del ombudsperson Jorge Olvera Garc\u00eda, el [&hellip;]<\/p>\n","protected":false},"author":3,"featured_media":26837,"comment_status":"open","ping_status":"open","sticky":false,"template":"","format":"standard","meta":{"footnotes":""},"categories":[16,9149],"tags":[2874,17,879,12705,12703,488,12704],"class_list":{"0":"post-26835","1":"post","2":"type-post","3":"status-publish","4":"format-standard","5":"has-post-thumbnail","7":"category-foto","8":"category-policiaca","9":"tag-benjamin-bernal-suarez","10":"tag-codhem","11":"tag-derechos-humanos","12":"tag-expposicion-pictorica","13":"tag-john-langdon-down","14":"tag-jorge-olvera-garcia","15":"tag-pilar-mostalac"},"wps_subtitle":"","_links":{"self":[{"href":"https:\/\/www.porlalibreedomex.com\/index.php?rest_route=\/wp\/v2\/posts\/26835","targetHints":{"allow":["GET"]}}],"collection":[{"href":"https:\/\/www.porlalibreedomex.com\/index.php?rest_route=\/wp\/v2\/posts"}],"about":[{"href":"https:\/\/www.porlalibreedomex.com\/index.php?rest_route=\/wp\/v2\/types\/post"}],"author":[{"embeddable":true,"href":"https:\/\/www.porlalibreedomex.com\/index.php?rest_route=\/wp\/v2\/users\/3"}],"replies":[{"embeddable":true,"href":"https:\/\/www.porlalibreedomex.com\/index.php?rest_route=%2Fwp%2Fv2%2Fcomments&post=26835"}],"version-history":[{"count":2,"href":"https:\/\/www.porlalibreedomex.com\/index.php?rest_route=\/wp\/v2\/posts\/26835\/revisions"}],"predecessor-version":[{"id":26839,"href":"https:\/\/www.porlalibreedomex.com\/index.php?rest_route=\/wp\/v2\/posts\/26835\/revisions\/26839"}],"wp:featuredmedia":[{"embeddable":true,"href":"https:\/\/www.porlalibreedomex.com\/index.php?rest_route=\/wp\/v2\/media\/26837"}],"wp:attachment":[{"href":"https:\/\/www.porlalibreedomex.com\/index.php?rest_route=%2Fwp%2Fv2%2Fmedia&parent=26835"}],"wp:term":[{"taxonomy":"category","embeddable":true,"href":"https:\/\/www.porlalibreedomex.com\/index.php?rest_route=%2Fwp%2Fv2%2Fcategories&post=26835"},{"taxonomy":"post_tag","embeddable":true,"href":"https:\/\/www.porlalibreedomex.com\/index.php?rest_route=%2Fwp%2Fv2%2Ftags&post=26835"}],"curies":[{"name":"wp","href":"https:\/\/api.w.org\/{rel}","templated":true}]}}