{"id":26829,"date":"2018-11-12T00:34:54","date_gmt":"2018-11-12T06:34:54","guid":{"rendered":"http:\/\/www.porlalibreedomex.com\/?p=26829"},"modified":"2018-11-13T00:35:17","modified_gmt":"2018-11-13T06:35:17","slug":"reciben-adultos-mayores-de-metepec-dos-casas-de-dia-y-estancia-infantil-una-ludoteca","status":"publish","type":"post","link":"https:\/\/www.porlalibreedomex.com\/?p=26829","title":{"rendered":"RECIBEN ADULTOS MAYORES DE METEPEC DOS CASAS DE D\u00cdA Y ESTANCIA INFANTIL UNA LUDOTECA"},"content":{"rendered":"<p>&nbsp;<\/p>\n<ul>\n<li><em>Inauguran el alcalde, David L\u00f3pez C\u00e1rdenas;\u00a0la diputada federal, Laura Barrera Fortoul y la titular del DIF local, Gabriela Bringas Abarca.<\/em><\/li>\n<\/ul>\n<p><em>\u00a0<\/em><\/p>\n<p><strong>Pueblo M\u00e1gico de Metepec, M\u00e9xico; 12 de noviembre de 2018.\u00a0<\/strong>Habitantes de la tercera edad de la comunidad de San Bartolom\u00e9 Tlaltelulco y el fraccionamiento Las Margaritas, disfrutan de nuevas Casas de D\u00eda para la recreaci\u00f3n y la convivencia de casi 150 adultos mayores.<\/p>\n<p>En gira de trabajo, el alcalde, David L\u00f3pez C\u00e1rdenas; la diputada federal, Laura Barrera Fortoul y la titular del DIF municipal, Gabriela Bringas Abarca, entregaron los dos centros de convivencia para cinco clubes de la tercera edad, adem\u00e1s de una ludoteca para la Estancia Infantil, Sor Juana In\u00e9s de la Cruz.<a href=\"http:\/\/www.porlalibreedomex.com\/wp-content\/uploads\/2018\/11\/Metepec-M\u00e9xico-Servicios-Sociales-David-L\u00f3pez.jpg\"><img loading=\"lazy\" decoding=\"async\" class=\"aligncenter size-large wp-image-26832\" src=\"http:\/\/www.porlalibreedomex.com\/wp-content\/uploads\/2018\/11\/Metepec-M\u00e9xico-Servicios-Sociales-David-L\u00f3pez-1024x683.jpg\" alt=\"\" width=\"800\" height=\"534\" srcset=\"https:\/\/www.porlalibreedomex.com\/wp-content\/uploads\/2018\/11\/Metepec-M\u00e9xico-Servicios-Sociales-David-L\u00f3pez-1024x683.jpg 1024w, https:\/\/www.porlalibreedomex.com\/wp-content\/uploads\/2018\/11\/Metepec-M\u00e9xico-Servicios-Sociales-David-L\u00f3pez-300x200.jpg 300w, https:\/\/www.porlalibreedomex.com\/wp-content\/uploads\/2018\/11\/Metepec-M\u00e9xico-Servicios-Sociales-David-L\u00f3pez-768x512.jpg 768w\" sizes=\"auto, (max-width: 800px) 100vw, 800px\" \/><\/a><\/p>\n<p>En San Bartolom\u00e9 Tlaltelulco y Las Margaritas, el presidente municipal reconoci\u00f3 la aportaci\u00f3n del DIF Nacional para la consolidaci\u00f3n de los proyectos a favor de los adultos mayores, \u201cgracias al apoyo de quien entonces estuviera a cargo de la direcci\u00f3n general, Laura Barrera, fue posible concretar la construcci\u00f3n de 4 inmuebles, uno inaugurado en enero en la colonia Casa Blanca, dos m\u00e1s entregados este d\u00eda y otro que beneficiar\u00e1 a las y los vecinos de Izcalli Cuauht\u00e9moc II a partir del mi\u00e9rcoles\u201d.<\/p>\n<p>Con estas acciones en las que resalta la coordinaci\u00f3n de esfuerzos, refiri\u00f3 el edil, se constituyen importantes logros para las comunidades, en este caso dijo, para la gente grande, para quienes son ejemplo de vida y contribuyen siempre en el bienestar y uni\u00f3n de las familias, \u201cnuestro respeto, afecto y cari\u00f1o\u201d.<a href=\"http:\/\/www.porlalibreedomex.com\/wp-content\/uploads\/2018\/11\/Metepec-M\u00e9xico-Casa-de-D\u00eda-Adultos-Mayores.jpg\"><img loading=\"lazy\" decoding=\"async\" class=\"aligncenter size-large wp-image-26830\" src=\"http:\/\/www.porlalibreedomex.com\/wp-content\/uploads\/2018\/11\/Metepec-M\u00e9xico-Casa-de-D\u00eda-Adultos-Mayores-1024x683.jpg\" alt=\"\" width=\"800\" height=\"534\" srcset=\"https:\/\/www.porlalibreedomex.com\/wp-content\/uploads\/2018\/11\/Metepec-M\u00e9xico-Casa-de-D\u00eda-Adultos-Mayores-1024x683.jpg 1024w, https:\/\/www.porlalibreedomex.com\/wp-content\/uploads\/2018\/11\/Metepec-M\u00e9xico-Casa-de-D\u00eda-Adultos-Mayores-300x200.jpg 300w, https:\/\/www.porlalibreedomex.com\/wp-content\/uploads\/2018\/11\/Metepec-M\u00e9xico-Casa-de-D\u00eda-Adultos-Mayores-768x512.jpg 768w\" sizes=\"auto, (max-width: 800px) 100vw, 800px\" \/><\/a><\/p>\n<p>Por su parte, la legisladora, Laura Barrera Fortoul, recalc\u00f3 que en Metepec se duplicaron en la presente administraci\u00f3n municipal de Metepec las Casas de D\u00eda, al pasar de 4 a 8, materializando la solicitud de este importante sector de la poblaci\u00f3n que ten\u00edan varios a\u00f1os requieri\u00e9ndolas y que fue posible gracias a la voluntad de los tres \u00f3rdenes de gobierno.<\/p>\n<p>Hizo un reconocimiento a la gesti\u00f3n del alcalde David L\u00f3pez y la presidenta Gaby Bringas, a quien calific\u00f3 como una de las mejores titulares del DIF municipales del pa\u00eds, al adoptar e innovar programas de alto beneficio social para los metepequenses.<\/p>\n<p>En su oportunidad, Gabriela Bringas, manifest\u00f3 total agradecimiento al ayuntamiento, a los Sistemas DIF Nacional y Estatal, as\u00ed como a organismos y grupos civiles por coadyuvar a incrementar la calidad de vida de la poblaci\u00f3n en condici\u00f3n vulnerable a trav\u00e9s de programas, donativos, entre otros.<a href=\"http:\/\/www.porlalibreedomex.com\/wp-content\/uploads\/2018\/11\/Metepec-M\u00e9xico-Entrega-de-Ludoteca-DIF-Municipal-12-Nov.-18.jpg\"><img loading=\"lazy\" decoding=\"async\" class=\"aligncenter size-large wp-image-26833\" src=\"http:\/\/www.porlalibreedomex.com\/wp-content\/uploads\/2018\/11\/Metepec-M\u00e9xico-Entrega-de-Ludoteca-DIF-Municipal-12-Nov.-18-1024x683.jpg\" alt=\"\" width=\"800\" height=\"534\" srcset=\"https:\/\/www.porlalibreedomex.com\/wp-content\/uploads\/2018\/11\/Metepec-M\u00e9xico-Entrega-de-Ludoteca-DIF-Municipal-12-Nov.-18-1024x683.jpg 1024w, https:\/\/www.porlalibreedomex.com\/wp-content\/uploads\/2018\/11\/Metepec-M\u00e9xico-Entrega-de-Ludoteca-DIF-Municipal-12-Nov.-18-300x200.jpg 300w, https:\/\/www.porlalibreedomex.com\/wp-content\/uploads\/2018\/11\/Metepec-M\u00e9xico-Entrega-de-Ludoteca-DIF-Municipal-12-Nov.-18-768x512.jpg 768w\" sizes=\"auto, (max-width: 800px) 100vw, 800px\" \/><\/a><\/p>\n<p>En el \u00faltimo punto de la gira, las autoridades visitaron la Estancia Infantil, Sor Juana In\u00e9s de la Cruz, para inaugurar una ludoteca equipada, la cual fue posible con la aportaci\u00f3n del Fondo Unido M\u00e9xico. La habilitaci\u00f3n del inmueble tuvo una inversi\u00f3n de 180 mil 346 pesos, beneficiando a m\u00e1s de 100 peque\u00f1os.<\/p>\n","protected":false},"excerpt":{"rendered":"<p>&nbsp; Inauguran el alcalde, David L\u00f3pez C\u00e1rdenas;\u00a0la diputada federal, Laura Barrera Fortoul y la titular del DIF local, Gabriela Bringas Abarca. \u00a0 Pueblo M\u00e1gico de Metepec, M\u00e9xico; 12 de noviembre de 2018.\u00a0Habitantes de la tercera edad de la comunidad de San Bartolom\u00e9 Tlaltelulco y el fraccionamiento Las Margaritas, disfrutan de nuevas Casas de D\u00eda para [&hellip;]<\/p>\n","protected":false},"author":3,"featured_media":26831,"comment_status":"open","ping_status":"open","sticky":false,"template":"","format":"standard","meta":{"footnotes":""},"categories":[16,9145],"tags":[2806,6357,12702,5171],"class_list":{"0":"post-26829","1":"post","2":"type-post","3":"status-publish","4":"format-standard","5":"has-post-thumbnail","7":"category-foto","8":"category-general","9":"tag-david-lopez-cardenas","10":"tag-laura-barrera-fortoul","11":"tag-metepec-casa-de-dia","12":"tag-tercera-edad"},"wps_subtitle":"","_links":{"self":[{"href":"https:\/\/www.porlalibreedomex.com\/index.php?rest_route=\/wp\/v2\/posts\/26829","targetHints":{"allow":["GET"]}}],"collection":[{"href":"https:\/\/www.porlalibreedomex.com\/index.php?rest_route=\/wp\/v2\/posts"}],"about":[{"href":"https:\/\/www.porlalibreedomex.com\/index.php?rest_route=\/wp\/v2\/types\/post"}],"author":[{"embeddable":true,"href":"https:\/\/www.porlalibreedomex.com\/index.php?rest_route=\/wp\/v2\/users\/3"}],"replies":[{"embeddable":true,"href":"https:\/\/www.porlalibreedomex.com\/index.php?rest_route=%2Fwp%2Fv2%2Fcomments&post=26829"}],"version-history":[{"count":1,"href":"https:\/\/www.porlalibreedomex.com\/index.php?rest_route=\/wp\/v2\/posts\/26829\/revisions"}],"predecessor-version":[{"id":26834,"href":"https:\/\/www.porlalibreedomex.com\/index.php?rest_route=\/wp\/v2\/posts\/26829\/revisions\/26834"}],"wp:featuredmedia":[{"embeddable":true,"href":"https:\/\/www.porlalibreedomex.com\/index.php?rest_route=\/wp\/v2\/media\/26831"}],"wp:attachment":[{"href":"https:\/\/www.porlalibreedomex.com\/index.php?rest_route=%2Fwp%2Fv2%2Fmedia&parent=26829"}],"wp:term":[{"taxonomy":"category","embeddable":true,"href":"https:\/\/www.porlalibreedomex.com\/index.php?rest_route=%2Fwp%2Fv2%2Fcategories&post=26829"},{"taxonomy":"post_tag","embeddable":true,"href":"https:\/\/www.porlalibreedomex.com\/index.php?rest_route=%2Fwp%2Fv2%2Ftags&post=26829"}],"curies":[{"name":"wp","href":"https:\/\/api.w.org\/{rel}","templated":true}]}}