{"id":26813,"date":"2018-11-12T23:53:21","date_gmt":"2018-11-13T05:53:21","guid":{"rendered":"http:\/\/www.porlalibreedomex.com\/?p=26813"},"modified":"2018-11-12T23:53:21","modified_gmt":"2018-11-13T05:53:21","slug":"alumnos-de-bachillerato-con-promedio-mayor-de-9-puntos-tendran-pase-directo-a-universidades-del-sistema-educativo-estatal","status":"publish","type":"post","link":"https:\/\/www.porlalibreedomex.com\/?p=26813","title":{"rendered":"ALUMNOS DE BACHILLERATO CON PROMEDIO MAYOR DE 9 PUNTOS TENDR\u00c1N PASE DIRECTO A UNIVERSIDADES DEL SISTEMA EDUCATIVO ESTATAL"},"content":{"rendered":"<ul>\n<li><em><strong>Destaca que se estimular\u00e1 los alumnos de preparatoria y bachilleres del sistema estatal con esta medida.<\/strong><\/em><\/li>\n<li><em><strong>Tiene como finalidad brindar mayores oportunidades de estudio y preparaci\u00f3n acad\u00e9mica a los j\u00f3venes mexiquenses. <\/strong><\/em><\/li>\n<\/ul>\n<p>Fotos: Dar\u00edo Rocha<\/p>\n<p><strong>Jocotitl\u00e1n, M\u00e9xico, 12 de noviembre de 2018<\/strong>. Durante la entrega de obras de infraestructura a diferentes planteles del Colegio de Bachilleres del Estado de M\u00e9xico (Cobaem), el Gobernador Alfredo Del Mazo Maza inform\u00f3 que los alumnos de educaci\u00f3n media superior que estudien en alg\u00fan plantel del sistema educativo estatal y tengan un promedio mayor a 9 puntos, tendr\u00e1n su pase directo para ingresar a las universidades, tambi\u00e9n a cargo de la administraci\u00f3n mexiquense.<\/p>\n<p>\u201cEstamos impulsando que todas las alumnas y alumnos que terminen su bachillerato con un promedio arriba de nueve, tienen un paso autom\u00e1tico a las universidades estatales en el Estado de M\u00e9xico.<\/p>\n<figure id=\"attachment_26816\" aria-describedby=\"caption-attachment-26816\" style=\"width: 800px\" class=\"wp-caption aligncenter\"><a href=\"http:\/\/www.porlalibreedomex.com\/wp-content\/uploads\/2018\/11\/WhatsApp-Image-2018-11-12-at-1.50.34-PM.jpeg\"><img loading=\"lazy\" decoding=\"async\" class=\"size-large wp-image-26816\" src=\"http:\/\/www.porlalibreedomex.com\/wp-content\/uploads\/2018\/11\/WhatsApp-Image-2018-11-12-at-1.50.34-PM-1024x682.jpeg\" alt=\"\" width=\"800\" height=\"533\" srcset=\"https:\/\/www.porlalibreedomex.com\/wp-content\/uploads\/2018\/11\/WhatsApp-Image-2018-11-12-at-1.50.34-PM-1024x682.jpeg 1024w, https:\/\/www.porlalibreedomex.com\/wp-content\/uploads\/2018\/11\/WhatsApp-Image-2018-11-12-at-1.50.34-PM-300x200.jpeg 300w, https:\/\/www.porlalibreedomex.com\/wp-content\/uploads\/2018\/11\/WhatsApp-Image-2018-11-12-at-1.50.34-PM-768x512.jpeg 768w, https:\/\/www.porlalibreedomex.com\/wp-content\/uploads\/2018\/11\/WhatsApp-Image-2018-11-12-at-1.50.34-PM.jpeg 1280w\" sizes=\"auto, (max-width: 800px) 100vw, 800px\" \/><\/a><figcaption id=\"caption-attachment-26816\" class=\"wp-caption-text\">JOCOTITL\u00c1N, M\u00c9XICO.- El gobernador Alfredo del Mazo anunci\u00f3 que aquellos alumnos que obtengan promedio de nueve y m\u00e1s en el bachillerato, tendr\u00e1n ingreso autom\u00e1tico a facultad.<\/figcaption><\/figure>\n<p>\u201cQue todas y todos sepan que quienes hagan ese esfuerzo por salir con un buen promedio, y eso estoy seguro que adem\u00e1s, aqu\u00ed tenemos much\u00edsimas alumnas y alumnos que tienen un muy buen promedio, los motive, y quienes no, que eso los motive a que tengan un mejor promedio\u201d, afirm\u00f3.<\/p>\n<p>El Gobernador Alfredo Del Mazo indic\u00f3 que esta acci\u00f3n tiene como objetivo que los alumnos mexiquenses cuenten con m\u00e1s espacios y oportunidades educativas para seguir adelante con su preparaci\u00f3n acad\u00e9mica.<\/p>\n<p>Cabe destacar que a trav\u00e9s del sistema educativo estatal los alumnos pueden acceder a 115 servicios educativos, como Tecnol\u00f3gicos de Estudios Superiores, Universidades Tecnol\u00f3gicas, Universidades Polit\u00e9cnicas, la Universidad Mexiquense del Bicentenario, la Universidad Digital y la Universidad Intercultural del Estado de M\u00e9xico, entre otras.<a href=\"http:\/\/www.porlalibreedomex.com\/wp-content\/uploads\/2018\/11\/WhatsApp-Image-2018-11-12-at-1.50.35-PM.jpeg\"><img loading=\"lazy\" decoding=\"async\" class=\"aligncenter size-large wp-image-26817\" src=\"http:\/\/www.porlalibreedomex.com\/wp-content\/uploads\/2018\/11\/WhatsApp-Image-2018-11-12-at-1.50.35-PM-1024x682.jpeg\" alt=\"\" width=\"800\" height=\"533\" srcset=\"https:\/\/www.porlalibreedomex.com\/wp-content\/uploads\/2018\/11\/WhatsApp-Image-2018-11-12-at-1.50.35-PM-1024x682.jpeg 1024w, https:\/\/www.porlalibreedomex.com\/wp-content\/uploads\/2018\/11\/WhatsApp-Image-2018-11-12-at-1.50.35-PM-300x200.jpeg 300w, https:\/\/www.porlalibreedomex.com\/wp-content\/uploads\/2018\/11\/WhatsApp-Image-2018-11-12-at-1.50.35-PM-768x512.jpeg 768w, https:\/\/www.porlalibreedomex.com\/wp-content\/uploads\/2018\/11\/WhatsApp-Image-2018-11-12-at-1.50.35-PM.jpeg 1280w\" sizes=\"auto, (max-width: 800px) 100vw, 800px\" \/><\/a><\/p>\n<p>Luego de recorrer el auditorio de usos m\u00faltiples y la cafeter\u00eda que entreg\u00f3 en el plantel Cobem de Jocotitl\u00e1n, el titular del Ejecutivo estatal manifest\u00f3 que se requiere seguir impulsando la educaci\u00f3n entre el sector juvenil de la entidad, ya que actualmente solo cerca de 26 de cada 100 alumnos que inician su educaci\u00f3n primaria, terminan su preparatoria o bachillerato.<\/p>\n<p>En el caso del Estado de M\u00e9xico, agreg\u00f3, 13 de cada 100 alumnos que estudian su bachillerato a nivel nacional son mexiquenses.<\/p>\n<p>Asimismo, Alfredo Del Mazo destac\u00f3 la labor que el Cobaem ha realizado por m\u00e1s de 22 a\u00f1os, tiempo en el cual m\u00e1s de 400 mil estudiantes terminaron sus estudios de bachillerato en este plantel educativo.<\/p>\n<p>Puntualiz\u00f3 que actualmente esta instituci\u00f3n educativa cuenta con 68 planteles y 15 planteles de educaci\u00f3n a distancia y atiende a una matr\u00edcula estudiantil superior a 40 mil alumnos.<\/p>\n<p>Aunado a ello, dijo, en el primer a\u00f1o de su administraci\u00f3n se entregaron 44 mil becas para los alumnos de estos planteles, lo que la convierte en una escuela de vanguardia que acerca a los j\u00f3venes oportunidades de estudio y aprendizaje para que se preparen para un mejor futuro.<\/p>\n<p>Del Mazo Maza se\u00f1al\u00f3 que para mejorar las condiciones de los planteles del Cobaem se han entregado 49 cafeter\u00edas, para que los alumnos tengan espacios dignos para consumir sus alimentos.<\/p>\n<p>Adem\u00e1s en esta gira de trabajo entreg\u00f3 obras de infraestructura para planteles del Cobaem de Jocotitl\u00e1n, Tlalmanalco, Tenancingo, Amatepec, Zumpahuac\u00e1n y Donato Guerra.<\/p>\n<p>\u201cHoy hacemos entrega de este auditorio de usos m\u00faltiples, de la cafeter\u00eda en el Colegio de Bachilleres de Jocotitl\u00e1n, de la segunda etapa del plantel Colegio de Bachilleres de Tlalmanalco, que mencionaba hace un momento el Secretario de Educaci\u00f3n, y tambi\u00e9n de distintos planteles que hemos apoyado con techumbres como las que est\u00e1n el d\u00eda de hoy en este plantel, en Amatepec, en Tenancingo, en Zumpahuac\u00e1n y en Donato Guerra\u201d, expres\u00f3.<\/p>\n<p>Sostuvo que tambi\u00e9n para beneficiar a los alumnos del Cobaem, se impulsa el programa de educaci\u00f3n dual para vincularlos con el sector empresarial, para que estudien y practiquen al mismo tiempo, e incluso, comenzar a trabajar, lo que les permite tener una mayor experiencia.<\/p>\n<p>\u201cEstamos impulsando el programa de educaci\u00f3n dual, para que alumnas y alumnos del Colegio de Bachilleres, puedan tener la oportunidad de estar trabajando y estudiando al mismo tiempo, esto es a trav\u00e9s de convenios con empresas, con distintas instituciones para que puedan ir haciendo sus pr\u00e1cticas e incluso, empezar a trabajar al mismo tiempo que est\u00e1n estudiando\u201d, apunt\u00f3.<\/p>\n<p><a href=\"http:\/\/www.porlalibreedomex.com\/wp-content\/uploads\/2018\/11\/WhatsApp-Image-2018-11-12-at-1.50.33-PM.jpeg\"><img loading=\"lazy\" decoding=\"async\" class=\"aligncenter size-large wp-image-26815\" src=\"http:\/\/www.porlalibreedomex.com\/wp-content\/uploads\/2018\/11\/WhatsApp-Image-2018-11-12-at-1.50.33-PM-1024x682.jpeg\" alt=\"\" width=\"800\" height=\"533\" srcset=\"https:\/\/www.porlalibreedomex.com\/wp-content\/uploads\/2018\/11\/WhatsApp-Image-2018-11-12-at-1.50.33-PM-1024x682.jpeg 1024w, https:\/\/www.porlalibreedomex.com\/wp-content\/uploads\/2018\/11\/WhatsApp-Image-2018-11-12-at-1.50.33-PM-300x200.jpeg 300w, https:\/\/www.porlalibreedomex.com\/wp-content\/uploads\/2018\/11\/WhatsApp-Image-2018-11-12-at-1.50.33-PM-768x512.jpeg 768w, https:\/\/www.porlalibreedomex.com\/wp-content\/uploads\/2018\/11\/WhatsApp-Image-2018-11-12-at-1.50.33-PM.jpeg 1280w\" sizes=\"auto, (max-width: 800px) 100vw, 800px\" \/><\/a><\/p>\n<p>Por su parte, el secretario de Educaci\u00f3n, Alejandro Fern\u00e1ndez Campillo, puntualiz\u00f3 que en estas obras que se entregaron al Colegio de Bachilleres del Estado de M\u00e9xico, se invirtieron m\u00e1s de 22 millones de pesos en infraestructura escolar, en beneficio de m\u00e1s de 4 mil alumnos.<\/p>\n<p>Entre las obras entregadas destac\u00f3 la cafeter\u00eda y el auditorio de usos m\u00faltiples del plantel de Jocotitl\u00e1n, \u00e9ste \u00faltimo ser\u00e1 aprovechado por j\u00f3venes de los municipios de Atlacomulco, Ixtlahuaca, Morelos y Jiquipilco; as\u00ed como la segunda etapa del plantel de Tlalmanalco, que consta de tres aulas, laboratorio, taller de c\u00f3mputo, \u00e1rea administrativa, sala de maestros, plaza c\u00edvica, entre otros; cuatro techumbres en los Cobaem de Tenancingo, Zumpahuac\u00e1n y en los centros de educaci\u00f3n media superior de Amatepec y Donato Guerra.<\/p>\n","protected":false},"excerpt":{"rendered":"<p>Destaca que se estimular\u00e1 los alumnos de preparatoria y bachilleres del sistema estatal con esta medida. Tiene como finalidad brindar mayores oportunidades de estudio y preparaci\u00f3n acad\u00e9mica a los j\u00f3venes mexiquenses. Fotos: Dar\u00edo Rocha Jocotitl\u00e1n, M\u00e9xico, 12 de noviembre de 2018. Durante la entrega de obras de infraestructura a diferentes planteles del Colegio de Bachilleres [&hellip;]<\/p>\n","protected":false},"author":3,"featured_media":26818,"comment_status":"open","ping_status":"open","sticky":false,"template":"","format":"standard","meta":{"footnotes":""},"categories":[9148,16,7549],"tags":[12693,9754,6232,11636,12691,12692,12690],"class_list":{"0":"post-26813","1":"post","2":"type-post","3":"status-publish","4":"format-standard","5":"has-post-thumbnail","7":"category-educacion","8":"category-foto","9":"category-video","10":"tag-alcalde-ivan-esquer","11":"tag-alejandro-fernandez-campillo","12":"tag-alfredo-del-mazo","13":"tag-cobaem","14":"tag-jocotitlan","15":"tag-obras-en-cobaem","16":"tag-pase-automatico-a-universidad"},"wps_subtitle":"Entrega Alfredo del Mazo obras de infraestructura al Cobaem por m\u00e1s de 22 millones de pesos","_links":{"self":[{"href":"https:\/\/www.porlalibreedomex.com\/index.php?rest_route=\/wp\/v2\/posts\/26813","targetHints":{"allow":["GET"]}}],"collection":[{"href":"https:\/\/www.porlalibreedomex.com\/index.php?rest_route=\/wp\/v2\/posts"}],"about":[{"href":"https:\/\/www.porlalibreedomex.com\/index.php?rest_route=\/wp\/v2\/types\/post"}],"author":[{"embeddable":true,"href":"https:\/\/www.porlalibreedomex.com\/index.php?rest_route=\/wp\/v2\/users\/3"}],"replies":[{"embeddable":true,"href":"https:\/\/www.porlalibreedomex.com\/index.php?rest_route=%2Fwp%2Fv2%2Fcomments&post=26813"}],"version-history":[{"count":1,"href":"https:\/\/www.porlalibreedomex.com\/index.php?rest_route=\/wp\/v2\/posts\/26813\/revisions"}],"predecessor-version":[{"id":26819,"href":"https:\/\/www.porlalibreedomex.com\/index.php?rest_route=\/wp\/v2\/posts\/26813\/revisions\/26819"}],"wp:featuredmedia":[{"embeddable":true,"href":"https:\/\/www.porlalibreedomex.com\/index.php?rest_route=\/wp\/v2\/media\/26818"}],"wp:attachment":[{"href":"https:\/\/www.porlalibreedomex.com\/index.php?rest_route=%2Fwp%2Fv2%2Fmedia&parent=26813"}],"wp:term":[{"taxonomy":"category","embeddable":true,"href":"https:\/\/www.porlalibreedomex.com\/index.php?rest_route=%2Fwp%2Fv2%2Fcategories&post=26813"},{"taxonomy":"post_tag","embeddable":true,"href":"https:\/\/www.porlalibreedomex.com\/index.php?rest_route=%2Fwp%2Fv2%2Ftags&post=26813"}],"curies":[{"name":"wp","href":"https:\/\/api.w.org\/{rel}","templated":true}]}}