{"id":26292,"date":"2018-10-19T23:58:27","date_gmt":"2018-10-20T04:58:27","guid":{"rendered":"http:\/\/www.porlalibreedomex.com\/?p=26292"},"modified":"2018-10-20T00:12:58","modified_gmt":"2018-10-20T05:12:58","slug":"entrega-alfredo-del-mazo-equipamiento-para-la-deteccion-oportuna-de-cancer-de-mama","status":"publish","type":"post","link":"https:\/\/www.porlalibreedomex.com\/?p=26292","title":{"rendered":"ENTREGA ALFREDO DEL MAZO EQUIPAMIENTO PARA LA DETECCI\u00d3N OPORTUNA DE C\u00c1NCER DE MAMA"},"content":{"rendered":"<p>&nbsp;<\/p>\n<ul>\n<li><em><strong>Otorga un ultrasonido especializado al Centro M\u00e9dico Adolfo L\u00f3pez Mateos en Toluca. <\/strong><\/em><\/li>\n<li><em><strong>Informa mandatario estatal que se construye un Centro Oncol\u00f3gico en Ecatepec y se entregan pelucas oncol\u00f3gicas, pr\u00f3tesis externas y vales para reconstrucci\u00f3n mamaria.<\/strong><\/em><\/li>\n<\/ul>\n<h3><strong>Nezahualc\u00f3yotl, Estado de M\u00e9xico, 19 de octubre de 2018.<\/strong> En el marco del D\u00eda Mundial de la Lucha Contra el C\u00e1ncer de Mama, el Gobernador Alfredo Del Mazo Maza inform\u00f3 que para fortalecer las acciones preventivas y detectar a tiempo la presencia de esta enfermedad en las mujeres mexiquenses, se entregaron cuatro mast\u00f3grafos y un ultrasonido especializado a diferentes hospitales de la entidad.<\/h3>\n<p>Estos equipos permitir\u00e1n incrementar la realizaci\u00f3n de estudios de diagn\u00f3stico en un 36 por ciento y anualmente podr\u00e1n llevar a cabo 25 mil 800 mastograf\u00edas.<\/p>\n<p>\u201cComo parte del fortalecimiento de la infraestructura preventiva hoy tenemos el gusto de entregar cuatro mast\u00f3grafos para equipar, primero que nada el Hospital General La Perla, aqu\u00ed en Nezahualc\u00f3yotl, precisamente donde estamos, el Hospital General de Texcoco, al Hospital General de Amecameca, al Hospital Materno Infantil de Atizap\u00e1n de Zaragoza y tambi\u00e9n entregaremos un equipo de ultrasonido en el Centro M\u00e9dico \u201cAdolfo L\u00f3pez Mateos\u201d, de la ciudad de Toluca\u201d, se\u00f1al\u00f3.<\/p>\n<p>\u201cEn total, con esos equipos podremos incrementar la capacidad de realizaci\u00f3n de estudios de diagn\u00f3stico en un 36 por ciento\u201d, puntualiz\u00f3.<a href=\"http:\/\/www.porlalibreedomex.com\/wp-content\/uploads\/2018\/10\/WhatsApp-Image-2018-10-19-at-1.58.29-PM.jpeg\"><img loading=\"lazy\" decoding=\"async\" class=\"aligncenter size-large wp-image-26297\" src=\"http:\/\/www.porlalibreedomex.com\/wp-content\/uploads\/2018\/10\/WhatsApp-Image-2018-10-19-at-1.58.29-PM-1024x838.jpeg\" alt=\"\" width=\"800\" height=\"655\" srcset=\"https:\/\/www.porlalibreedomex.com\/wp-content\/uploads\/2018\/10\/WhatsApp-Image-2018-10-19-at-1.58.29-PM.jpeg 1024w, https:\/\/www.porlalibreedomex.com\/wp-content\/uploads\/2018\/10\/WhatsApp-Image-2018-10-19-at-1.58.29-PM-300x246.jpeg 300w, https:\/\/www.porlalibreedomex.com\/wp-content\/uploads\/2018\/10\/WhatsApp-Image-2018-10-19-at-1.58.29-PM-768x629.jpeg 768w\" sizes=\"auto, (max-width: 800px) 100vw, 800px\" \/><\/a><\/p>\n<p>Acompa\u00f1ado por su esposa y Presidenta Honoraria del Sistema para el Desarrollo Integral de la Familia del Estado de M\u00e9xico (DIFEM), Fernanda Castillo de Del Mazo, el mandatario estatal destac\u00f3 que datos de la Organizaci\u00f3n Mundial de la Salud indican que esta enfermedad representa el 16 por ciento de todos los casos de c\u00e1ncer que se presentan en el sector femenino, y cada 30 segundos en alg\u00fan lugar del mundo se diagnostica un caso de c\u00e1ncer de mama.<\/p>\n<p>En el caso de M\u00e9xico, el Instituto Nacional de Cancerolog\u00eda se\u00f1ala que esta enfermedad es la primera causa de muerte entre mujeres mexicanas y en el Estado de M\u00e9xico es la segunda causa de muerte entre las f\u00e9minas de entre 20 y 59 a\u00f1os, y la primera entre las mayores de 60 a\u00f1os.<\/p>\n<p>Por ello, dijo, es necesario fortalecer las acciones preventivas en un esfuerzo conjunto entre empresas, organizaciones deportivas y sociales, as\u00ed como de las autoridades de los tres niveles de gobierno, con la finalidad de salvar m\u00e1s vidas.<\/p>\n<p>Al respecto, Del Mazo Maza manifest\u00f3 que la prioridad de su administraci\u00f3n es apoyar a las mujeres que padecen esta enfermedad, por lo que se construye el Centro Oncol\u00f3gico de Ecatepec, el cual estar\u00e1 a cargo de la Secretar\u00eda de Salud estatal.<\/p>\n<p>Se\u00f1al\u00f3 que este centro en conjunto con el Centro Oncol\u00f3gico del Instituto de Seguridad Social del Estado de M\u00e9xico (ISSEMYM), se convertir\u00e1n en los dos pilares m\u00e1s fuertes, para atender las enfermedades relacionadas con el c\u00e1ncer en el Estado de M\u00e9xico.<\/p>\n<p>En este evento, el Gobernador mexiquense tambi\u00e9n entreg\u00f3 pelucas oncol\u00f3gicas y pr\u00f3tesis externas, otorgadas por el DIFEM y el ISSEMYM, as\u00ed como vales para cirug\u00edas de reconstrucci\u00f3n mamaria, a cargo de la Fundaci\u00f3n Alma, que durante este mes ha llevado a cabo 12 cirug\u00edas y tiene programadas cinco m\u00e1s.<\/p>\n<p>Aunado a estas acciones, agreg\u00f3, las beneficiarias del Salario Rosa, pueden realizarse de manera gratuita un estudio de mastograf\u00eda, ya que dijo, cuando el c\u00e1ncer se detecta a tiempo las posibilidades de curarlo se triplican.<\/p>\n<p>\u201cSin embargo, solo el 10 por ciento de los casos se detectan en la etapa 1, en cambio el 60 por ciento se detecta hasta la etapa 3, cuando la enfermedad es m\u00e1s agresiva\u201d, expres\u00f3.<\/p>\n<p>\u201cLas mujeres deben ser las mayores promotoras de la prevenci\u00f3n de este c\u00e1ncer, platiquen con su familia, con sus hijas, con sus hermanas, con sus amigas, sobre la importancia de prevenir esta enfermedad mediante la autoexploraci\u00f3n y los estudios de mastograf\u00eda, porque unidas e informadas, las mujeres son las mejores voceras contra el c\u00e1ncer de mama\u201d, precis\u00f3.<\/p>\n<p><iframe loading=\"lazy\"  id=\"_ytid_43339\"  width=\"696\" height=\"522\"  data-origwidth=\"696\" data-origheight=\"522\" src=\"https:\/\/www.youtube.com\/embed\/A3jPl4ATBik?enablejsapi=1&#038;autoplay=1&#038;cc_load_policy=0&#038;cc_lang_pref=&#038;iv_load_policy=1&#038;loop=0&#038;rel=1&#038;fs=1&#038;playsinline=0&#038;autohide=2&#038;theme=dark&#038;color=red&#038;controls=1&#038;disablekb=0&#038;\" class=\"__youtube_prefs__  epyt-is-override  no-lazyload\" title=\"YouTube player\"  allow=\"fullscreen; accelerometer; autoplay; clipboard-write; encrypted-media; gyroscope; picture-in-picture; web-share\" referrerpolicy=\"strict-origin-when-cross-origin\" allowfullscreen data-no-lazy=\"1\" data-skipgform_ajax_framebjll=\"\"><\/iframe><\/p>\n<p>El Gobernador Alfredo Del Mazo reconoci\u00f3 tambi\u00e9n a las familias y los pacientes que diariamente luchan para combatir el c\u00e1ncer de mama, enfermedad que, dijo, a nivel mundial es una de las principales amenazas para la salud de las mujeres.<\/p>\n<p>\u201cMi mayor reconocimiento a las luchadoras, mi mayor reconocimiento a sus familias que las apoyan y las ayudan a combatir esta enfermedad y mi mayor reconocimiento a todo el personal m\u00e9dico que se entrega con gran sensibilidad y con gran dedicaci\u00f3n para apoyar a las mujeres mexiquenses\u201d, indic\u00f3.<\/p>\n<div id='gallery-1' class='gallery galleryid-26292 gallery-columns-3 gallery-size-large'><figure class='gallery-item'>\n\t\t\t<div class='gallery-icon portrait'>\n\t\t\t\t<a href='https:\/\/www.porlalibreedomex.com\/?attachment_id=26296'><img loading=\"lazy\" decoding=\"async\" width=\"696\" height=\"801\" src=\"https:\/\/www.porlalibreedomex.com\/wp-content\/uploads\/2018\/10\/WhatsApp-Image-2018-10-19-at-1.58.29-PM-1-890x1024.jpeg\" class=\"attachment-large size-large\" alt=\"\" srcset=\"https:\/\/www.porlalibreedomex.com\/wp-content\/uploads\/2018\/10\/WhatsApp-Image-2018-10-19-at-1.58.29-PM-1.jpeg 890w, https:\/\/www.porlalibreedomex.com\/wp-content\/uploads\/2018\/10\/WhatsApp-Image-2018-10-19-at-1.58.29-PM-1-261x300.jpeg 261w, https:\/\/www.porlalibreedomex.com\/wp-content\/uploads\/2018\/10\/WhatsApp-Image-2018-10-19-at-1.58.29-PM-1-768x884.jpeg 768w\" sizes=\"auto, (max-width: 696px) 100vw, 696px\" \/><\/a>\n\t\t\t<\/div><\/figure><figure class='gallery-item'>\n\t\t\t<div class='gallery-icon landscape'>\n\t\t\t\t<a href='https:\/\/www.porlalibreedomex.com\/?attachment_id=26295'><img loading=\"lazy\" decoding=\"async\" width=\"696\" height=\"462\" src=\"https:\/\/www.porlalibreedomex.com\/wp-content\/uploads\/2018\/10\/WhatsApp-Image-2018-10-19-at-1.58.28-PM-1024x680.jpeg\" class=\"attachment-large size-large\" alt=\"\" srcset=\"https:\/\/www.porlalibreedomex.com\/wp-content\/uploads\/2018\/10\/WhatsApp-Image-2018-10-19-at-1.58.28-PM-1024x680.jpeg 1024w, https:\/\/www.porlalibreedomex.com\/wp-content\/uploads\/2018\/10\/WhatsApp-Image-2018-10-19-at-1.58.28-PM-300x199.jpeg 300w, https:\/\/www.porlalibreedomex.com\/wp-content\/uploads\/2018\/10\/WhatsApp-Image-2018-10-19-at-1.58.28-PM-768x510.jpeg 768w, https:\/\/www.porlalibreedomex.com\/wp-content\/uploads\/2018\/10\/WhatsApp-Image-2018-10-19-at-1.58.28-PM.jpeg 1280w\" sizes=\"auto, (max-width: 696px) 100vw, 696px\" \/><\/a>\n\t\t\t<\/div><\/figure><figure class='gallery-item'>\n\t\t\t<div class='gallery-icon landscape'>\n\t\t\t\t<a href='https:\/\/www.porlalibreedomex.com\/?attachment_id=26294'><img loading=\"lazy\" decoding=\"async\" width=\"696\" height=\"662\" src=\"https:\/\/www.porlalibreedomex.com\/wp-content\/uploads\/2018\/10\/WhatsApp-Image-2018-10-19-at-1.58.27-PM-1024x974.jpeg\" class=\"attachment-large size-large\" alt=\"\" srcset=\"https:\/\/www.porlalibreedomex.com\/wp-content\/uploads\/2018\/10\/WhatsApp-Image-2018-10-19-at-1.58.27-PM-1024x974.jpeg 1024w, https:\/\/www.porlalibreedomex.com\/wp-content\/uploads\/2018\/10\/WhatsApp-Image-2018-10-19-at-1.58.27-PM-300x285.jpeg 300w, https:\/\/www.porlalibreedomex.com\/wp-content\/uploads\/2018\/10\/WhatsApp-Image-2018-10-19-at-1.58.27-PM-768x731.jpeg 768w, https:\/\/www.porlalibreedomex.com\/wp-content\/uploads\/2018\/10\/WhatsApp-Image-2018-10-19-at-1.58.27-PM.jpeg 1280w\" sizes=\"auto, (max-width: 696px) 100vw, 696px\" \/><\/a>\n\t\t\t<\/div><\/figure>\n\t\t<\/div>\n\n<p>Por su parte, Alejandrina V\u00e1zquez Arroyo, Responsable estatal del Programa de C\u00e1ncer para la Mujer, asegur\u00f3 que la detecci\u00f3n oportuna es la piedra angular para luchar contra esta enfermedad, por lo que invit\u00f3 a las mujeres a conocer la triada de detecci\u00f3n: autoexploraci\u00f3n mamaria, exploraci\u00f3n cl\u00ednica mamaria y mastograf\u00eda a partir de los 40 a\u00f1os de edad, acciones con las que se puede reducir la tasa de mortalidad asociada a este padecimiento.<\/p>\n<p>De igual forma, agradeci\u00f3 la colaboraci\u00f3n humanitaria del DIFEM y el Voluntariado del ISEM por la donaci\u00f3n de pelucas oncol\u00f3gicas que contribuyen a fortalecer el autoestima de las pacientes, as\u00ed como las cirug\u00edas de reconstrucci\u00f3n mamaria que realiza la \u201cFundaci\u00f3n Alma\u201d<\/p>\n","protected":false},"excerpt":{"rendered":"<p>&nbsp; Otorga un ultrasonido especializado al Centro M\u00e9dico Adolfo L\u00f3pez Mateos en Toluca. Informa mandatario estatal que se construye un Centro Oncol\u00f3gico en Ecatepec y se entregan pelucas oncol\u00f3gicas, pr\u00f3tesis externas y vales para reconstrucci\u00f3n mamaria. Nezahualc\u00f3yotl, Estado de M\u00e9xico, 19 de octubre de 2018. En el marco del D\u00eda Mundial de la Lucha Contra [&hellip;]<\/p>\n","protected":false},"author":3,"featured_media":26293,"comment_status":"open","ping_status":"open","sticky":false,"template":"","format":"standard","meta":{"footnotes":""},"categories":[9157,16,9209,7549],"tags":[475,3065,12489,12490,12487],"class_list":{"0":"post-26292","1":"post","2":"type-post","3":"status-publish","4":"format-standard","5":"has-post-thumbnail","7":"category-edomex","8":"category-foto","9":"category-salud","10":"category-video","11":"tag-cancer-de-mama","12":"tag-dia-contra-el-cancer-de-mama","13":"tag-entrega-de-equipo","14":"tag-gobernador-mexiquense","15":"tag-mastografos"},"wps_subtitle":"Mast\u00f3grafos para los hospitales de Nezahualc\u00f3yotl, Texcoco, Amecameca y Atizap\u00e1n de Zaragoza","_links":{"self":[{"href":"https:\/\/www.porlalibreedomex.com\/index.php?rest_route=\/wp\/v2\/posts\/26292","targetHints":{"allow":["GET"]}}],"collection":[{"href":"https:\/\/www.porlalibreedomex.com\/index.php?rest_route=\/wp\/v2\/posts"}],"about":[{"href":"https:\/\/www.porlalibreedomex.com\/index.php?rest_route=\/wp\/v2\/types\/post"}],"author":[{"embeddable":true,"href":"https:\/\/www.porlalibreedomex.com\/index.php?rest_route=\/wp\/v2\/users\/3"}],"replies":[{"embeddable":true,"href":"https:\/\/www.porlalibreedomex.com\/index.php?rest_route=%2Fwp%2Fv2%2Fcomments&post=26292"}],"version-history":[{"count":3,"href":"https:\/\/www.porlalibreedomex.com\/index.php?rest_route=\/wp\/v2\/posts\/26292\/revisions"}],"predecessor-version":[{"id":26300,"href":"https:\/\/www.porlalibreedomex.com\/index.php?rest_route=\/wp\/v2\/posts\/26292\/revisions\/26300"}],"wp:featuredmedia":[{"embeddable":true,"href":"https:\/\/www.porlalibreedomex.com\/index.php?rest_route=\/wp\/v2\/media\/26293"}],"wp:attachment":[{"href":"https:\/\/www.porlalibreedomex.com\/index.php?rest_route=%2Fwp%2Fv2%2Fmedia&parent=26292"}],"wp:term":[{"taxonomy":"category","embeddable":true,"href":"https:\/\/www.porlalibreedomex.com\/index.php?rest_route=%2Fwp%2Fv2%2Fcategories&post=26292"},{"taxonomy":"post_tag","embeddable":true,"href":"https:\/\/www.porlalibreedomex.com\/index.php?rest_route=%2Fwp%2Fv2%2Ftags&post=26292"}],"curies":[{"name":"wp","href":"https:\/\/api.w.org\/{rel}","templated":true}]}}