{"id":26289,"date":"2018-10-19T23:51:07","date_gmt":"2018-10-20T04:51:07","guid":{"rendered":"http:\/\/www.porlalibreedomex.com\/?p=26289"},"modified":"2018-10-19T23:51:07","modified_gmt":"2018-10-20T04:51:07","slug":"busca-secretaria-de-comunicaciones-certificacion-en-equidad-de-genero-y-no-discriminacion","status":"publish","type":"post","link":"https:\/\/www.porlalibreedomex.com\/?p=26289","title":{"rendered":"BUSCA SECRETAR\u00cdA DE COMUNICACIONES CERTIFICACI\u00d3N EN EQUIDAD DE G\u00c9NERO Y NO DISCRIMINACI\u00d3N"},"content":{"rendered":"<p>&nbsp;<\/p>\n<p>\u2022 O<em><strong>rganiza evento de Deporte Adaptado para sensibilizar a servidores p\u00fablicos y sus familias sobre la movilidad de personas con discapacidad.<\/strong><\/em><br \/>\n<em><strong>\u2022 Imparte, a trav\u00e9s de su Unidad de Igualdad de G\u00e9nero, cursos y talleres a servidores p\u00fablicos y directivos, como parte del proceso de certificaci\u00f3n.<\/strong><\/em><\/p>\n<p><strong>Toluca, Estado de M\u00e9xico, 19 de octubre del 2018.<\/strong> En su proceso para conseguir la certificaci\u00f3n en la Norma Mexicana de No Discriminaci\u00f3n y Clima Laboral, la Secretar\u00eda de Comunicaciones (Secom) realizar\u00e1 este s\u00e1bado un encuentro de deporte adaptado denominado \u201cConociendo Nuevos Mundos\u201d.<\/p>\n<p>El titular de la Unidad de G\u00e9nero de la dependencia, Juan Manuel Jaimes, inform\u00f3 que el evento se realizar\u00e1 en coordinaci\u00f3n con la Secretar\u00eda de Cultura y organismos como la Junta de Caminos del Estado de M\u00e9xico (JCEM), el Sistema de Transporte Masivo y Telef\u00e9rico (Sitramytem), y el Sistema de Autopistas, Aeropuertos, Servicios Conexos y Auxiliares de la entidad (SAASCAEM).<\/p>\n<p>En las actividades est\u00e1n convocados tambi\u00e9n familiares de servidores p\u00fablicos, con el objetivo de sensibilizarlos sobre la no discriminaci\u00f3n y la inclusi\u00f3n familiar en el entorno laboral.<\/p>\n<p>Los asistentes podr\u00e1n convivir y realizar actividades con personas con discapacidad motriz o visual, para conocer la manera en que integrantes de este sector enfrentan los obst\u00e1culos en su vida cotidiana.<\/p>\n<p>Durante el encuentro deportivo, que se realizar\u00e1 en la Ciudad Deportiva de Zinacantepec, se realizar\u00e1n actividades atl\u00e9ticas en silla de ruedas o con los ojos vendados, para que los participantes enfrenten los retos como los hacen los discapacitados.<\/p>\n<p>Jaimes explic\u00f3 que como parte del proceso de certificaci\u00f3n, la Secretar\u00eda de Comunicaciones y sus organismos auxiliares han realizado tambi\u00e9n una serie de talleres de capacitaci\u00f3n y sensibilizaci\u00f3n en equidad de g\u00e9nero e inclusi\u00f3n laboral, acciones que esta ocasi\u00f3n se compartir\u00e1n con las familias de las y los servidores p\u00fablicos.<\/p>\n<p>Durante el encuentro \u201cConociendo Nuevos Mundos\u201d, adem\u00e1s del personal de las secretar\u00edas de Comunicaciones y Cultura, se prev\u00e9 la participaci\u00f3n de alumnos del Centro de Atenci\u00f3n M\u00faltiple (CAM) 2 del Valle de Toluca.<\/p>\n<p>As\u00ed, familiares y servidores p\u00fablicos convivir\u00e1n con los estudiantes del CAM, quienes les compartir\u00e1n sus experiencias sobre c\u00f3mo realizan sus actividades cotidianas de la manera m\u00e1s normal posible, desafiando a su discapacidad.<\/p>\n<p>En el evento se tendr\u00e1 adem\u00e1s el respaldo del Departamento de Deporte Adaptado Social de la Secretar\u00eda de Cultura.<\/p>\n","protected":false},"excerpt":{"rendered":"<p>&nbsp; \u2022 Organiza evento de Deporte Adaptado para sensibilizar a servidores p\u00fablicos y sus familias sobre la movilidad de personas con discapacidad. \u2022 Imparte, a trav\u00e9s de su Unidad de Igualdad de G\u00e9nero, cursos y talleres a servidores p\u00fablicos y directivos, como parte del proceso de certificaci\u00f3n. Toluca, Estado de M\u00e9xico, 19 de octubre del [&hellip;]<\/p>\n","protected":false},"author":3,"featured_media":26290,"comment_status":"open","ping_status":"open","sticky":false,"template":"","format":"standard","meta":{"footnotes":""},"categories":[12273,9157,16],"tags":[12486,6446,10200,8317],"class_list":{"0":"post-26289","1":"post","2":"type-post","3":"status-publish","4":"format-standard","5":"has-post-thumbnail","7":"category-comunicaciones-y-transportes","8":"category-edomex","9":"category-foto","10":"tag-certificado-de-equidad","11":"tag-no-discriminacion","12":"tag-secretaria-de-comunicaciones","13":"tag-torneo-de-clausura-2017"},"wps_subtitle":"","_links":{"self":[{"href":"https:\/\/www.porlalibreedomex.com\/index.php?rest_route=\/wp\/v2\/posts\/26289","targetHints":{"allow":["GET"]}}],"collection":[{"href":"https:\/\/www.porlalibreedomex.com\/index.php?rest_route=\/wp\/v2\/posts"}],"about":[{"href":"https:\/\/www.porlalibreedomex.com\/index.php?rest_route=\/wp\/v2\/types\/post"}],"author":[{"embeddable":true,"href":"https:\/\/www.porlalibreedomex.com\/index.php?rest_route=\/wp\/v2\/users\/3"}],"replies":[{"embeddable":true,"href":"https:\/\/www.porlalibreedomex.com\/index.php?rest_route=%2Fwp%2Fv2%2Fcomments&post=26289"}],"version-history":[{"count":1,"href":"https:\/\/www.porlalibreedomex.com\/index.php?rest_route=\/wp\/v2\/posts\/26289\/revisions"}],"predecessor-version":[{"id":26291,"href":"https:\/\/www.porlalibreedomex.com\/index.php?rest_route=\/wp\/v2\/posts\/26289\/revisions\/26291"}],"wp:featuredmedia":[{"embeddable":true,"href":"https:\/\/www.porlalibreedomex.com\/index.php?rest_route=\/wp\/v2\/media\/26290"}],"wp:attachment":[{"href":"https:\/\/www.porlalibreedomex.com\/index.php?rest_route=%2Fwp%2Fv2%2Fmedia&parent=26289"}],"wp:term":[{"taxonomy":"category","embeddable":true,"href":"https:\/\/www.porlalibreedomex.com\/index.php?rest_route=%2Fwp%2Fv2%2Fcategories&post=26289"},{"taxonomy":"post_tag","embeddable":true,"href":"https:\/\/www.porlalibreedomex.com\/index.php?rest_route=%2Fwp%2Fv2%2Ftags&post=26289"}],"curies":[{"name":"wp","href":"https:\/\/api.w.org\/{rel}","templated":true}]}}