{"id":26286,"date":"2018-10-19T23:44:06","date_gmt":"2018-10-20T04:44:06","guid":{"rendered":"http:\/\/www.porlalibreedomex.com\/?p=26286"},"modified":"2018-10-19T23:44:06","modified_gmt":"2018-10-20T04:44:06","slug":"propuesta-academica-competitiva-y-reconocida-a-nivel-nacional-propone-antropologia-de-la-uaem","status":"publish","type":"post","link":"https:\/\/www.porlalibreedomex.com\/?p=26286","title":{"rendered":"PROPUESTA ACAD\u00c9MICA COMPETITIVA Y RECONOCIDA A NIVEL NACIONAL, PROPONE ANTROPOLOG\u00cdA DE LA UAEM"},"content":{"rendered":"<p style=\"font-weight: 400;\"><strong>\u00a0<\/strong><\/p>\n<ul>\n<li style=\"font-weight: 400;\"><em>La Licenciatura en Antropolog\u00eda Social se cre\u00f3 en 1977, la Escuela de Antropolog\u00eda en 1987 y la Facultad de Antropolog\u00eda en 1995.<\/em><\/li>\n<\/ul>\n<p style=\"font-weight: 400;\"><em>\u00a0<\/em><\/p>\n<p style=\"font-weight: 400;\"><strong>Toluca, M\u00e9xico, 19 de octubre de 2018.<\/strong>\u00a0La Facultad de Antropolog\u00eda de la Universidad Aut\u00f3noma del Estado de M\u00e9xico celebra el 41 aniversario de su fundaci\u00f3n con una propuesta acad\u00e9mica de licenciatura y posgrado diversa, competitiva y reconocida a nivel nacional, asever\u00f3 el director de este organismo, Ignacio Medina Alegr\u00eda.<\/p>\n<p style=\"font-weight: 400;\">Durante la ceremonia conmemorativa al aniversario de la Facultad, que encabez\u00f3 la secretaria de Rector\u00eda de la UAEM, Jannet Valero Vilchis, el directivo destac\u00f3 que la excelencia acad\u00e9mica permiti\u00f3 la acreditaci\u00f3n de la Licenciatura en Antropolog\u00eda Social, por parte de la Asociaci\u00f3n para la Acreditaci\u00f3n y Certificaci\u00f3n en Ciencias Sociales (ACCECISO) en 2007, la reacreditaci\u00f3n en 2013 y que durante este a\u00f1o se encuentre en evaluaci\u00f3n para obtener el reconocimiento por cinco a\u00f1os m\u00e1s.<\/p>\n<p style=\"font-weight: 400;\">En la actualidad, precis\u00f3, la Facultad cuenta con una matr\u00edcula de 401 alumnos y 58 docentes, de los cuales, 19 son de tiempo completo y de ellos, 12 tienen el grado de doctor y siete concluyeron sus estudios de doctorado; adem\u00e1s, tiene un maestro de medio tiempo, dos t\u00e9cnicos acad\u00e9micos de medio tiempo y 36 de asignatura.<\/p>\n<p style=\"font-weight: 400;\">Medina Alegr\u00eda indic\u00f3 que, de los 19 docentes de tiempo completo de la Facultad, cinco pertenecen al Sistema Nacional de Investigadores (SNI) del Consejo Nacional de Ciencia y Tecnolog\u00eda (CONACyT) y 14 tienen el perfil deseable en el Programa para el Desarrollo Docente de la Secretar\u00eda de Educaci\u00f3n P\u00fablica.<\/p>\n<p style=\"font-weight: 400;\">Luego de entregar reconocimientos a estudiantes, docentes y administrativos destacados, Jannet Valero puntualiz\u00f3 la importancia del estudio de la Antropolog\u00eda, debido a que permite comprender la complejidad del ser humano. \u201cLa Antropolog\u00eda es fundamental en el estudio de los estilos de vida de la humanidad\u201d.<\/p>\n<p style=\"font-weight: 400;\">Antes, el cronista H\u00e9ctor Hern\u00e1ndez Gonz\u00e1lez refiri\u00f3 que la Licenciatura en Antropolog\u00eda Social se cre\u00f3 en 1977, la Escuela de Antropolog\u00eda en 1987 y la Facultad de Antropolog\u00eda.<\/p>\n","protected":false},"excerpt":{"rendered":"<p>\u00a0 La Licenciatura en Antropolog\u00eda Social se cre\u00f3 en 1977, la Escuela de Antropolog\u00eda en 1987 y la Facultad de Antropolog\u00eda en 1995. \u00a0 Toluca, M\u00e9xico, 19 de octubre de 2018.\u00a0La Facultad de Antropolog\u00eda de la Universidad Aut\u00f3noma del Estado de M\u00e9xico celebra el 41 aniversario de su fundaci\u00f3n con una propuesta acad\u00e9mica de licenciatura [&hellip;]<\/p>\n","protected":false},"author":3,"featured_media":26287,"comment_status":"open","ping_status":"open","sticky":false,"template":"","format":"standard","meta":{"footnotes":""},"categories":[9148,16],"tags":[12484,12485,2459,6252],"class_list":{"0":"post-26286","1":"post","2":"type-post","3":"status-publish","4":"format-standard","5":"has-post-thumbnail","7":"category-educacion","8":"category-foto","9":"tag-aniversario-facultad-antropologia","10":"tag-antropologia-uaem","11":"tag-ignacio-medina-alegria","12":"tag-jannet-valero-vilchis"},"wps_subtitle":"Cumpli\u00f3 41 a\u00f1os de existencia la Facultad","_links":{"self":[{"href":"https:\/\/www.porlalibreedomex.com\/index.php?rest_route=\/wp\/v2\/posts\/26286","targetHints":{"allow":["GET"]}}],"collection":[{"href":"https:\/\/www.porlalibreedomex.com\/index.php?rest_route=\/wp\/v2\/posts"}],"about":[{"href":"https:\/\/www.porlalibreedomex.com\/index.php?rest_route=\/wp\/v2\/types\/post"}],"author":[{"embeddable":true,"href":"https:\/\/www.porlalibreedomex.com\/index.php?rest_route=\/wp\/v2\/users\/3"}],"replies":[{"embeddable":true,"href":"https:\/\/www.porlalibreedomex.com\/index.php?rest_route=%2Fwp%2Fv2%2Fcomments&post=26286"}],"version-history":[{"count":1,"href":"https:\/\/www.porlalibreedomex.com\/index.php?rest_route=\/wp\/v2\/posts\/26286\/revisions"}],"predecessor-version":[{"id":26288,"href":"https:\/\/www.porlalibreedomex.com\/index.php?rest_route=\/wp\/v2\/posts\/26286\/revisions\/26288"}],"wp:featuredmedia":[{"embeddable":true,"href":"https:\/\/www.porlalibreedomex.com\/index.php?rest_route=\/wp\/v2\/media\/26287"}],"wp:attachment":[{"href":"https:\/\/www.porlalibreedomex.com\/index.php?rest_route=%2Fwp%2Fv2%2Fmedia&parent=26286"}],"wp:term":[{"taxonomy":"category","embeddable":true,"href":"https:\/\/www.porlalibreedomex.com\/index.php?rest_route=%2Fwp%2Fv2%2Fcategories&post=26286"},{"taxonomy":"post_tag","embeddable":true,"href":"https:\/\/www.porlalibreedomex.com\/index.php?rest_route=%2Fwp%2Fv2%2Ftags&post=26286"}],"curies":[{"name":"wp","href":"https:\/\/api.w.org\/{rel}","templated":true}]}}