{"id":26112,"date":"2018-10-11T01:29:32","date_gmt":"2018-10-11T06:29:32","guid":{"rendered":"http:\/\/www.porlalibreedomex.com\/?p=26112"},"modified":"2018-10-12T01:29:55","modified_gmt":"2018-10-12T06:29:55","slug":"continua-en-metepec-programa-de-prevencion-mochila-segura","status":"publish","type":"post","link":"https:\/\/www.porlalibreedomex.com\/?p=26112","title":{"rendered":"CONTIN\u00daA EN METEPEC PROGRAMA DE PREVENCI\u00d3N: MOCHILA SEGURA"},"content":{"rendered":"<p align=\"right\"><strong>\u00a0<\/strong><\/p>\n<p align=\"center\"><strong>\u00a0<\/strong><\/p>\n<p><strong>Pueblo M\u00e1gico de Metepec, M\u00e9xico; 11 de octubre de 2018.\u00a0<\/strong>Con el objetivo de prevenir accidentes, fomentar la convivencia escolar y promover la integridad de estudiantes de Metepec, el gobierno municipal a trav\u00e9s de la corporaci\u00f3n de polic\u00eda y la Direcci\u00f3n de Educaci\u00f3n, en coordinaci\u00f3n con la Secretar\u00eda de Seguridad de la entidad, se lleva a cabo de forma permanente el programa Mochila Segura.<\/p>\n<p>A solicitud de autoridades educativas y padres de familia, las autoridades, con la presencia de la Defensor\u00eda de Derechos Humanos de la localidad, se realiza el ejercicio que contribuye a generar un ambiente saludable entre la comunidad estudiantil.<\/p>\n<p>A la fecha 65 escuelas p\u00fablicas de la demarcaci\u00f3n han participado en este programa favoreciendo a m\u00e1s de mil 700 alumnos. Cabe se\u00f1alar que padres de familia han mostrado inter\u00e9s por continuar con el ejercicio de prevenci\u00f3n de conductas antisociales.<\/p>\n<p>&nbsp;<\/p>\n","protected":false},"excerpt":{"rendered":"<p>\u00a0 \u00a0 Pueblo M\u00e1gico de Metepec, M\u00e9xico; 11 de octubre de 2018.\u00a0Con el objetivo de prevenir accidentes, fomentar la convivencia escolar y promover la integridad de estudiantes de Metepec, el gobierno municipal a trav\u00e9s de la corporaci\u00f3n de polic\u00eda y la Direcci\u00f3n de Educaci\u00f3n, en coordinaci\u00f3n con la Secretar\u00eda de Seguridad de la entidad, se [&hellip;]<\/p>\n","protected":false},"author":3,"featured_media":26113,"comment_status":"open","ping_status":"open","sticky":false,"template":"","format":"standard","meta":{"footnotes":""},"categories":[9148,16],"tags":[12395],"class_list":{"0":"post-26112","1":"post","2":"type-post","3":"status-publish","4":"format-standard","5":"has-post-thumbnail","7":"category-educacion","8":"category-foto","9":"tag-mochila-segura-en-metepec"},"wps_subtitle":"A solicitud de autoridades educativas y padres de familia...","_links":{"self":[{"href":"https:\/\/www.porlalibreedomex.com\/index.php?rest_route=\/wp\/v2\/posts\/26112","targetHints":{"allow":["GET"]}}],"collection":[{"href":"https:\/\/www.porlalibreedomex.com\/index.php?rest_route=\/wp\/v2\/posts"}],"about":[{"href":"https:\/\/www.porlalibreedomex.com\/index.php?rest_route=\/wp\/v2\/types\/post"}],"author":[{"embeddable":true,"href":"https:\/\/www.porlalibreedomex.com\/index.php?rest_route=\/wp\/v2\/users\/3"}],"replies":[{"embeddable":true,"href":"https:\/\/www.porlalibreedomex.com\/index.php?rest_route=%2Fwp%2Fv2%2Fcomments&post=26112"}],"version-history":[{"count":2,"href":"https:\/\/www.porlalibreedomex.com\/index.php?rest_route=\/wp\/v2\/posts\/26112\/revisions"}],"predecessor-version":[{"id":26115,"href":"https:\/\/www.porlalibreedomex.com\/index.php?rest_route=\/wp\/v2\/posts\/26112\/revisions\/26115"}],"wp:featuredmedia":[{"embeddable":true,"href":"https:\/\/www.porlalibreedomex.com\/index.php?rest_route=\/wp\/v2\/media\/26113"}],"wp:attachment":[{"href":"https:\/\/www.porlalibreedomex.com\/index.php?rest_route=%2Fwp%2Fv2%2Fmedia&parent=26112"}],"wp:term":[{"taxonomy":"category","embeddable":true,"href":"https:\/\/www.porlalibreedomex.com\/index.php?rest_route=%2Fwp%2Fv2%2Fcategories&post=26112"},{"taxonomy":"post_tag","embeddable":true,"href":"https:\/\/www.porlalibreedomex.com\/index.php?rest_route=%2Fwp%2Fv2%2Ftags&post=26112"}],"curies":[{"name":"wp","href":"https:\/\/api.w.org\/{rel}","templated":true}]}}