{"id":26102,"date":"2018-10-11T01:09:14","date_gmt":"2018-10-11T06:09:14","guid":{"rendered":"http:\/\/www.porlalibreedomex.com\/?p=26102"},"modified":"2018-10-12T01:11:21","modified_gmt":"2018-10-12T06:11:21","slug":"listos-los-escenarios-para-quimera-2018-en-metepec","status":"publish","type":"post","link":"https:\/\/www.porlalibreedomex.com\/?p=26102","title":{"rendered":"LISTOS LOS ESCENARIOS PARA QUIMERA 2018\u00a0EN METEPEC"},"content":{"rendered":"<ul>\n<li><em>\u00a0La Plaza Benito Ju\u00e1rez, las escalinatas del Calvario, el Teatro Quimera y Museo del Barro, ser\u00e1n algunos de los\u00a0foros para las actividades culturales.<\/em><\/li>\n<li><em>\u00a0El Festival tambi\u00e9n llegar\u00e1 a las Casas de Cultura.<\/em><\/li>\n<\/ul>\n<p>&nbsp;<\/p>\n<p>&nbsp;<\/p>\n<p><strong>Pueblo M\u00e1gico de Metepec, M\u00e9xico; 10 de octubre de 2018.<\/strong>\u00a0El gobierno de Metepec lleva a cabo la instalaci\u00f3n de escenarios para las m\u00e1s de 250 actividades que integran el Festival Internacional de Arte y Cultura Quimera 2018.<\/p>\n<p>Ser\u00e1n la Plaza Benito Ju\u00e1rez y las escalinatas del Calvario, los foros principales para que vecinos y visitantes disfruten del talento de mil 600 artistas locales, nacionales y de 22 pa\u00edses, siendo Francia la naci\u00f3n invitada en esta edici\u00f3n.<\/p>\n<p>Adem\u00e1s, el Teatro Quimera, el Museo del Barro (auditorio y lobby), el Ex Convento y la Parroquia de San Juan Bautista, as\u00ed como las Casas de Cultura: Margarita Garc\u00eda Luna, Carlos Olvera, Enrique B\u00e1tiz y Leopoldo Flores Vald\u00e9s, ser\u00e1n foros en donde el p\u00fablico podr\u00e1 contemplar las diferentes exposiciones, puestas en escena, recitales de poes\u00eda y\u00a0presentaciones de libros, entre otras actividades.<\/p>\n<figure id=\"attachment_26104\" aria-describedby=\"caption-attachment-26104\" style=\"width: 1280px\" class=\"wp-caption aligncenter\"><a href=\"http:\/\/www.porlalibreedomex.com\/wp-content\/uploads\/2018\/10\/Todo-listo-para-iniciar-el-Festival-de-Arte-y-Cultura.jpg\"><img loading=\"lazy\" decoding=\"async\" class=\"size-full wp-image-26104\" src=\"http:\/\/www.porlalibreedomex.com\/wp-content\/uploads\/2018\/10\/Todo-listo-para-iniciar-el-Festival-de-Arte-y-Cultura.jpg\" alt=\"\" width=\"1280\" height=\"720\" srcset=\"https:\/\/www.porlalibreedomex.com\/wp-content\/uploads\/2018\/10\/Todo-listo-para-iniciar-el-Festival-de-Arte-y-Cultura.jpg 1280w, https:\/\/www.porlalibreedomex.com\/wp-content\/uploads\/2018\/10\/Todo-listo-para-iniciar-el-Festival-de-Arte-y-Cultura-300x169.jpg 300w, https:\/\/www.porlalibreedomex.com\/wp-content\/uploads\/2018\/10\/Todo-listo-para-iniciar-el-Festival-de-Arte-y-Cultura-768x432.jpg 768w, https:\/\/www.porlalibreedomex.com\/wp-content\/uploads\/2018\/10\/Todo-listo-para-iniciar-el-Festival-de-Arte-y-Cultura-1024x576.jpg 1024w\" sizes=\"auto, (max-width: 1280px) 100vw, 1280px\" \/><\/a><figcaption id=\"caption-attachment-26104\" class=\"wp-caption-text\">El equipo del alcalde David L\u00f3pez, comenzando por el director de Cultura Rodrigo Flores Sant\u00edn y el Comisario Juan Alberto Ram\u00edrez Manzur, se report\u00f3 listo para el inicio del Festival de Arte y Cultura Quimera 2018.<\/figcaption><\/figure>\n<p>Todos los recintos contar\u00e1n con medidas de Protecci\u00f3n Civil y seguridad. Cabe destacar que la totalidad de los eventos son gratuitos, con la intenci\u00f3n de acercar la cultura a la sociedad.<\/p>\n","protected":false},"excerpt":{"rendered":"<p>\u00a0La Plaza Benito Ju\u00e1rez, las escalinatas del Calvario, el Teatro Quimera y Museo del Barro, ser\u00e1n algunos de los\u00a0foros para las actividades culturales. \u00a0El Festival tambi\u00e9n llegar\u00e1 a las Casas de Cultura. &nbsp; &nbsp; Pueblo M\u00e1gico de Metepec, M\u00e9xico; 10 de octubre de 2018.\u00a0El gobierno de Metepec lleva a cabo la instalaci\u00f3n de escenarios para [&hellip;]<\/p>\n","protected":false},"author":3,"featured_media":26103,"comment_status":"open","ping_status":"open","sticky":false,"template":"","format":"standard","meta":{"footnotes":""},"categories":[9873,16,9147],"tags":[7717,2806,3100,11822,12394,10434,5992],"class_list":{"0":"post-26102","1":"post","2":"type-post","3":"status-publish","4":"format-standard","5":"has-post-thumbnail","7":"category-cultura","8":"category-foto","9":"category-turismo","10":"tag-concierto-de-la-osem-en-quimera","11":"tag-david-lopez-cardenas","12":"tag-festival-de-arte-y-cultura","13":"tag-festival-quimera-2018","14":"tag-juan-alberto-ramirez-manzur","15":"tag-osem","16":"tag-rodrigo-flores-santin"},"wps_subtitle":"Todos los eventos son gratuitos, para acercar la cultura a la sociedad.","_links":{"self":[{"href":"https:\/\/www.porlalibreedomex.com\/index.php?rest_route=\/wp\/v2\/posts\/26102","targetHints":{"allow":["GET"]}}],"collection":[{"href":"https:\/\/www.porlalibreedomex.com\/index.php?rest_route=\/wp\/v2\/posts"}],"about":[{"href":"https:\/\/www.porlalibreedomex.com\/index.php?rest_route=\/wp\/v2\/types\/post"}],"author":[{"embeddable":true,"href":"https:\/\/www.porlalibreedomex.com\/index.php?rest_route=\/wp\/v2\/users\/3"}],"replies":[{"embeddable":true,"href":"https:\/\/www.porlalibreedomex.com\/index.php?rest_route=%2Fwp%2Fv2%2Fcomments&post=26102"}],"version-history":[{"count":3,"href":"https:\/\/www.porlalibreedomex.com\/index.php?rest_route=\/wp\/v2\/posts\/26102\/revisions"}],"predecessor-version":[{"id":26107,"href":"https:\/\/www.porlalibreedomex.com\/index.php?rest_route=\/wp\/v2\/posts\/26102\/revisions\/26107"}],"wp:featuredmedia":[{"embeddable":true,"href":"https:\/\/www.porlalibreedomex.com\/index.php?rest_route=\/wp\/v2\/media\/26103"}],"wp:attachment":[{"href":"https:\/\/www.porlalibreedomex.com\/index.php?rest_route=%2Fwp%2Fv2%2Fmedia&parent=26102"}],"wp:term":[{"taxonomy":"category","embeddable":true,"href":"https:\/\/www.porlalibreedomex.com\/index.php?rest_route=%2Fwp%2Fv2%2Fcategories&post=26102"},{"taxonomy":"post_tag","embeddable":true,"href":"https:\/\/www.porlalibreedomex.com\/index.php?rest_route=%2Fwp%2Fv2%2Ftags&post=26102"}],"curies":[{"name":"wp","href":"https:\/\/api.w.org\/{rel}","templated":true}]}}