{"id":26080,"date":"2018-10-10T02:40:39","date_gmt":"2018-10-10T07:40:39","guid":{"rendered":"http:\/\/www.porlalibreedomex.com\/?p=26080"},"modified":"2018-10-11T02:40:57","modified_gmt":"2018-10-11T07:40:57","slug":"precisa-organismo-de-agua-que-a-metepec-no-le-afectaran-trabajos-del-cutzamala","status":"publish","type":"post","link":"https:\/\/www.porlalibreedomex.com\/?p=26080","title":{"rendered":"PRECISA ORGANISMO DE AGUA, QUE A METEPEC NO LE AFECTAR\u00c1N TRABAJOS DEL CUTZAMALA"},"content":{"rendered":"<p>&nbsp;<\/p>\n<p><strong>\u00a0<\/strong><\/p>\n<p><strong>Pueblo M\u00e1gico de Metepec, M\u00e9xico; 10 de octubre de 2018.\u00a0<\/strong>Tras el anuncio oficial de la suspensi\u00f3n del servicio de distribuci\u00f3n de agua potable del 31 de octubre al 4 de noviembre por trabajos de mantenimiento del Sistema Cutzamala, el Organismo de Agua de Metepec, precis\u00f3 que el municipio no se ver\u00e1 afectado, pues la fuente de abastecimiento es de pozos profundos que son ajenos al sistema h\u00eddrico que alimenta a varias demarcaciones de esta entidad y de la Ciudad de M\u00e9xico.<\/p>\n<p>El Organismo P\u00fablico Descentralizado para la Prestaci\u00f3n de los Servicios de Agua Potable, Alcantarillado y Saneamiento (OPDAPAS) de Metepec, aclar\u00f3 que las acciones que llevar\u00e1 a cabo la Comisi\u00f3n Nacional del Agua (CONAGUA), no repercutir\u00e1n en el abastecimiento del vital l\u00edquido en el municipio, toda vez que el Sistema Cutzamala es independiente.<a href=\"http:\/\/www.porlalibreedomex.com\/wp-content\/uploads\/2018\/10\/ABASTO-DE-AGUA-NORMAL-EN-METEPEC.jpg\"><img loading=\"lazy\" decoding=\"async\" class=\"aligncenter size-full wp-image-26081\" src=\"http:\/\/www.porlalibreedomex.com\/wp-content\/uploads\/2018\/10\/ABASTO-DE-AGUA-NORMAL-EN-METEPEC.jpg\" alt=\"\" width=\"800\" height=\"600\" srcset=\"https:\/\/www.porlalibreedomex.com\/wp-content\/uploads\/2018\/10\/ABASTO-DE-AGUA-NORMAL-EN-METEPEC.jpg 800w, https:\/\/www.porlalibreedomex.com\/wp-content\/uploads\/2018\/10\/ABASTO-DE-AGUA-NORMAL-EN-METEPEC-300x225.jpg 300w, https:\/\/www.porlalibreedomex.com\/wp-content\/uploads\/2018\/10\/ABASTO-DE-AGUA-NORMAL-EN-METEPEC-768x576.jpg 768w\" sizes=\"auto, (max-width: 800px) 100vw, 800px\" \/><\/a><\/p>\n<p>A pesar de que Metepec no se ver\u00e1 afectado por los cortes, el OPDAPAS invit\u00f3 a la ciudadan\u00eda, utilizar de forma permanente el agua con responsabilidad, reparar fugas en el interior de los hogares y comercios, as\u00ed como reportar desperdicio y fugas en la v\u00eda p\u00fablica.<\/p>\n<p>Para mayor informaci\u00f3n, el Organismo dispone de las siguientes v\u00edas de contacto: en Facebook: Opdapas de Metepec; Twitter: @MetepecOpdapas y en la l\u00ednea telef\u00f3nica: 208 89 35.<\/p>\n","protected":false},"excerpt":{"rendered":"<p>&nbsp; \u00a0 Pueblo M\u00e1gico de Metepec, M\u00e9xico; 10 de octubre de 2018.\u00a0Tras el anuncio oficial de la suspensi\u00f3n del servicio de distribuci\u00f3n de agua potable del 31 de octubre al 4 de noviembre por trabajos de mantenimiento del Sistema Cutzamala, el Organismo de Agua de Metepec, precis\u00f3 que el municipio no se ver\u00e1 afectado, pues [&hellip;]<\/p>\n","protected":false},"author":3,"featured_media":26082,"comment_status":"open","ping_status":"open","sticky":false,"template":"","format":"standard","meta":{"footnotes":""},"categories":[9146,9157],"tags":[12386,12387,2639],"class_list":{"0":"post-26080","1":"post","2":"type-post","3":"status-publish","4":"format-standard","5":"has-post-thumbnail","7":"category-economia","8":"category-edomex","9":"tag-abasto-de-agua","10":"tag-garantiza-metepec-el-agua","11":"tag-opdapas-metepec"},"wps_subtitle":"La distribuci\u00f3n de agua en el municipio no se suspender\u00e1","_links":{"self":[{"href":"https:\/\/www.porlalibreedomex.com\/index.php?rest_route=\/wp\/v2\/posts\/26080","targetHints":{"allow":["GET"]}}],"collection":[{"href":"https:\/\/www.porlalibreedomex.com\/index.php?rest_route=\/wp\/v2\/posts"}],"about":[{"href":"https:\/\/www.porlalibreedomex.com\/index.php?rest_route=\/wp\/v2\/types\/post"}],"author":[{"embeddable":true,"href":"https:\/\/www.porlalibreedomex.com\/index.php?rest_route=\/wp\/v2\/users\/3"}],"replies":[{"embeddable":true,"href":"https:\/\/www.porlalibreedomex.com\/index.php?rest_route=%2Fwp%2Fv2%2Fcomments&post=26080"}],"version-history":[{"count":1,"href":"https:\/\/www.porlalibreedomex.com\/index.php?rest_route=\/wp\/v2\/posts\/26080\/revisions"}],"predecessor-version":[{"id":26083,"href":"https:\/\/www.porlalibreedomex.com\/index.php?rest_route=\/wp\/v2\/posts\/26080\/revisions\/26083"}],"wp:featuredmedia":[{"embeddable":true,"href":"https:\/\/www.porlalibreedomex.com\/index.php?rest_route=\/wp\/v2\/media\/26082"}],"wp:attachment":[{"href":"https:\/\/www.porlalibreedomex.com\/index.php?rest_route=%2Fwp%2Fv2%2Fmedia&parent=26080"}],"wp:term":[{"taxonomy":"category","embeddable":true,"href":"https:\/\/www.porlalibreedomex.com\/index.php?rest_route=%2Fwp%2Fv2%2Fcategories&post=26080"},{"taxonomy":"post_tag","embeddable":true,"href":"https:\/\/www.porlalibreedomex.com\/index.php?rest_route=%2Fwp%2Fv2%2Ftags&post=26080"}],"curies":[{"name":"wp","href":"https:\/\/api.w.org\/{rel}","templated":true}]}}